{"id":1119796,"date":"2026-06-25T03:34:15","date_gmt":"2026-06-25T03:34:15","guid":{"rendered":"https:\/\/www.europesays.com\/de\/1119796\/"},"modified":"2026-06-25T03:34:15","modified_gmt":"2026-06-25T03:34:15","slug":"polizei-mehr-schutzauftraege-berliner-polizei-am-limit","status":"publish","type":"post","link":"https:\/\/www.europesays.com\/de\/1119796\/","title":{"rendered":"Polizei: Mehr Schutzauftr\u00e4ge: Berliner Polizei am Limit"},"content":{"rendered":"<p class=\"paragraph article__item\">Nach einer deutlichen Zunahme von Schusswaffenkriminalit\u00e4t gehen <a class=\"rtr-entity\" href=\"https:\/\/www.zeit.de\/thema\/polizei\" rel=\"nofollow noopener\" target=\"_blank\">Polizei<\/a> und Justiz in Berlin verst\u00e4rkt gegen organisierte Kriminalit\u00e4t vor. Zugleich gilt es, m\u00f6gliche Opfer zu sch\u00fctzen. Nach Angaben der Gewerkschaft der Polizei (GdP) tr\u00e4gt auch dies zu gro\u00dfen Personall\u00fccken bei. T\u00e4glich k\u00f6nnten 400 bis 500 Polizistinnen und Polizisten wegen kurzfristiger Schutzauftr\u00e4ge im Bereich des Objektschutzes nicht ihren eigentlichen Aufgaben nachgehen, hie\u00df es von GdP-Landeschef Stephan Weh.\u00a0\n<\/p>\n<p>Aktuelles<\/p>\n<p>                <a href=\"https:\/\/www.zeit.de\/gesellschaft\/2026-06\/goettingen-polizist-schuss-auseinandersetzung-gxe\" data-ct-label=\"Niedersachsen: Polizist in G\u00f6ttingen angeschossen \u2013 T\u00e4ter auf der Flucht\" data-uuid=\"885647ef-9ecd-4ada-8246-2072bc1c0e23\" rel=\"nofollow noopener\" target=\"_blank\"><\/p>\n<p>                        Niedersachsen:<br \/>\n                        Polizist in G\u00f6ttingen angeschossen \u2013 T\u00e4ter auf der Flucht<\/p>\n<p>                <\/a><\/p>\n<p>                <a href=\"https:\/\/www.zeit.de\/feuilleton\/2026-06\/ruecktritt-grossbritannien-keir-starmer-premierminister-labourpartei\" data-ct-label=\"R\u00fccktritt in Gro\u00dfbritannien: Live vom Hinterhof der Weltgeschichte\" data-uuid=\"0ab9c0ea-9443-4af8-a402-4f51edb1022e\" rel=\"nofollow noopener\" target=\"_blank\"><\/p>\n<p>        Z+ (abopflichtiger Inhalt);<\/p>\n<p>    R\u00fccktritt in Gro\u00dfbritannien:<br \/>\n                        Live vom Hinterhof der Weltgeschichte<\/p>\n<p>                <\/a><\/p>\n<p>                <a href=\"https:\/\/www.zeit.de\/politik\/deutschland\/2026-06\/alexander-dobrindt-julia-kloeckner-drohnenabwehr-detuscher-bundestag\" data-ct-label=\"Sicherheit: Dobrindt bef\u00fcrchtet Drohnenangriffe auf Bundestag\" data-uuid=\"5f19467f-c923-4fb9-a2da-76fb947f51df\" rel=\"nofollow noopener\" target=\"_blank\"><\/p>\n<p>                        Sicherheit:<br \/>\n                        Dobrindt bef\u00fcrchtet Drohnenangriffe auf Bundestag<\/p>\n<p>                <\/a><\/p>\n<p class=\"paragraph article__item\">Die Beamten sch\u00fctzten stattdessen \u00abWohnh\u00e4user und Betriebe von &#8222;Gesch\u00e4ftsleuten&#8220;, die teilweise mehrfach polizeibekannt sind und jetzt eventuell ins Visier von Erpressern geraten\u00bb, sagte Weh. Er forderte einen Stufenplan, bei dem die Betroffenen zun\u00e4chst sich selbst um Sicherheitsdienste bem\u00fchen m\u00fcssten, bevor der Staat solche Ma\u00dfnahmen \u00fcbern\u00e4hme.\u00a0\n<\/p>\n<p>            \u00abFerrum\u00bb und \u00abTelum\u00bb gegr\u00fcndet            <\/p>\n<p class=\"paragraph article__item\">Weh verwies darauf, dass die Polizei selbst ihre Geb\u00e4ude durch private Sicherheitsdienste sch\u00fctzen l\u00e4sst, auch f\u00fcr Liegenschaften der Bundeswehr gelte dies. Zugleich betonte er, dass die Polizei den Schutz von Personen \u00fcbernehmen m\u00fcsse, wenn Erkenntnisse zu konkreten Gefahren vorl\u00e4gen.\u00a0\n<\/p>\n<p class=\"paragraph article__item\">Nach der deutlichen Zunahme von Schusswaffenkriminalit\u00e4t wurde bei der Polizei die Sondereinheit \u00abFerrum\u00bb (lateinisch f\u00fcr \u00abEisen\u00bb) gegr\u00fcndet, die Staatsanwaltschaft zog mit der Ermittlungsgruppe \u00abTelum\u00bb (lateinisch f\u00fcr \u00abAngriffswaffe\u00bb) nach.\u00a0\n<\/p>\n<p>            Banden im Fokus            <\/p>\n<p class=\"paragraph article__item\">Inzwischen wurden nach Polizeiangaben unter anderem insgesamt 52 scharfe Schusswaffen und mehr als 800 Schuss Munition sichergestellt. In 54 F\u00e4llen wurden demnach gegen mutma\u00dfliche T\u00e4ter Haftbefehle erlassen. Laut Polizei wurden mehr als 6.000 Menschen, knapp 3.300 Fahrzeuge sowie mehr als 860 Lokale \u00fcberpr\u00fcft.\u00a0\n<\/p>\n<p class=\"paragraph article__item\">Im Fokus stehen nach Angaben der Ermittler Banden, deren Anf\u00fchrer von der T\u00fcrkei aus agieren und die in <a class=\"rtr-entity\" href=\"https:\/\/www.zeit.de\/thema\/berlin\" rel=\"nofollow noopener\" target=\"_blank\">Berlin<\/a> und anderen St\u00e4dten t\u00fcrkisch- und kurdischst\u00e4mmige Ladeninhaber bedrohen, um hohe Geldsummen zu erpressen.\n<\/p>\n<p>            Mehr Geb\u00e4ude zu sch\u00fctzen            <\/p>\n<p class=\"paragraph article__item\">Auch der Objektschutz der Polizei ist zunehmend gefordert: Der islamistische Terrorangriff auf Israel 2023 und die Eskalation in Nahost haben dazu gef\u00fchrt, mehr Geb\u00e4ude bewacht werden. Nach Polizeiangaben wurden im vergangenen M\u00e4rz insgesamt mehr als 1.130 gef\u00e4hrdete Objekte, darunter rund 170 j\u00fcdisch-israelische Geb\u00e4ude, gesch\u00fctzt.\u00a0\n<\/p>\n<p class=\"paragraph article__item\">Die Beamtinnen und Beamten stehen vor Botschaften, Synagogen und anderen Einrichtungen oder fahren diese regelm\u00e4\u00dfig an. Rund 1.700 Objektsch\u00fctzer gibt es derzeit nach Gewerkschaftsangaben.\n<\/p>\n<p class=\"paragraph article__item\">Die GdP wiederholte ihre Forderung, f\u00fcr den Objektschutz verst\u00e4rkt Video\u00fcberwachung mit k\u00fcnstlicher Intelligenz (KI) zu nutzen. Deren Einsatz d\u00fcrfe nicht nur auf einzelne Pilotprojekte beschr\u00e4nkt bleiben, so Weh. Der Gewerkschaftschef betonte erneut, der Bund m\u00fcsse seiner Verantwortung in der Hauptstadt mehr gerecht werden: \u00abPolitik muss endlich eine Debatte \u00fcber Kernaufgaben f\u00fchren, erkennen und klarmachen, dass der Staat und hier ganz speziell die Polizei nicht f\u00fcr alles herhalten kann.\u00bb\n<\/p>\n<p class=\"paragraph article__item\">\u00a9 dpa-infocom, dpa:260625-930-278910\/1<\/p>\n","protected":false},"excerpt":{"rendered":"Nach einer deutlichen Zunahme von Schusswaffenkriminalit\u00e4t gehen Polizei und Justiz in Berlin verst\u00e4rkt gegen organisierte Kriminalit\u00e4t vor. Zugleich&hellip;\n","protected":false},"author":2,"featured_media":1119797,"comment_status":"","ping_status":"","sticky":false,"template":"","format":"standard","meta":{"footnotes":"","_share_on_mastodon":"0"},"categories":[1825],"tags":[1941,1939,296,1937,29,35039,30,1940,15,1938,3084,121,236493,236492,33178],"class_list":["post-1119796","post","type-post","status-publish","format-standard","has-post-thumbnail","category-berlin","tag-aktuelle-nachrichten-aus-berlin","tag-aktuelle-news-aus-berlin","tag-berlin","tag-berlin-news","tag-deutschland","tag-gdp","tag-germany","tag-nachrichten-aus-berlin","tag-news","tag-news-aus-berlin","tag-organisierte-kriminalitaet","tag-polizei","tag-schusswaffenkriminalitaet","tag-schutzauftrag","tag-zunahme"],"share_on_mastodon":{"url":"https:\/\/pubeurope.com\/@de\/116808651035996517","error":""},"_links":{"self":[{"href":"https:\/\/www.europesays.com\/de\/wp-json\/wp\/v2\/posts\/1119796","targetHints":{"allow":["GET"]}}],"collection":[{"href":"https:\/\/www.europesays.com\/de\/wp-json\/wp\/v2\/posts"}],"about":[{"href":"https:\/\/www.europesays.com\/de\/wp-json\/wp\/v2\/types\/post"}],"author":[{"embeddable":true,"href":"https:\/\/www.europesays.com\/de\/wp-json\/wp\/v2\/users\/2"}],"replies":[{"embeddable":true,"href":"https:\/\/www.europesays.com\/de\/wp-json\/wp\/v2\/comments?post=1119796"}],"version-history":[{"count":0,"href":"https:\/\/www.europesays.com\/de\/wp-json\/wp\/v2\/posts\/1119796\/revisions"}],"wp:featuredmedia":[{"embeddable":true,"href":"https:\/\/www.europesays.com\/de\/wp-json\/wp\/v2\/media\/1119797"}],"wp:attachment":[{"href":"https:\/\/www.europesays.com\/de\/wp-json\/wp\/v2\/media?parent=1119796"}],"wp:term":[{"taxonomy":"category","embeddable":true,"href":"https:\/\/www.europesays.com\/de\/wp-json\/wp\/v2\/categories?post=1119796"},{"taxonomy":"post_tag","embeddable":true,"href":"https:\/\/www.europesays.com\/de\/wp-json\/wp\/v2\/tags?post=1119796"}],"curies":[{"name":"wp","href":"https:\/\/api.w.org\/{rel}","templated":true}]}}