{"id":1119818,"date":"2026-06-25T03:48:20","date_gmt":"2026-06-25T03:48:20","guid":{"rendered":"https:\/\/www.europesays.com\/de\/1119818\/"},"modified":"2026-06-25T03:48:20","modified_gmt":"2026-06-25T03:48:20","slug":"wm-sensation-perfekt-suedafrika-steht-in-der-k-o-runde","status":"publish","type":"post","link":"https:\/\/www.europesays.com\/de\/1119818\/","title":{"rendered":"WM-Sensation perfekt: S\u00fcdafrika steht in der K.-o.-Runde"},"content":{"rendered":"<p>Historischer Erfolg <\/p>\n<p>S\u00fcdafrika gelingt WM-Sensation \u2013 S\u00fcdkorea entt\u00e4uscht<\/p>\n<p>Aktualisiert am 25.06.2026 &#8211; 05:15 UhrLesedauer: 2 Min.<\/p>\n<p><img loading=\"lazy\" src=\"https:\/\/www.t-online.de\/s\/paper\/_next\/static\/media\/loading-indicator-magenta.1f35d8de.svg\" alt=\"Video l\u00e4dt\" title=\"Video l\u00e4dt\" class=\"block h-[calc(var(--height)_\/_16_*_1rem)] w-[calc(var(--width)_\/_16_*_1rem)] max-w-none undefined\" style=\"--width:32;--height:32\" decoding=\"async\"\/>Player wird geladen<\/p>\n<p>Der historische WM-Moment im Video. (Quelle: MagentaTV)<\/p>\n<p><img loading=\"lazy\" src=\"https:\/\/www.t-online.de\/s\/paper\/_next\/static\/media\/audio-volume.6689034c.svg\" alt=\"\" title=\"\" class=\"block h-[calc(var(--height)_\/_16_*_1rem)] w-[calc(var(--width)_\/_16_*_1rem)] max-w-none group-hover:brightness-0 group-hover:invert\" style=\"--width:16;--height:16\" decoding=\"async\"\/>Vorlesen<\/p>\n<p>Aktuelle Zeit:0:00Gesamtdauer:0:00<\/p>\n<p>1x<\/p>\n<p class=\"text-center\">Jetzt neu bei t-online:<\/p>\n<p class=\"text-center\">Schriftgr\u00f6\u00dfe anpassen!<\/p>\n<p><img loading=\"lazy\" src=\"https:\/\/www.t-online.de\/s\/paper\/_next\/static\/media\/font-sizes.32942e33.svg\" alt=\"\" title=\"\" class=\"block h-[calc(var(--height)_\/_16_*_1rem)] w-[calc(var(--width)_\/_16_*_1rem)] max-w-none group-hover:hidden group-aria-expanded:hidden\" style=\"--width:16;--height:16\" decoding=\"async\"\/><img loading=\"lazy\" src=\"https:\/\/www.t-online.de\/s\/paper\/_next\/static\/media\/font-sizes-dark-mode.e382645c.svg\" alt=\"\" title=\"\" class=\"block h-[calc(var(--height)_\/_16_*_1rem)] w-[calc(var(--width)_\/_16_*_1rem)] max-w-none hidden group-hover:block group-aria-expanded:block\" style=\"--width:16;--height:16\" decoding=\"async\"\/><img loading=\"lazy\" src=\"https:\/\/www.t-online.de\/s\/paper\/_next\/static\/media\/sharing-menu-icon.1eb71368.svg\" alt=\"\" title=\"\" class=\"block h-[calc(var(--height)_\/_16_*_1rem)] w-[calc(var(--width)_\/_16_*_1rem)] max-w-none group-hover:brightness-0 group-hover:invert\" style=\"--width:16;--height:16\" decoding=\"async\"\/>Artikel teilen<\/p>\n<p class=\"font-bold text-18 leading-17 user-text-lg:text-22 user-text-xl:text-24\">Ein Punktgewinn h\u00e4tte S\u00fcdkorea f\u00fcr den Einzug in die K.-o.-Runde gereicht. Doch gegen starke S\u00fcdafrikaner zeigen sich die Asiaten enorm verunsichert.<\/p>\n<p class=\"text-18 leading-17 user-text-lg:text-22 user-text-xl:text-24\">Die erste gro\u00dfe Sensation des letzten WM-Spieltags: S\u00fcdafrika hat bei seiner vierten Teilnahme erstmals die K.-o.-Phase erreicht und damit nationale Fu\u00dfball-Geschichte geschrieben. Das Team des belgischen Trainers Hugo Broos gewann das letzte Vorrundenspiel gegen S\u00fcdkorea mit 1:0 (0:0) und schloss die Gruppe A als Zweiter ab.<\/p>\n<p class=\"text-18 leading-17 user-text-lg:text-22 user-text-xl:text-24\">Vor 51.243 Zuschauern in Monterrey sorgte Thapelo Maseko mit seinem Treffer in der 63. Minute f\u00fcr grenzenlosen Jubel bei Bafana Bafana. Im Sechzehntelfinale trifft S\u00fcdafrika am Sonntag in Inglewood bei <a href=\"https:\/\/www.t-online.de\/themen\/los-angeles\/\" class=\"transition-colors cursor-pointer no-underline md:hover:text-magenta md:focus:text-magenta border-b border-solid border-current text-salemsfur md:hover:border-magenta\" data-tracking=\"{&quot;action&quot;:&quot;click&quot;,&quot;category&quot;:&quot;intextLink&quot;,&quot;label&quot;:&quot;\/themen\/los-angeles\/&quot;}\" data-sctrack=\"BodyAnchor\" rel=\"nofollow noopener\" target=\"_blank\">Los Angeles<\/a> auf Co-Gastgeber Kanada. S\u00fcdkorea beendete die Vorrunde mit drei Punkten auf Rang drei und muss jetzt um das Weiterkommen zittern.<\/p>\n<p>So lief das Spiel<\/p>\n<p class=\"text-18 leading-17 user-text-lg:text-22 user-text-xl:text-24\">Die Ausgangslage war klar: Den Asiaten, bei denen St\u00fcrmerstar Heung-min Son in seinem 13. WM-Spiel erstmals nicht in der Startelf stand, reichte ein Remis zum sicheren Weiterkommen. S\u00fcdafrika dagegen musste voll auf Sieg spielen.<\/p>\n<p class=\"text-18 leading-17 user-text-lg:text-22 user-text-xl:text-24\">Den besseren Start erwischte aber S\u00fcdkorea. Bayern-Profi Minjae Kim kam nach einer Ecke frei zum Kopfball, doch Aubrey Modiba rettete auf der Linie f\u00fcr seinen schon geschlagenen Torwart Ronwen Williams. Wenig sp\u00e4ter verfehlte Kang-in Lee mit einem Flachschuss nur knapp das Tor.<\/p>\n<p><a href=\"#focus-0\" class=\"transition-colors block text-current relative\" data-sctrack=\"FocusGalleryImage.Reference\"><img   loading=\"lazy\" src=\"https:\/\/www.europesays.com\/de\/wp-content\/uploads\/2026\/06\/260625-monterrey-june-25-2026-hugo-broos-c-head-coach-of-south-africa-is-seen-during-a-group-a-match.jpeg\" alt=\"imago images 0859964230\" title=\"imago images 0859964230\" width=\"5312\" height=\"2988\" class=\"h-full w-full max-w-full rounded-8\" decoding=\"async\"\/><img loading=\"lazy\" src=\"https:\/\/www.t-online.de\/s\/paper\/_next\/static\/media\/zoom-in.f7dae02f.svg\" alt=\"Vergr\u00f6\u00dfern des Bildes\" title=\"Vergr\u00f6\u00dfern des Bildes\" class=\"block h-[calc(var(--height)_\/_16_*_1rem)] w-[calc(var(--width)_\/_16_*_1rem)] max-w-none absolute right-8 bottom-8 rounded-4 bg-snow p-8\" style=\"--width:32;--height:32\" decoding=\"async\"\/>Erfolgstrainer: S\u00fcdafrikas Hugo Broos (in grau) steht w\u00e4hrend einer Trinkpause bei seiner Mannschaft. (Quelle: IMAGO\/Wu Wei\/imago)<\/a><\/p>\n<p class=\"text-18 leading-17 user-text-lg:text-22 user-text-xl:text-24\">Der rasante Beginn erwies sich jedoch schnell als Strohfeuer. In der Folge gab es viel Leerlauf auf beiden Seiten. Bis zur 30. Minute, als S\u00fcdafrika in F\u00fchrung h\u00e4tte gehen m\u00fcssen. Einen Schuss von Thalente Mbatha lenkte Seung-gyu Kim genau vor die F\u00fc\u00dfe von Evidence Makgopa, doch der St\u00fcrmer schoss den Ball aus sechs Metern direkt in die Arme des s\u00fcdkoreanischen Torh\u00fcters.<\/p>\n<p class=\"text-18 leading-17 user-text-lg:text-22 user-text-xl:text-24\">Nach dem Wechsel kam Son. Der 33-j\u00e4hrige Ex-Bundesliga-Profi konnte dem m\u00fcden Angriffsspiel seines Teams aber auch keinen Schwung verleihen. Vielmehr blieb S\u00fcdafrika am Dr\u00fccker und belohnte sich nach gut einer Stunde.<\/p>\n<p class=\"text-18 leading-17 user-text-lg:text-22 user-text-xl:text-24\">Der kurz zuvor eingewechselte Tshepang Moremi spielte von der linken Seite flach in den Strafraum, wo Maseko mit einem satten Flachschuss durch die Beine des M\u00f6nchengladbachers Jens Castrop vollendete. Kim im Tor der Asiaten war machtlos. Mit gro\u00dfem Einsatz verteidigte der Au\u00dfenseiter danach die knappe F\u00fchrung.<\/p>\n","protected":false},"excerpt":{"rendered":"Historischer Erfolg S\u00fcdafrika gelingt WM-Sensation \u2013 S\u00fcdkorea entt\u00e4uscht Aktualisiert am 25.06.2026 &#8211; 05:15 UhrLesedauer: 2 Min. Player wird&hellip;\n","protected":false},"author":2,"featured_media":1119819,"comment_status":"","ping_status":"","sticky":false,"template":"","format":"standard","meta":{"footnotes":"","_share_on_mastodon":"0"},"categories":[136],"tags":[29,30,236494,218783,7893,99427,67994,230721,93688,265,613,7116],"class_list":["post-1119818","post","type-post","status-publish","format-standard","has-post-thumbnail","category-sport","tag-deutschland","tag-germany","tag-hugo-broos","tag-inglewood","tag-los-angeles","tag-minjae-kim","tag-monterrey","tag-nationalmannschaft-suedafrika","tag-punktgewinn","tag-sport","tag-suedkorea","tag-suedafrika"],"share_on_mastodon":{"url":"https:\/\/pubeurope.com\/@de\/116808706716936556","error":""},"_links":{"self":[{"href":"https:\/\/www.europesays.com\/de\/wp-json\/wp\/v2\/posts\/1119818","targetHints":{"allow":["GET"]}}],"collection":[{"href":"https:\/\/www.europesays.com\/de\/wp-json\/wp\/v2\/posts"}],"about":[{"href":"https:\/\/www.europesays.com\/de\/wp-json\/wp\/v2\/types\/post"}],"author":[{"embeddable":true,"href":"https:\/\/www.europesays.com\/de\/wp-json\/wp\/v2\/users\/2"}],"replies":[{"embeddable":true,"href":"https:\/\/www.europesays.com\/de\/wp-json\/wp\/v2\/comments?post=1119818"}],"version-history":[{"count":0,"href":"https:\/\/www.europesays.com\/de\/wp-json\/wp\/v2\/posts\/1119818\/revisions"}],"wp:featuredmedia":[{"embeddable":true,"href":"https:\/\/www.europesays.com\/de\/wp-json\/wp\/v2\/media\/1119819"}],"wp:attachment":[{"href":"https:\/\/www.europesays.com\/de\/wp-json\/wp\/v2\/media?parent=1119818"}],"wp:term":[{"taxonomy":"category","embeddable":true,"href":"https:\/\/www.europesays.com\/de\/wp-json\/wp\/v2\/categories?post=1119818"},{"taxonomy":"post_tag","embeddable":true,"href":"https:\/\/www.europesays.com\/de\/wp-json\/wp\/v2\/tags?post=1119818"}],"curies":[{"name":"wp","href":"https:\/\/api.w.org\/{rel}","templated":true}]}}