{"id":111991,"date":"2025-05-15T07:50:14","date_gmt":"2025-05-15T07:50:14","guid":{"rendered":"https:\/\/www.europesays.com\/de\/111991\/"},"modified":"2025-05-15T07:50:14","modified_gmt":"2025-05-15T07:50:14","slug":"exportwirtschaft-ministerin-wollen-gute-handelsbeziehungen-mit-den-usa-wirtschaft","status":"publish","type":"post","link":"https:\/\/www.europesays.com\/de\/111991\/","title":{"rendered":"Exportwirtschaft &#8211; Ministerin: Wollen gute Handelsbeziehungen mit den USA &#8211; Wirtschaft"},"content":{"rendered":"<p data-manual=\"paragraph\" data-schema-org-speakable=\"true\" class=\"css-1ylqqlw\">Erfurt (dpa\/th) &#8211; <a href=\"https:\/\/www.sueddeutsche.de\/thema\/Th%C3%BCringen\" rel=\"nofollow noopener\" target=\"_blank\">Th\u00fcringen<\/a> will die Handelsbeziehungen mit den <a href=\"https:\/\/www.sueddeutsche.de\/thema\/USA\" rel=\"nofollow noopener\" target=\"_blank\">USA<\/a> trotz der gro\u00dfen Verunsicherung \u00fcber m\u00f6gliche US-Z\u00f6lle stabilisieren. \u201eDie USA sind der wichtigste Exportmarkt f\u00fcr die Th\u00fcringer Wirtschaft \u2013 schon deshalb haben wir gro\u00dfes Interesse an weiterhin guten Handelsbeziehungen\u201c, sagte Wirtschaftsministerin Colette Boos-John (CDU) auf Anfrage in Erfurt. Zusammen mit Ministerpr\u00e4sident Mario Voigt (CDU) sowie Vertretern der Th\u00fcringer Wirtschaft und Wissenschaft wird sie vom 18. bis 24. Mai in die USA reisen.<\/p>\n<p>\u00a0Mit US-Partnern ins Gespr\u00e4ch kommen\u00a0<\/p>\n<p data-manual=\"paragraph\" data-schema-org-speakable=\"true\" class=\"css-1ylqqlw\">Die aktuelle Zollpolitik der US-Regierung sorge f\u00fcr erhebliche Verunsicherung in der Th\u00fcringer Wirtschaft, besonders bei Maschinenbauern und Automobilzulieferern. Bei der Reise gehe es auch darum, die Situation besser einsch\u00e4tzen zu k\u00f6nnen. Th\u00fcringen wolle mit den amerikanischen Partnern ins Gespr\u00e4ch kommen.\u00a0<\/p>\n<p data-manual=\"paragraph\" data-schema-org-speakable=\"true\" class=\"css-1ylqqlw\">\u201eUnser Besuch in den USA dient in erster Linie dazu, den transatlantischen Wirtschaftsbeziehungen den Puls zu f\u00fchlen. Ich halte es f\u00fcr richtig, dass die erste Delegationsreise der neuen Landesregierung zu unserem wichtigsten Wirtschaftspartner USA f\u00fchrt\u201c, \u00e4u\u00dferte Boos-John. Meinungsverschiedenheiten sollten im Dialog gel\u00f6st werden.\u00a0<\/p>\n<p data-manual=\"paragraph\" data-schema-org-speakable=\"true\" class=\"css-1ylqqlw\">\u00a0Fernziel muss es nach Ansicht von Boos-John sein, alle Zollschranken zwischen Europa und den USA abzubauen. Aus ihrer Sicht k\u00f6nnten dazu die Verhandlungen \u00fcber ein Freihandelsabkommen zwischen Europa und den USA wieder neu aufgenommen werden: \u201eUnsere Wirtschaft hat ein berechtigtes Interesse an niedrigen Z\u00f6llen und klaren Regularien. M\u00f6glicherweise ist jetzt der richtige Zeitpunkt gekommen, die Gespr\u00e4che dar\u00fcber wiederaufzunehmen. Die Chancen daf\u00fcr sollten wir vor Ort ausloten.\u201c<\/p>\n<p>Starke wirtschaftliche Verflechtung mit den USA<\/p>\n<p data-manual=\"paragraph\" data-schema-org-speakable=\"true\" class=\"css-1ylqqlw\">Nach Angaben des Wirtschaftsministeriums bel\u00e4uft sich das Handelsvolumen Th\u00fcringens mit den USA auf etwa 2,8 Milliarden Euro. Th\u00fcringen habe 2024 in den USA mit knapp 2,2 Milliarden Euro einen neuen Exportrekord erzielt. Die Importe aus den USA h\u00e4tten mit 625 Millionen Euro auf dem bisher zweith\u00f6chsten Stand gelegen.\u00a0<\/p>\n<p data-manual=\"paragraph\" data-schema-org-speakable=\"true\" class=\"css-1ylqqlw\">\u00a0Rund 300 Th\u00fcringer Unternehmen w\u00fcrden derzeit Exportbeziehungen in die USA unterhalten, 40 Unternehmen hielten Beteiligungen an US-Unternehmen. Zudem seien US-Unternehmen wichtige Investoren im Freistaat. 60 US-Firmen hielten Anteile an Th\u00fcringer Unternehmen. Seit 1990 haben US-Firmen nach Ministeriumsangaben mehr als 2,5 Milliarden Euro im Freistaat investiert und damit rund 12.000 Arbeitspl\u00e4tze geschaffen. Zu den wichtigsten Exportg\u00fctern Th\u00fcringens in die USA z\u00e4hlten Fahrzeuge und Fahrzeugteile, Maschinen, optische Erzeugnisse und elektrische Ausr\u00fcstungen.<\/p>\n<p data-manual=\"paragraph\" data-schema-org-speakable=\"true\" class=\"css-1ylqqlw\">\u00a9 dpa-infocom, dpa:250515-930-545455\/1<\/p>\n","protected":false},"excerpt":{"rendered":"Erfurt (dpa\/th) &#8211; Th\u00fcringen will die Handelsbeziehungen mit den USA trotz der gro\u00dfen Verunsicherung \u00fcber m\u00f6gliche US-Z\u00f6lle stabilisieren.&hellip;\n","protected":false},"author":2,"featured_media":111992,"comment_status":"","ping_status":"","sticky":false,"template":"","format":"standard","meta":{"footnotes":""},"categories":[3977],"tags":[331,332,147,3957,13,14,15,12,149,861,43637,4017,4018,4016,64,4019,4020,55],"class_list":{"0":"post-111991","1":"post","2":"type-post","3":"status-publish","4":"format-standard","5":"has-post-thumbnail","7":"category-usa","8":"tag-aktuelle-nachrichten","9":"tag-aktuelle-news","10":"tag-ausland","11":"tag-aussenhandel","12":"tag-headlines","13":"tag-nachrichten","14":"tag-news","15":"tag-schlagzeilen","16":"tag-sueddeutsche-zeitung","17":"tag-thueringen","18":"tag-thueringer-landtag","19":"tag-united-states","20":"tag-united-states-of-america","21":"tag-us","22":"tag-usa","23":"tag-vereinigte-staaten","24":"tag-vereinigte-staaten-von-amerika","25":"tag-wirtschaft"},"share_on_mastodon":{"url":"https:\/\/pubeurope.com\/@de\/114510759468878164","error":""},"_links":{"self":[{"href":"https:\/\/www.europesays.com\/de\/wp-json\/wp\/v2\/posts\/111991","targetHints":{"allow":["GET"]}}],"collection":[{"href":"https:\/\/www.europesays.com\/de\/wp-json\/wp\/v2\/posts"}],"about":[{"href":"https:\/\/www.europesays.com\/de\/wp-json\/wp\/v2\/types\/post"}],"author":[{"embeddable":true,"href":"https:\/\/www.europesays.com\/de\/wp-json\/wp\/v2\/users\/2"}],"replies":[{"embeddable":true,"href":"https:\/\/www.europesays.com\/de\/wp-json\/wp\/v2\/comments?post=111991"}],"version-history":[{"count":0,"href":"https:\/\/www.europesays.com\/de\/wp-json\/wp\/v2\/posts\/111991\/revisions"}],"wp:featuredmedia":[{"embeddable":true,"href":"https:\/\/www.europesays.com\/de\/wp-json\/wp\/v2\/media\/111992"}],"wp:attachment":[{"href":"https:\/\/www.europesays.com\/de\/wp-json\/wp\/v2\/media?parent=111991"}],"wp:term":[{"taxonomy":"category","embeddable":true,"href":"https:\/\/www.europesays.com\/de\/wp-json\/wp\/v2\/categories?post=111991"},{"taxonomy":"post_tag","embeddable":true,"href":"https:\/\/www.europesays.com\/de\/wp-json\/wp\/v2\/tags?post=111991"}],"curies":[{"name":"wp","href":"https:\/\/api.w.org\/{rel}","templated":true}]}}