{"id":1120016,"date":"2026-06-25T05:37:18","date_gmt":"2026-06-25T05:37:18","guid":{"rendered":"https:\/\/www.europesays.com\/de\/1120016\/"},"modified":"2026-06-25T05:37:18","modified_gmt":"2026-06-25T05:37:18","slug":"ukraine-krieg-kurz-vor-ablauf-von-ultimatum-lukaschenko-lenkt-im-streit-mit-selenskyj-offenbar-ein","status":"publish","type":"post","link":"https:\/\/www.europesays.com\/de\/1120016\/","title":{"rendered":"Ukraine-Krieg: Kurz vor Ablauf von Ultimatum \u2013\u00a0Lukaschenko lenkt im Streit mit Selenskyj offenbar ein"},"content":{"rendered":"<p class=\"is-first-paragraph\" data-external=\"Article.FirstParagraph\">Nach einem Ultimatum Kiews an Belarus zum Abbau von Signalverst\u00e4rkern f\u00fcr russische Drohnen ist die Technik ukrainischen Angaben zufolge abgeschaltet worden. Sie h\u00e4tten am 22. Juni ihren Betrieb eingestellt, sagte Selenskyj ukrainischen Medien zufolge. Er wisse nicht, ob die Signalverst\u00e4rker abgebaut worden seien, aber sie arbeiteten nicht mehr.<\/p>\n<p>Selenskyj hatte am Freitag Vorw\u00fcrfe gegen Minsk erhoben und vom belarussischen Machthaber Alexander Lukaschenko den Abbau gefordert. \u201eWenn er das nicht macht, machen wir es\u201c, sagte Selenskyj. Er warnt Belarus seit Wochen vor einer Beteiligung am russischen Krieg gegen die Ukraine.<\/p>\n<p>Lukaschenko gilt als engster Verb\u00fcndeter von Kremlchef Wladimir Putin. Bei ihrem Einmarsch in die Ukraine im Februar 2022 stie\u00df die russische Armee auch vom Gebiet ihres Verb\u00fcndeten Belarus in Richtung der ukrainischen Hauptstadt Kiew vor. Der Vorsto\u00df scheiterte, die russischen Truppen mussten sich zur\u00fcckziehen.<\/p>\n","protected":false},"excerpt":{"rendered":"Nach einem Ultimatum Kiews an Belarus zum Abbau von Signalverst\u00e4rkern f\u00fcr russische Drohnen ist die Technik ukrainischen Angaben&hellip;\n","protected":false},"author":2,"featured_media":1120017,"comment_status":"","ping_status":"","sticky":false,"template":"","format":"standard","meta":{"footnotes":"","_share_on_mastodon":"0"},"categories":[4012],"tags":[331,332,7285,13,39559,14,15,110,115,12,116,317,117],"class_list":["post-1120016","post","type-post","status-publish","format-standard","has-post-thumbnail","category-ukraine","tag-aktuelle-nachrichten","tag-aktuelle-news","tag-alexander","tag-headlines","tag-lukaschenko","tag-nachrichten","tag-news","tag-newsteam","tag-russland-ukraine-krieg-24-2-2022","tag-schlagzeilen","tag-selenskyj","tag-ukraine","tag-wolodymyr"],"share_on_mastodon":{"url":"https:\/\/pubeurope.com\/@de\/116809134865183609","error":""},"_links":{"self":[{"href":"https:\/\/www.europesays.com\/de\/wp-json\/wp\/v2\/posts\/1120016","targetHints":{"allow":["GET"]}}],"collection":[{"href":"https:\/\/www.europesays.com\/de\/wp-json\/wp\/v2\/posts"}],"about":[{"href":"https:\/\/www.europesays.com\/de\/wp-json\/wp\/v2\/types\/post"}],"author":[{"embeddable":true,"href":"https:\/\/www.europesays.com\/de\/wp-json\/wp\/v2\/users\/2"}],"replies":[{"embeddable":true,"href":"https:\/\/www.europesays.com\/de\/wp-json\/wp\/v2\/comments?post=1120016"}],"version-history":[{"count":0,"href":"https:\/\/www.europesays.com\/de\/wp-json\/wp\/v2\/posts\/1120016\/revisions"}],"wp:featuredmedia":[{"embeddable":true,"href":"https:\/\/www.europesays.com\/de\/wp-json\/wp\/v2\/media\/1120017"}],"wp:attachment":[{"href":"https:\/\/www.europesays.com\/de\/wp-json\/wp\/v2\/media?parent=1120016"}],"wp:term":[{"taxonomy":"category","embeddable":true,"href":"https:\/\/www.europesays.com\/de\/wp-json\/wp\/v2\/categories?post=1120016"},{"taxonomy":"post_tag","embeddable":true,"href":"https:\/\/www.europesays.com\/de\/wp-json\/wp\/v2\/tags?post=1120016"}],"curies":[{"name":"wp","href":"https:\/\/api.w.org\/{rel}","templated":true}]}}