{"id":112024,"date":"2025-05-15T08:09:11","date_gmt":"2025-05-15T08:09:11","guid":{"rendered":"https:\/\/www.europesays.com\/de\/112024\/"},"modified":"2025-05-15T08:09:11","modified_gmt":"2025-05-15T08:09:11","slug":"niedersachsen-bremen-passant-entdeckt-leiche-im-auto","status":"publish","type":"post","link":"https:\/\/www.europesays.com\/de\/112024\/","title":{"rendered":"Niedersachsen: Bremen: Passant entdeckt Leiche im Auto"},"content":{"rendered":"<p class=\"metatextline\">Stand: 15.05.2025 08:14 Uhr<\/p>\n<p class=\"textabsatz columns twelve  m-ten  m-offset-one l-eight l-offset-two\">\n        <strong><strong>Ein Mann ist am Mittwoch tot in einem Auto im Bremer Stadtteil Vahr gefunden worden. Laut Polizei hatte er keinen festen Wohnsitz und lebte schon seit L\u00e4ngerem in dem Wagen.<\/strong><\/strong>\n    <\/p>\n<p class=\"textabsatz m-ten m-offset-one l-eight l-offset-two columns twelve\">\nEin Passant habe den toten Mann am Nachmittag in dem Auto entdeckt, so die Polizei. Nach ersten Erkenntnissen der Ermittler wurden keine erkennbaren \u00e4u\u00dferen Verletzungen an der Leiche gefunden. Wie lang der Anfang 60-j\u00e4hrige Mann schon tot in dem Auto gelegen hatte und woran er gestorben ist, ermittelt nun die Polizei.<\/p>\n<p class=\"textabsatz m-ten m-offset-one l-eight l-offset-two columns twelve\"><strong>Dieses Thema im Programm:<\/strong><br \/>NDR 1 Niedersachsen | Regional Oldenburg | 15.05.2025 | 06:30 Uhr<\/p>\n<p>                                        <a class=\"backlink__link\" href=\"https:\/\/www.ndr.de\/nachrichten\/niedersachsen\/oldenburg_ostfriesland\/Bremen-Passant-entdeckt-Leiche-im-Auto,bremen1496.html\" target=\"_blank\" rel=\"noopener\"><\/p>\n<p>                                                <img loading=\"lazy\" decoding=\"async\" alt=\"Norddeutscher Rundfunk\" src=\"https:\/\/www.europesays.com\/de\/wp-content\/uploads\/2025\/04\/lra-ndr-logo-100.svg.svg+xml\" height=\"40\" width=\"40\"\/><\/p>\n<p>                                        <\/a><\/p>\n","protected":false},"excerpt":{"rendered":"Stand: 15.05.2025 08:14 Uhr Ein Mann ist am Mittwoch tot in einem Auto im Bremer Stadtteil Vahr gefunden&hellip;\n","protected":false},"author":2,"featured_media":112025,"comment_status":"","ping_status":"","sticky":false,"template":"","format":"standard","meta":{"footnotes":""},"categories":[1824],"tags":[2420,3364,29,30,438,1411],"class_list":{"0":"post-112024","1":"post","2":"type-post","3":"status-publish","4":"format-standard","5":"has-post-thumbnail","7":"category-bremen","8":"tag-bremen","9":"tag-de","10":"tag-deutschland","11":"tag-germany","12":"tag-ndr","13":"tag-niedersachsen"},"share_on_mastodon":{"url":"https:\/\/pubeurope.com\/@de\/114510834182763816","error":""},"_links":{"self":[{"href":"https:\/\/www.europesays.com\/de\/wp-json\/wp\/v2\/posts\/112024","targetHints":{"allow":["GET"]}}],"collection":[{"href":"https:\/\/www.europesays.com\/de\/wp-json\/wp\/v2\/posts"}],"about":[{"href":"https:\/\/www.europesays.com\/de\/wp-json\/wp\/v2\/types\/post"}],"author":[{"embeddable":true,"href":"https:\/\/www.europesays.com\/de\/wp-json\/wp\/v2\/users\/2"}],"replies":[{"embeddable":true,"href":"https:\/\/www.europesays.com\/de\/wp-json\/wp\/v2\/comments?post=112024"}],"version-history":[{"count":0,"href":"https:\/\/www.europesays.com\/de\/wp-json\/wp\/v2\/posts\/112024\/revisions"}],"wp:featuredmedia":[{"embeddable":true,"href":"https:\/\/www.europesays.com\/de\/wp-json\/wp\/v2\/media\/112025"}],"wp:attachment":[{"href":"https:\/\/www.europesays.com\/de\/wp-json\/wp\/v2\/media?parent=112024"}],"wp:term":[{"taxonomy":"category","embeddable":true,"href":"https:\/\/www.europesays.com\/de\/wp-json\/wp\/v2\/categories?post=112024"},{"taxonomy":"post_tag","embeddable":true,"href":"https:\/\/www.europesays.com\/de\/wp-json\/wp\/v2\/tags?post=112024"}],"curies":[{"name":"wp","href":"https:\/\/api.w.org\/{rel}","templated":true}]}}