{"id":1120310,"date":"2026-06-25T08:18:32","date_gmt":"2026-06-25T08:18:32","guid":{"rendered":"https:\/\/www.europesays.com\/de\/1120310\/"},"modified":"2026-06-25T08:18:32","modified_gmt":"2026-06-25T08:18:32","slug":"lukaschenko-bereit-fuer-kriegseintritt-warnung-vor-konflikt-zwischen-belarus-und-ukraine-aber-wie-wahrscheinlich-ist-das-wirklich","status":"publish","type":"post","link":"https:\/\/www.europesays.com\/de\/1120310\/","title":{"rendered":"\u201eLukaschenko bereit f\u00fcr Kriegseintritt\u201c: Warnung vor Konflikt zwischen Belarus und Ukraine \u2013 aber wie wahrscheinlich ist das wirklich?"},"content":{"rendered":"<p class=\"tspBXm2 tspBXm3\">Bereits seit Jahren verl\u00e4uft die Kriegsfront im Osten und S\u00fcdosten der \u00fcberfallenen Ukraine. Da kann man leicht vergessen, dass die Invasion 2022 auch vom Norden aus begann. Das mit Russland verb\u00fcndete Belarus war Aufmarschgebiet f\u00fcr die russischen Truppen, die bis nach Kyjiw vordrangen.<\/p>\n<p class=\"tspBXm2\">Nach wie vor spielt Belarus eine wichtige Rolle in der russischen Kriegsplanung: Moskau hat taktische Atomwaffen im verb\u00fcndeten Nachbarland stationiert, das unter der Einflusssph\u00e4re des Kremls steht. Belarus produziert R\u00fcstungsg\u00fcter f\u00fcr die in der Ukraine k\u00e4mpfende russische Armee. Beides ist schon l\u00e4nger bekannt. Neu ist dagegen, <strong>dass die Spannungen zwischen der Ukraine und Belarus j\u00fcngst zugenommen haben<\/strong>.<\/p>\n<p> Ukraine droht Belarus mit Attacken\u00a0\u2013 Belarus gibt offenbar nach <\/p>\n<p class=\"tspBXm2\">Der ukrainische Pr\u00e4sident Wolodymyr Selenskyj drohte mit Angriffen, wenn Belarus nicht bis zum 26. Juni Signalverst\u00e4rker abbaut, die Russland f\u00fcr die Navigation seiner Angriffsdrohnen nutze. Der Kommandeur der ukrainischen Nationalgarde warnte die Belarussen au\u00dferdem vor einem Kriegseintritt, der schlecht f\u00fcr sie ausginge.<\/p>\n<p class=\"tspBXm2\">Am Mittwoch gab Selenskyj <a href=\"https:\/\/meduza.io\/news\/2026\/06\/24\/zelenskiy-zayavil-chto-retranslyatory-na-granitse-belarusi-i-ukrainy-prekratili-rabotu\" target=\"_blank\" rel=\"noopener nofollow\" class=\"link link--external\" data-gtm-class=\"article-text-link\" data-gtm-val=\"external\" aria-describedby=\"message-target-blank\">laut einem Medienbericht<\/a> bekannt, dass die Signalverst\u00e4rker seit ein paar Tagen nicht mehr in Betrieb seien. Unklar bleibt, ob sie abgebaut oder nur vor\u00fcbergehend abgeschaltet wurden.<\/p>\n<p class=\"tspBXm2\">Aus Belarus selbst kamen zuvor vers\u00f6hnliche T\u00f6ne: Machthaber Alexander Lukaschenko behauptete in einem Interview, dass die Ukraine nichts zu bef\u00fcrchten habe. Ist nun eine Kriegsgefahr im Norden der Ukraine gebannt?<\/p>\n<p> Belarussische Opposition stellt Kriegsvorbereitung fest <\/p>\n<p class=\"tspBXm2\">Die ins Ausland gefl\u00fcchtete belarussische Opposition jedenfalls ist sich sicher: Seit 2022 habe Lukaschenko sein Land schrittweise auf einen m\u00f6glichen direkten Krieg mit der Ukraine vorbereitet.<\/p>\n<p class=\"tspBXm2\">\u201eDas Lukaschenko-Regime ist potenziell f\u00fcr einen Eintritt in den Krieg bereit\u201c, <a href=\"https:\/\/www.belarus-nau.org\/_files\/ugd\/1f864d_02b9b0c77a6e409e94c2b3e8091d499c.pdf\" target=\"_blank\" rel=\"noopener nofollow\" class=\"link link--external\" data-gtm-class=\"article-text-link\" data-gtm-val=\"external\" aria-describedby=\"message-target-blank\">hei\u00dft es in einer Analyse von belarussischen Oppositionspolitikern<\/a>, die ins Exil gezwungen wurden. Der Bericht wurde im Juni dem ukrainischen Au\u00dfenminister Andrij Sybiha \u00fcbergeben. Die Exilpolitiker listen darin eine Reihe von Indizien f\u00fcr die wachsende Kriegsf\u00e4higkeit von Belarus auf:<\/p>\n<ul data-qa-hook=\"story-list-ul\" class=\"tspCKpb\">\n<li class=\"tspCKgr tspCKgr\">Belarus habe seinen Status als neutraler, nicht-nuklearer Staat aufgegeben; Truppen k\u00f6nnten nun ins Ausland geschickt werden, sogenannte Pr\u00e4ventivschl\u00e4ge seien m\u00f6glich.<\/li>\n<li class=\"tspCKgr tspCKgr\">Seit 2022 habe sich die Zahl der Vertragssoldaten um das 1,5-Fache erh\u00f6ht.<\/li>\n<li class=\"tspCKgr tspCKgr\">2025 seien die Verteidigungsausgaben gegen\u00fcber dem Vorjahr um 32 Prozent gestiegen.<\/li>\n<li class=\"tspCKgr tspCKgr\">Die Gesellschaft werde militarisiert: Propagandasendungen verbreiteten das Bild einer Bedrohung durch Nato und Ukraine, Kinder w\u00fcrden gezielt ans Milit\u00e4r herangef\u00fchrt.<\/li>\n<\/ul>\n<p><img decoding=\"async\" src=\"https:\/\/www.europesays.com\/de\/wp-content\/uploads\/2026\/06\/lukaschenko-besucht-truppen-in-belarus.jpeg\"   alt=\"HANDOUT - 06.01.2023, Belarus, Obus-Lesnowski: Das von der belarussischen Staatsagentur BelTA via AP zur Verf\u00fcgung gestellte Foto zeigt Alexander Lukaschenko (vorne l), Pr\u00e4sident von Belarus, w\u00e4hrend seines Treffens mit Spitzenbeamten des Milit\u00e4rs auf dem Truppen\u00fcbungsplatz Obus-Lesnowski. Lukaschenko hat nach offiziellen Angaben die gemeinsame russisch-belarussische Truppe im Land inspiziert. Foto: Andrei Stasevich\/BelTA\/AP\/dpa - ACHTUNG: Nur zur redaktionellen Verwendung im Zusammenhang mit der aktuellen Berichterstattung und nur mit vollst\u00e4ndiger Nennung des vorstehenden Credits +++ dpa-Bildfunk +++\" aria-labelledby=\"caption-15750041\" width=\"440\" height=\"330\" loading=\"lazy\" class=\"tspA0i9\"\/> 06.01.2023, Belarus, Obus-Lesnowski: Lukaschenko (vorne links) trifft Spitzenbeamte des Milit\u00e4rs. <\/p>\n<p class=\"tspAAgb\"> \u00a9 dpa\/Andrei Stasevich <\/p>\n<p class=\"tspBXm2\">Keines der Indizien bedeutet, dass Belarus garantiert in den Krieg gegen die Ukraine ziehen wird. Das r\u00e4umen die Verfasser der Analyse selbst ein. Die Vorbereitungen f\u00fcr diesen Fall wurden demnach aber getroffen.<\/p>\n<p> Was f\u00fcr einen neuen Krieg spricht \u2013 und was dagegen <\/p>\n<p class=\"tspBXm2\">Wie wahrscheinlich ist es, dass es zum direkten Krieg zwischen Belarus und der Ukraine kommen wird? Der Tagesspiegel hat bei Artyom Shraibman nachgefragt, einem Experten f\u00fcr Belarus. Der Austausch fand statt, bevor bekanntgegeben wurde, dass die Signalverst\u00e4rker au\u00dfer Betrieb seien.<\/p>\n<p><img decoding=\"async\" src=\"https:\/\/www.europesays.com\/de\/wp-content\/uploads\/2025\/08\/schreibman.jpeg\"   alt=\"Artyom Shraibman ist ein belarussischer Politologe und arbeitet aus dem Exil heraus unter anderem f\u00fcr das Carnegie Russia Eurasia Center.\" width=\"767\" height=\"767\" loading=\"lazy\" class=\"tspA0i9\"\/><\/p>\n<p class=\"tspCAob\"><strong>Artyom Shraibman<\/strong> ist belarussischer Politologe und Non-Resident Scholar am Carnegie Russia Eurasia Center in Berlin.<\/p>\n<p> 1  Pro: Die Eskalationsgefahr ist da <\/p>\n<p class=\"tspBXm2\">Angesichts der ukrainischen Drohungen in Richtung seines n\u00f6rdlichen Nachbarn sah Shraibman definitiv eine Eskalationsgefahr: Sollte die Ukraine tats\u00e4chlich Signalverst\u00e4rker in Belarus angreifen, k\u00f6nnte sich das Land und auch Russland zu Reaktionen gen\u00f6tigt f\u00fchlen. \u201eMan hat nicht immer unter Kontrolle, wie sich gegenseitige Bedrohungen oder Ultimaten entwickeln\u201c, sagte Shraibman.<\/p>\n<p> 2  Contra: Ukraine hat kein Interesse an weiterer Front <\/p>\n<p class=\"tspBXm2\">Gleichwohl sprachen f\u00fcr den Experten mehrere Gr\u00fcnde gegen einen Krieg zwischen der Ukraine und Belarus. Er liege schlicht nicht im ukrainischen Interesse, weil die Armee mit der Verteidigung etwa gegen die russischen Raketen bereits genug zu tun habe. Die Ukraine wolle Lukaschenko Angst machen, jedoch keinen umfassenden Krieg provozieren.<\/p>\n<p> 3  Contra: Das belarussische Milit\u00e4r ist schwach <\/p>\n<p class=\"tspBXm2\">Umgekehrt wisse der belarussische Machthaber sehr genau, wie schwach sein eigenes Milit\u00e4r ist. Die Opposition bezifferte die Zahl der Soldaten f\u00fcr das Jahr 2024 auf gerade mal 48.600, dazu k\u00e4men 63.000 Besch\u00e4ftigte in der Milit\u00e4rverwaltung. Selenskyj dagegen gab die St\u00e4rke der ukrainischen Armee zuletzt mit 800.000 Soldaten an. Das d\u00fcrfte \u00fcbertrieben sein \u2013 aber auch wenn es tats\u00e4chlich nur halb so viele sind, ist die personelle \u00dcberlegenheit gegen\u00fcber den belarussischen Streitkr\u00e4ften eklatant.<\/p>\n<blockquote class=\"tspCLpf\">\n<p>Die belarussische Armee ist schwach, unerfahren und nicht gro\u00df.<\/p>\n<\/blockquote>\n<p class=\"tspCLpg\">Experte Artyom Shraibma<\/p>\n<p class=\"tspBXm2\">Auch Shraibman attestierte der Truppe, die noch nie im Kriegseinsatz war, Schw\u00e4che. Das liege auch daran, dass ihr gro\u00dfe Drohneneinheiten fehlten \u2013 also genau jene Heeresteile, die im Ukraine-Krieg unverzichtbar geworden sind.<\/p>\n<p> 4  Contra: Russland braucht Frieden in Belarus\u00a0\u2013\u00a0f\u00fcr seinen Krieg <\/p>\n<p class=\"tspBXm2\">Doch was ist mit Russland? Au\u00dfenminister <a href=\"https:\/\/mid.ru\/ru\/press_service\/minister_speeches\/2121604\/\" target=\"_blank\" rel=\"noopener nofollow\" class=\"link link--external\" data-gtm-class=\"article-text-link\" data-gtm-val=\"external\" aria-describedby=\"message-target-blank\">Sergej Lawrow drohte j\u00fcngst mit Gegenma\u00dfnahmen<\/a> im Falle eines ukrainischen Angriffs auf Belarus. Daraus ergibt sich die Gefahr, dass der Kreml das Land mit in den Krieg ziehen, oder zumindest von dort aus wieder in der Ukraine attackieren k\u00f6nnte. Das \u201e<a href=\"https:\/\/www.wsj.com\/world\/russia\/russia-pressures-belarus-in-bid-to-open-new-front-in-ukraine-war-8020d37e\" target=\"_blank\" rel=\"noopener nofollow\" class=\"link link--external\" data-gtm-class=\"article-text-link\" data-gtm-val=\"external\" aria-describedby=\"message-target-blank\">Wall Street Journal<\/a>\u201c berichtete \u00fcber steigenden Druck aus Moskau, Belarus etwa als Abschussort f\u00fcr Kampfdrohnen in Richtung Ukraine zu nutzen.<\/p>\n<p class=\"tspBXm2\">Shraibman gab allerdings zu bedenken, dass Russland an einer Eskalation kein Interesse haben d\u00fcrfte.<\/p>\n<p class=\"tspBXm2\">Putin h\u00e4tte in der Vergangenheit bereits mehrere Gelegenheiten gehabt, Lukaschenko zu einer gr\u00f6\u00dferen Beteiligung am Krieg zu dr\u00e4ngen, dies jedoch nicht getan. Auch die Zahl der russischen Truppen in Belarus sei mit 1500 bis 2000 Soldaten gering \u2013 und es gebe keine Hinweise darauf, dass auf russischer Seite Kapazit\u00e4ten f\u00fcr eine Erh\u00f6hung best\u00fcnden.<\/p>\n<p>Lesen Sie au\u00dferdem<a href=\"https:\/\/www.tagesspiegel.de\/internationales\/er-schlagt-sich-ziemlich-gut-auf-einmal-lobt-trump-selenskyj--und-ist-wohl-vom-drohnenkrieg-der-ukrainer-begeistert-15752133.html?icid=topic-list_15746964___\" data-gtm-class=\"article-mzt-link\" data-hydrate-fingerprint=\"09740a54944caac75fd2c0c63fd5c5df\" data-hydrate-props=\"{&amp;escapedquot;element&amp;escapedquot;:{&amp;escapedquot;type&amp;escapedquot;:&amp;escapedquot;relatedContent&amp;escapedquot;,&amp;escapedquot;fieldMap&amp;escapedquot;:{},&amp;escapedquot;relation&amp;escapedquot;:{&amp;escapedquot;fields&amp;escapedquot;:{&amp;escapedquot;isPaid&amp;escapedquot;:null},&amp;escapedquot;href&amp;escapedquot;:&amp;escapedquot;\/internationales\/er-schlagt-sich-ziemlich-gut-auf-einmal-lobt-trump-selenskyj--und-ist-wohl-vom-drohnenkrieg-der-ukrainer-begeistert-15752133.html&amp;escapedquot;,&amp;escapedquot;teaserTitle&amp;escapedquot;:{&amp;escapedquot;kicker&amp;escapedquot;:&amp;escapedquot;\u201eEr schl\u00e4gt sich ziemlich gut\u201c&amp;escapedquot;,&amp;escapedquot;headline&amp;escapedquot;:&amp;escapedquot;Auf einmal lobt Trump Selenskyj und ist wohl vom Drohnenkrieg der Ukrainer begeistert&amp;escapedquot;},&amp;escapedquot;id&amp;escapedquot;:&amp;escapedquot;15752133&amp;escapedquot;,&amp;escapedquot;type&amp;escapedquot;:&amp;escapedquot;story&amp;escapedquot;},&amp;escapedquot;isPartOfList&amp;escapedquot;:true,&amp;escapedquot;topicListType&amp;escapedquot;:&amp;escapedquot;topic-list&amp;escapedquot;},&amp;escapedquot;showArrow&amp;escapedquot;:true}\" data-hydrate-slots=\"{&#039;default&#039;:[]}\" class=\"tspC0qm tspC1qt\" rel=\"nofollow noopener\" target=\"_blank\">\u201eEr schl\u00e4gt sich ziemlich gut\u201c Auf einmal lobt Trump Selenskyj und ist wohl vom Drohnenkrieg der Ukrainer begeistert <\/a><a href=\"https:\/\/www.tagesspiegel.de\/gesundheit\/ein-bluthochdruck-trick-den-niemand-lange-durchhalt-70-milliliter-rote-bete-saft-danach-hubba-bubba-15733809.html?icid=topic-list_15746964___\" data-gtm-class=\"article-mzt-link\" data-hydrate-fingerprint=\"09740a54944caac75fd2c0c63fd5c5df\" data-hydrate-props=\"{&amp;escapedquot;element&amp;escapedquot;:{&amp;escapedquot;type&amp;escapedquot;:&amp;escapedquot;relatedContent&amp;escapedquot;,&amp;escapedquot;fieldMap&amp;escapedquot;:{},&amp;escapedquot;relation&amp;escapedquot;:{&amp;escapedquot;fields&amp;escapedquot;:{&amp;escapedquot;isPaid&amp;escapedquot;:true},&amp;escapedquot;href&amp;escapedquot;:&amp;escapedquot;\/gesundheit\/ein-bluthochdruck-trick-den-niemand-lange-durchhalt-70-milliliter-rote-bete-saft-danach-hubba-bubba-15733809.html&amp;escapedquot;,&amp;escapedquot;teaserTitle&amp;escapedquot;:{&amp;escapedquot;kicker&amp;escapedquot;:&amp;escapedquot;Ein Bluthochdruck-Trick, den niemand lange durchh\u00e4lt&amp;escapedquot;,&amp;escapedquot;headline&amp;escapedquot;:&amp;escapedquot;70 Milliliter Rote-Bete-Saft, danach Hubba Bubba&amp;escapedquot;},&amp;escapedquot;id&amp;escapedquot;:&amp;escapedquot;15733809&amp;escapedquot;,&amp;escapedquot;type&amp;escapedquot;:&amp;escapedquot;story&amp;escapedquot;},&amp;escapedquot;isPartOfList&amp;escapedquot;:true,&amp;escapedquot;topicListType&amp;escapedquot;:&amp;escapedquot;topic-list&amp;escapedquot;},&amp;escapedquot;showArrow&amp;escapedquot;:true}\" data-hydrate-slots=\"{&#039;default&#039;:[]}\" class=\"tspC0qm tspC1qt\" rel=\"nofollow noopener\" target=\"_blank\">Ein Bluthochdruck-Trick, den niemand lange durchh\u00e4lt 70 Milliliter Rote-Bete-Saft, danach Hubba Bubba <\/a><a href=\"https:\/\/www.tagesspiegel.de\/gesellschaft\/panorama\/er-uberlebte-funf-britische-premiers-hot-podium-guy-testet-vor-der-downing-street-mikrofone--und-verzuckt-damit-das-internet-15753143.html?icid=topic-list_15746964___\" data-gtm-class=\"article-mzt-link\" data-hydrate-fingerprint=\"09740a54944caac75fd2c0c63fd5c5df\" data-hydrate-props=\"{&amp;escapedquot;element&amp;escapedquot;:{&amp;escapedquot;type&amp;escapedquot;:&amp;escapedquot;relatedContent&amp;escapedquot;,&amp;escapedquot;fieldMap&amp;escapedquot;:{},&amp;escapedquot;relation&amp;escapedquot;:{&amp;escapedquot;fields&amp;escapedquot;:{&amp;escapedquot;isPaid&amp;escapedquot;:null},&amp;escapedquot;href&amp;escapedquot;:&amp;escapedquot;\/gesellschaft\/panorama\/er-uberlebte-funf-britische-premiers-hot-podium-guy-testet-vor-der-downing-street-mikrofone--und-verzuckt-damit-das-internet-15753143.html&amp;escapedquot;,&amp;escapedquot;teaserTitle&amp;escapedquot;:{&amp;escapedquot;kicker&amp;escapedquot;:&amp;escapedquot;Er \u00fcberlebte f\u00fcnf britische Premiers&amp;escapedquot;,&amp;escapedquot;headline&amp;escapedquot;:&amp;escapedquot;\u201eHot Podium Guy\u201c testet vor der Downing Street Mikrofone\u00a0\u2013 und verz\u00fcckt das Internet&amp;escapedquot;},&amp;escapedquot;id&amp;escapedquot;:&amp;escapedquot;15753143&amp;escapedquot;,&amp;escapedquot;type&amp;escapedquot;:&amp;escapedquot;story&amp;escapedquot;},&amp;escapedquot;isPartOfList&amp;escapedquot;:true,&amp;escapedquot;topicListType&amp;escapedquot;:&amp;escapedquot;topic-list&amp;escapedquot;},&amp;escapedquot;showArrow&amp;escapedquot;:true}\" data-hydrate-slots=\"{&#039;default&#039;:[]}\" class=\"tspC0qm tspC1qt\" rel=\"nofollow noopener\" target=\"_blank\">Er \u00fcberlebte f\u00fcnf britische Premiers \u201eHot Podium Guy\u201c testet vor der Downing Street Mikrofone\u00a0\u2013 und verz\u00fcckt das Internet <\/a><\/p>\n<p class=\"tspBXm2\">F\u00fcr Putin w\u00e4re es unklug, Belarus direkt in den Krieg zu verwickeln. Zwei belarussische \u00d6l-Raffinerien arbeiteten demnach rund um die Uhr, um Russland mit Treibstoff zu versorgen. Das ist ein knapper werdendes Gut, da die Ukraine ihre Luftangriffe auf die russische \u00d6lindustrie stark ausgeweitet hat. Auch die belarussische Milit\u00e4rindustrie stehe voll im Dienst der Russen. All das w\u00e4re gef\u00e4hrdet, wenn es auf belarussischem Gebiet zum Krieg k\u00e4me.<\/p>\n<p>Lesermeinungen zum Artikel<\/p>\n<p class=\"tspBXm2\">\u201e<strong>Ein Angriff der Ukraine<\/strong>, sei er noch so klein und auf den Punkt konzentriert, <strong>w\u00fcrde eine Reaktion verlangen<\/strong>, um <strong>nicht als schwach und angreifbar dazustehen<\/strong>. <strong>Werden dadurch milit\u00e4rische <\/strong>und andere <strong>Mittel abgezogen<\/strong>, die bisher zur Unterdr\u00fcckung der eigenen Bev\u00f6lkerung ben\u00f6tigt werden, <strong>k\u00f6nnte das die Bev\u00f6lkerung zu einem neuen Aufstand ermutigen.<\/strong> Die Belarussen haben da Erfahrung.<br \/>In dem Szenario ist<strong> entscheidend, ob Lukaschenko denkt, die Ukraine w\u00fcrde <\/strong>ihre<strong> Drohung umsetzen<\/strong> und er das verhindern will.\u201c<\/p>\n<p class=\"tspBXm2\"><strong>Sie m\u00f6chten darauf antworten? <a href=\"https:\/\/www.tagesspiegel.de\/internationales\/lukaschenko-bereit-fur-kriegseintritt-warnung-vor-konflikt-zwischen-belarus-und-ukraine--aber-wie-wahrscheinlich-ist-das-wirklich-15746964.html?commentId=2a33868e-d38c-4fee-b1a2-35c7c96e9eb0\" target=\"_blank\" rel=\"noopener nofollow\" class=\"link link--external\" data-gtm-class=\"article-text-link\" data-gtm-val=\"external\" aria-describedby=\"message-target-blank\">Hier gelangen Sie\u00a0direkt zur Diskussion mit Tagesspiegel-Nutzer DerDilettant<\/a><\/strong><\/p>\n<p> Das \u201eAber\u201c zum Schluss <\/p>\n<p class=\"tspBXm2\">Was man bei alldem wissen muss: Nur, weil mehr Gr\u00fcnde gegen einen Krieg sprechen als daf\u00fcr, ist die Gefahr nicht gebannt. Die Milit\u00e4rgeschichte lehrt, dass Kriege oft aus irrationalen Gr\u00fcnden begonnen werden. Wir erinnern uns: Auch kurz vor dem russischen Einmarsch in die Ukraine hielten viele Beobachter diesen Schritt f\u00fcr unwahrscheinlich. Putin ging ihn dennoch, trotz aller absehbaren Nachteile f\u00fcr sein Land. (mit Reuters\/dpa)<\/p>\n<p class=\"tspBXm2\">Anmerkung: <a href=\"https:\/\/www.belarus-nau.org\/_files\/ugd\/1f864d_02b9b0c77a6e409e94c2b3e8091d499c.pdf\" target=\"_blank\" rel=\"noopener nofollow\" class=\"link link--external\" data-gtm-class=\"article-text-link\" data-gtm-val=\"external\" aria-describedby=\"message-target-blank\">Das Dokument<\/a> der belarussischen Opposition wurde mithilfe mehrerer KI-Tools \u00fcbersetzt.<\/p>\n","protected":false},"excerpt":{"rendered":"Bereits seit Jahren verl\u00e4uft die Kriegsfront im Osten und S\u00fcdosten der \u00fcberfallenen Ukraine. Da kann man leicht vergessen,&hellip;\n","protected":false},"author":2,"featured_media":1120311,"comment_status":"","ping_status":"","sticky":false,"template":"","format":"standard","meta":{"footnotes":"","_share_on_mastodon":"0"},"categories":[4012],"tags":[331,332,11170,662,916,13,1435,14,15,307,12,317,306,107],"class_list":["post-1120310","post","type-post","status-publish","format-standard","has-post-thumbnail","category-ukraine","tag-aktuelle-nachrichten","tag-aktuelle-news","tag-alexander-lukaschenko","tag-atomwaffen","tag-belarus","tag-headlines","tag-krieg-in-der-ukraine","tag-nachrichten","tag-news","tag-russland","tag-schlagzeilen","tag-ukraine","tag-wladimir-putin","tag-wolodymyr-selenskyj"],"share_on_mastodon":{"url":"https:\/\/pubeurope.com\/@de\/116809768340315314","error":""},"_links":{"self":[{"href":"https:\/\/www.europesays.com\/de\/wp-json\/wp\/v2\/posts\/1120310","targetHints":{"allow":["GET"]}}],"collection":[{"href":"https:\/\/www.europesays.com\/de\/wp-json\/wp\/v2\/posts"}],"about":[{"href":"https:\/\/www.europesays.com\/de\/wp-json\/wp\/v2\/types\/post"}],"author":[{"embeddable":true,"href":"https:\/\/www.europesays.com\/de\/wp-json\/wp\/v2\/users\/2"}],"replies":[{"embeddable":true,"href":"https:\/\/www.europesays.com\/de\/wp-json\/wp\/v2\/comments?post=1120310"}],"version-history":[{"count":0,"href":"https:\/\/www.europesays.com\/de\/wp-json\/wp\/v2\/posts\/1120310\/revisions"}],"wp:featuredmedia":[{"embeddable":true,"href":"https:\/\/www.europesays.com\/de\/wp-json\/wp\/v2\/media\/1120311"}],"wp:attachment":[{"href":"https:\/\/www.europesays.com\/de\/wp-json\/wp\/v2\/media?parent=1120310"}],"wp:term":[{"taxonomy":"category","embeddable":true,"href":"https:\/\/www.europesays.com\/de\/wp-json\/wp\/v2\/categories?post=1120310"},{"taxonomy":"post_tag","embeddable":true,"href":"https:\/\/www.europesays.com\/de\/wp-json\/wp\/v2\/tags?post=1120310"}],"curies":[{"name":"wp","href":"https:\/\/api.w.org\/{rel}","templated":true}]}}