{"id":1120312,"date":"2026-06-25T08:19:23","date_gmt":"2026-06-25T08:19:23","guid":{"rendered":"https:\/\/www.europesays.com\/de\/1120312\/"},"modified":"2026-06-25T08:19:23","modified_gmt":"2026-06-25T08:19:23","slug":"welthandel-eu-staaten-billigen-umsetzung-des-us-zolldeals","status":"publish","type":"post","link":"https:\/\/www.europesays.com\/de\/1120312\/","title":{"rendered":"Welthandel: EU-Staaten billigen Umsetzung des US-Zolldeals"},"content":{"rendered":"<p class=\"paragraph article__item\">Das Handelsabkommen zwischen <a class=\"rtr-entity\" href=\"https:\/\/www.zeit.de\/thema\/europaeische-union\" rel=\"nofollow noopener\" target=\"_blank\">EU<\/a> und USA kann bald vollst\u00e4ndig umgesetzt werden. Die EU-L\u00e4nder gaben in Luxemburg das finale gr\u00fcne Licht daf\u00fcr, die Z\u00f6lle auf US-Industrieg\u00fcter abzuschaffen und US-Meeresfr\u00fcchten sowie Agrarprodukten einen besseren Marktzugang zu gew\u00e4hren. Ein Sicherheitsnetz soll aber daf\u00fcr sorgen, dass die Vorteile nur dann gelten, wenn auch die USA ihre Verpflichtungen aus dem Abkommen vollst\u00e4ndig umsetzen. Darauf hatten sich das Europaparlament und die Staaten nach langem Ringen geeinigt.\n<\/p>\n<p>Aktuelles<\/p>\n<p>                <a href=\"https:\/\/www.zeit.de\/politik\/ausland\/2026-06\/zollabkommen-eu-usa-industriewaren-donald-trump-gxe\" data-ct-label=\"Zollabkommen mit den USA: EU-Parlament beschlie\u00dft Umsetzung von Zolldeal mit den USA\" data-uuid=\"0a94ef29-16d9-47f4-8d1c-c4c4adb2a089\" rel=\"nofollow noopener\" target=\"_blank\"><\/p>\n<p>                        Zollabkommen mit den USA:<br \/>\n                        EU-Parlament beschlie\u00dft Umsetzung von Zolldeal mit den USA<\/p>\n<p>                <\/a><\/p>\n<p>                <a href=\"https:\/\/www.zeit.de\/wirtschaft\/unternehmen\/2026-05\/europaeische-union-exporte-usa-abgenommen-zoll\" data-ct-label=\"US-Zollpolitik: Exporte der EU in die USA sinken um rund ein Drittel\" data-uuid=\"1477bdcf-b485-451a-9712-6875987a7ce0\" rel=\"nofollow noopener\" target=\"_blank\"><\/p>\n<p>                        US-Zollpolitik:<br \/>\n                        Exporte der EU in die USA sinken um rund ein Drittel<\/p>\n<p>                <\/a><\/p>\n<p>                <a href=\"https:\/\/www.zeit.de\/politik\/ausland\/2026-06\/iran-abkommen-usa-memorandum-of-understanding-krieg\" data-ct-label=\"Abkommen zwischen Iran und USA: Zeile f\u00fcr Zeile ein schwieriger Deal\" data-uuid=\"6f0b5358-3226-4370-8182-7412fc064ac3\" rel=\"nofollow noopener\" target=\"_blank\"><\/p>\n<p>        Z+ (abopflichtiger Inhalt);<\/p>\n<p>    Abkommen zwischen Iran und USA:<br \/>\n                        Zeile f\u00fcr Zeile ein schwieriger Deal<\/p>\n<p>                <\/a><\/p>\n<p class=\"paragraph article__item\">Die Zustimmung aller EU-L\u00e4nder fiel nun gut eine Woche, bevor sich der Unabh\u00e4ngigkeitstag der <a class=\"rtr-entity\" href=\"https:\/\/www.zeit.de\/thema\/usa\" rel=\"nofollow noopener\" target=\"_blank\">USA<\/a> am 4. Juli zum 250. Mal j\u00e4hrt. US-Pr\u00e4sident Donald Trump hatte den Tag vor einigen Wochen als Frist f\u00fcr die Umsetzung der Handelsvereinbarung ins Spiel gebracht. Die Regeln werden als N\u00e4chstes im Amtsblatt der EU ver\u00f6ffentlicht und treten am Tag danach in Kraft.\u00a0\n<\/p>\n<p>            EU stellt Bedingungen            <\/p>\n<p class=\"paragraph article__item\">Unter anderem ist vorgesehen, dass die EU-Zollzugest\u00e4ndnisse bei Verst\u00f6\u00dfen der USA gegen Absprachen wieder ausgesetzt werden k\u00f6nnen. Dies k\u00f6nnten etwa erneute Zollerh\u00f6hungen sein. Zudem sollen die USA bis Jahresende Z\u00f6lle auf Waschmaschinen und andere Produkte mit Stahlanteil auf h\u00f6chstens 15 Prozent reduzieren. Wenn dies nicht geschieht, will die EU ebenfalls solche Z\u00f6lle pr\u00fcfen.\u00a0\n<\/p>\n<p class=\"paragraph article__item\">Dar\u00fcber hinaus ist unter anderem ein festes Ablaufdatum vorgesehen, der 31. Dezember 2029. Bis zum 30. Juni 2029 muss die EU-Kommission umfassend bewerten, welche Folgen die \u00c4nderungen hatten. Sie kann dann auch vorschlagen, die Zollgest\u00e4ndnisse zu verl\u00e4ngern.\u00a0\n<\/p>\n<p>            Wichtiger Handelspartner            <\/p>\n<p class=\"paragraph article__item\">Die EU-Kommission wollte mit dem Abkommen im vergangenen Sommer nach Drohungen der US-Seite einen Handelskrieg abwehren. Die EU und die Vereinigten Staaten unterhalten umfassende bilaterale Handels- und Investitionsbeziehungen. EU-Zahlen zufolge geht es um fast 30 Prozent des weltweiten Handels mit Waren und Dienstleistungen und um 43 Prozent der weltweiten Wirtschaftsleistung. 2024 belief sich der Handel mit Waren und Dienstleistungen zwischen der EU und den USA auf ein Volumen von rund 1,7 Billionen Euro.\n<\/p>\n<p class=\"paragraph article__item\">\u00a9 dpa-infocom, dpa:260625-930-280015\/1<\/p>\n","protected":false},"excerpt":{"rendered":"Das Handelsabkommen zwischen EU und USA kann bald vollst\u00e4ndig umgesetzt werden. Die EU-L\u00e4nder gaben in Luxemburg das finale&hellip;\n","protected":false},"author":2,"featured_media":1120313,"comment_status":"","ping_status":"","sticky":false,"template":"","format":"standard","meta":{"footnotes":"","_share_on_mastodon":"0"},"categories":[3977],"tags":[222794,331,332,158,1560,14952,13,17614,14,15,12,4017,4018,4016,64,4019,4020,5225],"class_list":["post-1120312","post","type-post","status-publish","format-standard","has-post-thumbnail","category-usa","tag-agrarprodukt","tag-aktuelle-nachrichten","tag-aktuelle-news","tag-europaeische-union","tag-europaeisches-parlament","tag-handelsabkommen","tag-headlines","tag-luxemburg","tag-nachrichten","tag-news","tag-schlagzeilen","tag-united-states","tag-united-states-of-america","tag-us","tag-usa","tag-vereinigte-staaten","tag-vereinigte-staaten-von-amerika","tag-welthandel"],"share_on_mastodon":{"url":"https:\/\/pubeurope.com\/@de\/116809771635174766","error":""},"_links":{"self":[{"href":"https:\/\/www.europesays.com\/de\/wp-json\/wp\/v2\/posts\/1120312","targetHints":{"allow":["GET"]}}],"collection":[{"href":"https:\/\/www.europesays.com\/de\/wp-json\/wp\/v2\/posts"}],"about":[{"href":"https:\/\/www.europesays.com\/de\/wp-json\/wp\/v2\/types\/post"}],"author":[{"embeddable":true,"href":"https:\/\/www.europesays.com\/de\/wp-json\/wp\/v2\/users\/2"}],"replies":[{"embeddable":true,"href":"https:\/\/www.europesays.com\/de\/wp-json\/wp\/v2\/comments?post=1120312"}],"version-history":[{"count":0,"href":"https:\/\/www.europesays.com\/de\/wp-json\/wp\/v2\/posts\/1120312\/revisions"}],"wp:featuredmedia":[{"embeddable":true,"href":"https:\/\/www.europesays.com\/de\/wp-json\/wp\/v2\/media\/1120313"}],"wp:attachment":[{"href":"https:\/\/www.europesays.com\/de\/wp-json\/wp\/v2\/media?parent=1120312"}],"wp:term":[{"taxonomy":"category","embeddable":true,"href":"https:\/\/www.europesays.com\/de\/wp-json\/wp\/v2\/categories?post=1120312"},{"taxonomy":"post_tag","embeddable":true,"href":"https:\/\/www.europesays.com\/de\/wp-json\/wp\/v2\/tags?post=1120312"}],"curies":[{"name":"wp","href":"https:\/\/api.w.org\/{rel}","templated":true}]}}