{"id":112036,"date":"2025-05-15T08:15:10","date_gmt":"2025-05-15T08:15:10","guid":{"rendered":"https:\/\/www.europesays.com\/de\/112036\/"},"modified":"2025-05-15T08:15:10","modified_gmt":"2025-05-15T08:15:10","slug":"teilhabepreis-2025-bewerbungen-ab-sofort-moeglich-stadt-leipzig","status":"publish","type":"post","link":"https:\/\/www.europesays.com\/de\/112036\/","title":{"rendered":"Teilhabepreis 2025 \u2013 Bewerbungen ab sofort m\u00f6glich\u00a0&#8211; Stadt Leipzig"},"content":{"rendered":"<p>\u201eIn unserer Stadt gibt es viele Menschen, die sich f\u00fcr die gleichberechtigte Teilhabe von Menschen mit Behinderung einsetzen \u2013 in ihrer t\u00e4glichen Arbeit, in Projekten oder im Verein. Mit dem Teilhabepreis m\u00f6chten wir diesen Einsatz f\u00fcr Inklusion w\u00fcrdigen und sichtbarer machen und damit auch andere dazu anregen, Inklusion weiterzudenken und umzusetzen\u201c, sagt Sozialb\u00fcrgermeisterin Dr. Martina M\u00fcnch.<\/p>\n<p>Die drei besten Projekte werden im Oktober 2025 von Oberb\u00fcrgermeister Burkhard Jung mit Geldpreisen im Wert von insgesamt 10.000 Euro ausgezeichnet.<\/p>\n<p>Bewerbung und weitere Informationen<\/p>\n<p>Das Bewerbungsformular ist im Internet unter <a href=\"https:\/\/www.leipzig.de\/jugend-familie-und-soziales\/menschen-mit-behinderungen\/teilhabepreis\" target=\"_blank\" rel=\"noopener\">www.leipzig.de\/teilhabepreis <\/a>ver\u00f6ffentlicht. Hier werden auch Informationen zum Auswahlverfahren und zu den Preistr\u00e4gerinnen und Preistr\u00e4gern vergangener Jahre bereitgestellt.<\/p>\n","protected":false},"excerpt":{"rendered":"\u201eIn unserer Stadt gibt es viele Menschen, die sich f\u00fcr die gleichberechtigte Teilhabe von Menschen mit Behinderung einsetzen&hellip;\n","protected":false},"author":2,"featured_media":112037,"comment_status":"","ping_status":"","sticky":false,"template":"","format":"standard","meta":{"footnotes":""},"categories":[1832],"tags":[3364,29,30,1648,71,859,43684],"class_list":{"0":"post-112036","1":"post","2":"type-post","3":"status-publish","4":"format-standard","5":"has-post-thumbnail","7":"category-leipzig","8":"tag-de","9":"tag-deutschland","10":"tag-germany","11":"tag-inklusion","12":"tag-leipzig","13":"tag-sachsen","14":"tag-teilhabepreis"},"share_on_mastodon":{"url":"https:\/\/pubeurope.com\/@de\/114510857758209377","error":""},"_links":{"self":[{"href":"https:\/\/www.europesays.com\/de\/wp-json\/wp\/v2\/posts\/112036","targetHints":{"allow":["GET"]}}],"collection":[{"href":"https:\/\/www.europesays.com\/de\/wp-json\/wp\/v2\/posts"}],"about":[{"href":"https:\/\/www.europesays.com\/de\/wp-json\/wp\/v2\/types\/post"}],"author":[{"embeddable":true,"href":"https:\/\/www.europesays.com\/de\/wp-json\/wp\/v2\/users\/2"}],"replies":[{"embeddable":true,"href":"https:\/\/www.europesays.com\/de\/wp-json\/wp\/v2\/comments?post=112036"}],"version-history":[{"count":0,"href":"https:\/\/www.europesays.com\/de\/wp-json\/wp\/v2\/posts\/112036\/revisions"}],"wp:featuredmedia":[{"embeddable":true,"href":"https:\/\/www.europesays.com\/de\/wp-json\/wp\/v2\/media\/112037"}],"wp:attachment":[{"href":"https:\/\/www.europesays.com\/de\/wp-json\/wp\/v2\/media?parent=112036"}],"wp:term":[{"taxonomy":"category","embeddable":true,"href":"https:\/\/www.europesays.com\/de\/wp-json\/wp\/v2\/categories?post=112036"},{"taxonomy":"post_tag","embeddable":true,"href":"https:\/\/www.europesays.com\/de\/wp-json\/wp\/v2\/tags?post=112036"}],"curies":[{"name":"wp","href":"https:\/\/api.w.org\/{rel}","templated":true}]}}