{"id":1120369,"date":"2026-06-25T08:50:16","date_gmt":"2026-06-25T08:50:16","guid":{"rendered":"https:\/\/www.europesays.com\/de\/1120369\/"},"modified":"2026-06-25T08:50:16","modified_gmt":"2026-06-25T08:50:16","slug":"augenzeuge-filmt-geschehen-mann-greift-polizist-in-frankfurt-an-beamter-schiesst","status":"publish","type":"post","link":"https:\/\/www.europesays.com\/de\/1120369\/","title":{"rendered":"Augenzeuge filmt Geschehen: Mann greift Polizist in Frankfurt an &#8211; Beamter schie\u00dft"},"content":{"rendered":"<p>Augenzeuge filmt GeschehenMann greift Polizist in Frankfurt an &#8211; Beamter schie\u00dft23.06.2026, 21:49 Uhr<\/p>\n<p class=\"Typography_text-m__XI0da Typography_weight-normal__pqUbH\">Im Frankfurter Bahnhofsviertel findet eine gro\u00dfe Kontrollaktion der Polizei statt. Der Einsatz ger\u00e4t au\u00dfer Kontrolle: Ein Mann verletzt laut Polizeiangaben einen Beamten mit einem spitzen Gegenstand an. Der Polizist gibt daraufhin Sch\u00fcsse ab, der Angreifer f\u00e4llt zu Boden. Er wird im Krankenhaus behandelt.<\/p>\n","protected":false},"excerpt":{"rendered":"Augenzeuge filmt GeschehenMann greift Polizist in Frankfurt an &#8211; Beamter schie\u00dft23.06.2026, 21:49 Uhr Im Frankfurter Bahnhofsviertel findet eine&hellip;\n","protected":false},"author":2,"featured_media":1120370,"comment_status":"","ping_status":"","sticky":false,"template":"","format":"standard","meta":{"footnotes":"","_share_on_mastodon":"0"},"categories":[1829],"tags":[29,2050,2051,30,1000,2052,121,25441],"class_list":["post-1120369","post","type-post","status-publish","format-standard","has-post-thumbnail","category-frankfurt-am-main","tag-deutschland","tag-frankfurt","tag-frankfurt-am-main","tag-germany","tag-gewalt","tag-hessen","tag-polizei","tag-polizeigewalt"],"share_on_mastodon":{"url":"https:\/\/pubeurope.com\/@de\/116809894058716118","error":""},"_links":{"self":[{"href":"https:\/\/www.europesays.com\/de\/wp-json\/wp\/v2\/posts\/1120369","targetHints":{"allow":["GET"]}}],"collection":[{"href":"https:\/\/www.europesays.com\/de\/wp-json\/wp\/v2\/posts"}],"about":[{"href":"https:\/\/www.europesays.com\/de\/wp-json\/wp\/v2\/types\/post"}],"author":[{"embeddable":true,"href":"https:\/\/www.europesays.com\/de\/wp-json\/wp\/v2\/users\/2"}],"replies":[{"embeddable":true,"href":"https:\/\/www.europesays.com\/de\/wp-json\/wp\/v2\/comments?post=1120369"}],"version-history":[{"count":0,"href":"https:\/\/www.europesays.com\/de\/wp-json\/wp\/v2\/posts\/1120369\/revisions"}],"wp:featuredmedia":[{"embeddable":true,"href":"https:\/\/www.europesays.com\/de\/wp-json\/wp\/v2\/media\/1120370"}],"wp:attachment":[{"href":"https:\/\/www.europesays.com\/de\/wp-json\/wp\/v2\/media?parent=1120369"}],"wp:term":[{"taxonomy":"category","embeddable":true,"href":"https:\/\/www.europesays.com\/de\/wp-json\/wp\/v2\/categories?post=1120369"},{"taxonomy":"post_tag","embeddable":true,"href":"https:\/\/www.europesays.com\/de\/wp-json\/wp\/v2\/tags?post=1120369"}],"curies":[{"name":"wp","href":"https:\/\/api.w.org\/{rel}","templated":true}]}}