{"id":112038,"date":"2025-05-15T08:16:08","date_gmt":"2025-05-15T08:16:08","guid":{"rendered":"https:\/\/www.europesays.com\/de\/112038\/"},"modified":"2025-05-15T08:16:08","modified_gmt":"2025-05-15T08:16:08","slug":"bad-bunny-konzert-in-duesseldorf-so-kommt-ihr-noch-an-tickets","status":"publish","type":"post","link":"https:\/\/www.europesays.com\/de\/112038\/","title":{"rendered":"Bad Bunny Konzert in D\u00fcsseldorf \u2013 so kommt ihr noch an Tickets!"},"content":{"rendered":"<p data-p-count=\"1\">Ein Mann der Rekorde: Der dreifache Grammy- und elffache Latin-Grammy-Abr\u00e4umer Bad Bunny hat seine mit Spannung erwartete \u201eDeb\u00ed tirar m\u00e1s Fotos\u201c-Welttour (\u201eIch h\u00e4tte mehr Fotos machen sollen\u201c) angek\u00fcndigt \u2013 und <a href=\"https:\/\/www.tonight.de\/duesseldorf\" data-internallinksmanager029f6b8e52c=\"44\" title=\"D\u00fcsseldorf News\" target=\"_blank\" rel=\"noopener\">D\u00fcsseldorf<\/a> steht als einzige Stadt deutschlandweit auf dem Tourplan. Wann und wo die Tickets im Vorverkauf f\u00fcr euch bereitstehen.<\/p>\n<p> Wann und wo kommt Bad Bunny nach D\u00fcsseldorf? <\/p>\n<p data-p-count=\"2\">Nach dem \u00fcberw\u00e4ltigenden Erfolg seines gefeierten Albums wird der geb\u00fcrtige Puerto-Ricaner am Samstag und Sonntag, 20. und 21. Juni 2026, die Merkur Spiel-Arena zum Beben bringen. Der Zusatztermin am 21. Juni 2026 wurde kurz nach dem Ansturm auf die Tickets f\u00fcr den Ersttermin best\u00e4tigt. F\u00fcr alle D\u00fcsseldorfer und Fans in der Region hei\u00dft es jetzt: Kalender markieren und sich bereit machen f\u00fcr eine Nacht voller Reggaeton, einer Mischung aus Reggae, Hip-Hop und Elektro.<\/p>\n<p data-p-count=\"3\">Diese Tour-Ank\u00fcndigung kommt zu einem denkbar aufregenden Zeitpunkt in der Karriere des K\u00fcnstlers, der eigentlich Benito Antonio hei\u00dft. Sein aktuelles Album st\u00fcrmte die Charts und hielt sich wochenlang auf Platz 1. Auch abseits der Musikb\u00fchne sorgt Bad Bunny f\u00fcr Furore \u2013 sei es mit seinem gefeierten \u201eTiny Desk\u201c-Deb\u00fct oder als neues Gesicht der Calvin Klein-Kampagne. Auf Instagram z\u00e4hlt er unglaubliche 50 Millionen Abonnenten.<\/p>\n<blockquote class=\"instagram-media\" style=\"background:#FFF;border:0;margin:1px;max-width:540px;min-width:326px;padding:0;\"><\/blockquote>\n<p data-p-count=\"4\">Der 31-J\u00e4hrige, der mit seiner Konzertreihe in Puerto Rico bereits Musikgeschichte schrieb und \u00fcber 400.000 Tickets verkaufte, l\u00e4sst Fans weltweit aufhorchen. Seine Welttour ist eine Hommage an seine Wurzeln, die das Publikum in seinen Bann ziehen soll. Und das Beste: Es ist seine erste R\u00fcckkehr nach Europa seit 2019!<\/p>\n<p><strong>Weitere passende Themen: <\/strong><\/p>\n<p>  Gibt es noch Tickets? Und was kosten sie? <\/p>\n<p data-p-count=\"5\">F\u00fcr alle, die live mit dabei sein wollen, konnten sich Karten in den Vorverk\u00e4ufen ab Donnerstag, 8. Mai 2025, 12 Uhr unter <a href=\"http:\/\/www.ticketmaster.de\/presale\" target=\"_blank\" rel=\"noopener\">ticketmaster.de\/presale<\/a> bzw. ab Freitag, 9. Mai 2025, ab 12 Uhr, sichern. Leider sind bereits alle Tickets vergriffen, auch die <a href=\"https:\/\/www.vipnation.com\/\" target=\"_blank\" rel=\"noopener\">VIP-Pakete<\/a> mit Premium-Tickets, Pre-Show-Lounge-Zugang und Merchandise-Artikeln. Die Preise f\u00fcr regul\u00e4re Karten liegen zwischen 75 und 450 Euro.<\/p>\n<p data-p-count=\"6\">Aber es gibt noch eine Chance: Einige Tickets landen immer wieder im Resale. Haltet hierf\u00fcr die <a href=\"https:\/\/www.ticketmaster.de\/artist\/bad-bunny-tickets\/979454\" target=\"_blank\" rel=\"noopener\">\u00dcbersichtsseiten<\/a> der Ticket-Verkaufsplattformen im Blick.<\/p>\n","protected":false},"excerpt":{"rendered":"Ein Mann der Rekorde: Der dreifache Grammy- und elffache Latin-Grammy-Abr\u00e4umer Bad Bunny hat seine mit Spannung erwartete \u201eDeb\u00ed&hellip;\n","protected":false},"author":2,"featured_media":112039,"comment_status":"","ping_status":"","sticky":false,"template":"","format":"standard","meta":{"footnotes":""},"categories":[1831],"tags":[3364,29,3405,30,43685,1209],"class_list":{"0":"post-112038","1":"post","2":"type-post","3":"status-publish","4":"format-standard","5":"has-post-thumbnail","7":"category-duesseldorf","8":"tag-de","9":"tag-deutschland","10":"tag-duesseldorf","11":"tag-germany","12":"tag-konzerte-nrw","13":"tag-nordrhein-westfalen"},"share_on_mastodon":{"url":"https:\/\/pubeurope.com\/@de\/114510861630664007","error":""},"_links":{"self":[{"href":"https:\/\/www.europesays.com\/de\/wp-json\/wp\/v2\/posts\/112038","targetHints":{"allow":["GET"]}}],"collection":[{"href":"https:\/\/www.europesays.com\/de\/wp-json\/wp\/v2\/posts"}],"about":[{"href":"https:\/\/www.europesays.com\/de\/wp-json\/wp\/v2\/types\/post"}],"author":[{"embeddable":true,"href":"https:\/\/www.europesays.com\/de\/wp-json\/wp\/v2\/users\/2"}],"replies":[{"embeddable":true,"href":"https:\/\/www.europesays.com\/de\/wp-json\/wp\/v2\/comments?post=112038"}],"version-history":[{"count":0,"href":"https:\/\/www.europesays.com\/de\/wp-json\/wp\/v2\/posts\/112038\/revisions"}],"wp:featuredmedia":[{"embeddable":true,"href":"https:\/\/www.europesays.com\/de\/wp-json\/wp\/v2\/media\/112039"}],"wp:attachment":[{"href":"https:\/\/www.europesays.com\/de\/wp-json\/wp\/v2\/media?parent=112038"}],"wp:term":[{"taxonomy":"category","embeddable":true,"href":"https:\/\/www.europesays.com\/de\/wp-json\/wp\/v2\/categories?post=112038"},{"taxonomy":"post_tag","embeddable":true,"href":"https:\/\/www.europesays.com\/de\/wp-json\/wp\/v2\/tags?post=112038"}],"curies":[{"name":"wp","href":"https:\/\/api.w.org\/{rel}","templated":true}]}}