{"id":1120411,"date":"2026-06-25T09:13:35","date_gmt":"2026-06-25T09:13:35","guid":{"rendered":"https:\/\/www.europesays.com\/de\/1120411\/"},"modified":"2026-06-25T09:13:35","modified_gmt":"2026-06-25T09:13:35","slug":"china-killt-das-schaltwerk-neue-getriebemotoren-von-avinox-gobao-emtb-news-de","status":"publish","type":"post","link":"https:\/\/www.europesays.com\/de\/1120411\/","title":{"rendered":"China killt das Schaltwerk: neue Getriebemotoren von Avinox &#038; Gobao \u2013 eMTB-News.de"},"content":{"rendered":"<p>Inhaltsverzeichnis<\/p>\n<p>Motor, Getriebe, Automatik, Super Charging: Auf der <a href=\"https:\/\/www.mtb-news.de\/eurobike\/\" rel=\"nofollow noopener\" target=\"_blank\">Eurobike 2026<\/a> dreht sich bei den spannendsten E-Bike-Antrieben vieles um integrierte Systeme. W\u00e4hrend klassische Mittelmotoren weiterhin auf externe Kettenschaltungen setzen, arbeiten neue Konzepte daran, \u00dcbersetzung und Motorsteuerung st\u00e4rker in einer Einheit zusammenzuf\u00fchren.<\/p>\n<p>Ganz neu ist diese Idee nicht. Systeme wie die <a href=\"https:\/\/www.emtb-news.de\/news\/pinion-mgu-e1-motor-neuheit-test\/\" target=\"_blank\" rel=\"noopener nofollow\">Pinion MGU<\/a> oder fr\u00fchere Konzepte von <a href=\"https:\/\/www.emtb-news.de\/news\/valeo-effigear-motor-eurobike-2021\/\" target=\"_blank\" rel=\"noopener nofollow\">Valeo und Effigear<\/a> haben bereits gezeigt, wie stark ein gekapselter Antrieb den Aufbau eines E-Bikes ver\u00e4ndern kann. 2026 r\u00fcckt nun vor allem die stufenlose Schaltung in den Fokus: bei Gobao offiziell als ECVT, bei <a href=\"https:\/\/www.emtb-news.de\/news\/marke\/dji\/\" rel=\"nofollow noopener\" target=\"_blank\">avinox<\/a> als Avinox MG Drivetrain mit stufenloser \u00dcbersetzung und konfigurierbaren Schaltprofilen.<\/p>\n<p>Avinox MG Drivetrain: Stufenloser Antrieb mit 520 % Bandbreite<\/p>\n<p>Avinox zeigt auf der Eurobike nicht nur einen neuen Motor, sondern ein komplettes Motor-Getriebe-System. Auf den Standgrafiken wird der Antrieb als Avinox MG Drivetrain bezeichnet. Zentraler Punkt ist eine stufenlose \u00dcbersetzung: Avinox nennt eine Bandbreite von 100 bis 520 % und spricht von einer \u201einfinitely variable gear ratio\u201c. Damit liegt das System in einem Bereich, der klassische 1x-Antriebe am E-MTB nicht nur ersetzen, sondern in der Abstimmung deutlich flexibler machen k\u00f6nnte.<\/p>\n<p>Offen bleibt weiterhin, wie genau Avinox die stufenlose \u00dcbersetzung technisch umsetzt. Ob im Inneren ein mechanisches Getriebe, ein elektronisch gesteuertes CVT oder eine andere L\u00f6sung arbeitet, wurde nicht eindeutig kommuniziert. Die gezeigte Skala von 1 bis 13, die konfigurierbaren Gangprofile und die Schaltmodi f\u00fcr automatische, manuelle und mehrg\u00e4ngige Schaltvorg\u00e4nge sprechen aber klar daf\u00fcr, dass Avinox nicht einfach eine klassische Getriebeschaltung mit festen G\u00e4ngen zeigt.<\/p>\n<ul>\n<li><strong>System<\/strong> Avinox MG Drivetrain<\/li>\n<li><strong>\u00dcbersetzung<\/strong> stufenlos, laut Standgrafik 100 bis 520 %<\/li>\n<li><strong>Schaltmodi<\/strong> Automatic Shifting, Manual Shifting und Multi-Gear Shifting<\/li>\n<li><strong>Schalten unter Last<\/strong> bis 300 Nm<\/li>\n<li><strong>Schaltfenster<\/strong> unter 0,1 s<\/li>\n<li><strong>Funktionen<\/strong> Assist-off Gear Shift, station\u00e4res Schalten, Mechanical Motor Lock, Electric Reverse Assist, integrierter Speed Sensor<\/li>\n<li><strong>Plattformen<\/strong> eMTB, eTrekking, eSUV, eGravel, eCity und eCargo<\/li>\n<li><strong>Leistungsdaten<\/strong> Drehmoment, Motorleistung und Gewicht noch nicht genannt<\/li>\n<li><strong>Akkus<\/strong> kompatibel mit bisherigen Avinox-Akkus der M1-\/M2S-Plattform<\/li>\n<li><strong>Range Extender<\/strong> weiterhin vorgesehen<\/li>\n<li><strong>Marktstart<\/strong> erste Bikes potenziell Richtung Jahresende, final aber noch nicht best\u00e4tigt<\/li>\n<li><a href=\"https:\/\/www.emtb-news.de\/news\/motor_modell\/avinox-m2-m2s\/\" target=\"_blank\" rel=\"noopener nofollow\">Avinox M2\/M2S auf eMTB-News.de<\/a><\/li>\n<\/ul>\n<p>&#8222;&gt;<\/p>\n<p>            <img decoding=\"async\" class=\"js__mtbn-embed-preview-image absolute top-0 left-0 bottom-0 right-0 lg:opacity-80 group-hover:lg:opacity-100\" src=\"https:\/\/www.europesays.com\/de\/wp-content\/uploads\/2026\/06\/https:\/\/i.ytimg.com\/vi\/e1j5p3ocibI\/maxresdefault.jpg\"\/><br \/>\n<img loading=\"lazy\" decoding=\"async\" class=\"w-28 md:w-32 lg:w-40\" src=\"https:\/\/www.europesays.com\/de\/wp-content\/uploads\/2025\/07\/youtube-embed-256.png\"   width=\"256\" height=\"187\" alt=\"YouTube Icon\"\/><\/p>\n<p>Avinox killt die Kettenschaltung \u2013 Getriebemotor mit CVT (Eurobike 2026)<\/p>\n<p>            Wir ben\u00f6tigen deine Zustimmung, um den von unserer Redaktion eingebundenen Youtube-Inhalt anzuzeigen. Mit dem Klick auf das Video erkl\u00e4rst du dich damit einverstanden, dass dir externe Inhalte angezeigt werden. Damit k\u00f6nnen personenbezogene Daten an Drittplattformen \u00fcbermittelt werden. Mehr dazu in unseren <a href=\"https:\/\/www.emtb-news.de\/news\/datenschutz\/\" target=\"_blank\" rel=\"nofollow noopener\">Datenschutzhinweisen<\/a>.<\/p>\n<p>        <a id=\"fa-photo-86333\"\/><br \/>\n        <a href=\"https:\/\/fotos.emtb-news.de\/p\/86333\" title=\"Avinox nennt den neuen Antrieb auf den Eurobike-Grafiken MG Drivetrain. Sichtbar sind eine stufenlose \u00dcbersetzung von 100 bis 520 %, konfigurierbare Gangprofile und Schaltmodi f\u00fcr automatische, manuelle und mehrg\u00e4ngige Schaltvorg\u00e4nge.\" rel=\"nofollow noopener\" target=\"_blank\"><br \/>\n            <img decoding=\"async\" src=\"https:\/\/www.europesays.com\/de\/wp-content\/uploads\/2026\/06\/https:\/\/fstatic1.emtb-news.de\/v3\/0\/86\/86333-jy8ynobfc2bo-foto_rico_haase_eurobike_avinox_108-origina.jpeg\"   loading=\"lazy\" alt=\"Avinox nennt den neuen Antrieb auf den Eurobike-Grafiken MG Drivetrain. Sichtbar sind eine stufenlose \u00dcbersetzung von 100 bis 520 %, konfigurierbare Gangprofile und Schaltmodi f\u00fcr automatische, manuelle und mehrg\u00e4ngige Schaltvorg\u00e4nge.\" title=\"Avinox nennt den neuen Antrieb auf den Eurobike-Grafiken MG Drivetrain. Sichtbar sind eine stufenlose \u00dcbersetzung von 100 bis 520 %, konfigurierbare Gangprofile und Schaltmodi f\u00fcr automatische, manuelle und mehrg\u00e4ngige Schaltvorg\u00e4nge.\" data-photo-id=\"86333\" width=\"550\" height=\"367\"\/><br \/>\n        <\/a><\/p>\n<p>            <a href=\"#fa-photo-86333\" class=\"js__imageNumbering\">#<\/a><br \/>\n            <strong>Avinox nennt den neuen Antrieb auf den Eurobike-Grafiken MG Drivetrain. Sichtbar sind eine stufenlose \u00dcbersetzung von 100 bis 520 %, konfigurierbare Gangprofile und Schaltmodi f\u00fcr automatische, manuelle und mehrg\u00e4ngige Schaltvorg\u00e4nge.<\/strong> <\/p>\n<p>Besonders offensiv stellt Avinox den Schaltvorgang dar. W\u00e4hrend ein klassischer Antrieb laut Grafik ein Schaltfenster von \u00fcber einer Sekunde ben\u00f6tigt und dabei kurz Drehmoment verliert, soll der Avinox MG Drivetrain in unter 0,1 s schalten und die Kraftabgabe konstant halten. Das sind starke Aussagen \u2013 belastbare Fahreindr\u00fccke oder unabh\u00e4ngige Messwerte dazu liegen uns allerdings noch nicht vor.<\/p>\n<p>Auch bei Wartung und Effizienz argumentiert Avinox gegen den klassischen Kettenantrieb. Auf einer Grafik wird der neue Antrieb als wartungsarm beziehungsweise \u201emaintenance-free\u201c dargestellt, au\u00dferdem ist von dreifacher Haltbarkeit gegen\u00fcber einem klassischen Antrieb und 10 % Effizienzverlust beim traditionellen Antrieb die Rede. Das sollte man vorerst als Hersteller-Claim lesen: Spannend ist der Ansatz allemal, aber Angaben zu Serviceintervallen, Ersatzteilen, Langzeithaltbarkeit und realer Effizienz fehlen noch.<\/p>\n<p>                \ud83e\udd11                    Jobs in der Bikebranche<\/p>\n<p>                <a class=\"btn flex flex-row space-x-2 justify-center items-center px-8 py-2 bg-neutral-900 border-none text-white text-sm\" href=\"https:\/\/www.mtb-news.de\/jobs\/\" target=\"_blank\" rel=\"nofollow noopener\"><br \/>\n                    mehr Fahrrad-Jobs auf<br \/>\n                    <img loading=\"lazy\" decoding=\"async\" class=\"max-w-28 h-6\" width=\"788\" height=\"111\" src=\"https:\/\/www.emtb-news.de\/news\/wp-content\/themes\/mtb-news\/assets\/img\/mtbnews-jobs-logo-wide.svg\" alt=\"MTB News Jobs Logo\"\/><br \/>\n                <\/a><\/p>\n<p>Auff\u00e4llig ist, dass der neue Motor breiter baut als bisherige Avinox-Einheiten. Das spricht daf\u00fcr, dass sich die Montagepunkte und damit auch die Rahmenintegration ver\u00e4ndern k\u00f6nnten. Ein einfacher Austausch in bestehende Rahmen ist damit eher nicht zu erwarten.<\/p>\n<p>Gezeigt wurde das System in mehreren Konzeptbikes. Besonders spannend: ein Mondraker-Prototyp mit Gates-Riemen, zus\u00e4tzlichem Masse-\/D\u00e4mpfungselement an der Hinterradachse, austauschbaren Ausfallenden und variabler Hinterbaukonstruktion. Dazu kommen ein Canyon mit Kettenschaltung, ein Forbidden-Prototyp auf Basis der bekannten High-Pivot-Formensprache sowie ein Commencal mit \u00fcberarbeitet wirkender Hinterbaukinematik und anderer D\u00e4mpferanlenkung.<\/p>\n<p>        <a id=\"fa-photo-86323\"\/><br \/>\n        <a href=\"https:\/\/fotos.emtb-news.de\/p\/86323\" title=\"Avinox zeigte den neuen Getriebemotor in mehreren Konzeptbikes \u2013 unter anderem gibt es Prototypen von Forbidden, Commencal und Mondraker zu sehen.\" rel=\"nofollow noopener\" target=\"_blank\"><br \/>\n            <img decoding=\"async\" src=\"https:\/\/www.europesays.com\/de\/wp-content\/uploads\/2026\/06\/https:\/\/fstatic1.emtb-news.de\/v3\/0\/86\/86323-3yk99l44shih-foto_rico_haase_eurobike_avinox_098-origina.jpeg\"   loading=\"lazy\" alt=\"Avinox zeigte den neuen Getriebemotor in mehreren Konzeptbikes \u2013 unter anderem gibt es Prototypen von Forbidden, Commencal und Mondraker zu sehen.\" title=\"Avinox zeigte den neuen Getriebemotor in mehreren Konzeptbikes \u2013 unter anderem gibt es Prototypen von Forbidden, Commencal und Mondraker zu sehen.\" data-photo-id=\"86323\" width=\"550\" height=\"367\"\/><br \/>\n        <\/a><\/p>\n<p>            <a href=\"#fa-photo-86323\" class=\"js__imageNumbering\">#<\/a><br \/>\n            <strong>Avinox zeigte den neuen Getriebemotor in mehreren Konzeptbikes \u2013 unter anderem gibt es Prototypen von Forbidden, Commencal und Mondraker zu sehen.<\/strong> <\/p>\n<p>Eine weitere interessante Beobachtung betrifft das Ladeinterface: An einem Canyon-Konzeptbike war eine neue Ladebuchse zu sehen. Das k\u00f6nnte auf k\u00fcnftige Ladeger\u00e4te mit h\u00f6herem Ladestrom hindeuten. Best\u00e4tigt ist das allerdings noch nicht. Auf einer Standgrafik taucht au\u00dferdem eine Charging-Funktion in Verbindung mit Gef\u00e4lle-Passagen auf \u2013 ob und in welcher Form Avinox hier tats\u00e4chlich Rekuperation oder eine andere Ladefunktion meint, ist bislang nicht eindeutig erkl\u00e4rt.<\/p>\n<p>        <a id=\"fa-photo-86294\"\/><br \/>\n        <a href=\"https:\/\/fotos.emtb-news.de\/p\/86294\" title=\"Eine neue Ladebuchse an einem Canyon-Konzeptbike k\u00f6nnte auf k\u00fcnftige Schnelllade-Optionen mit h\u00f6herem Ladestrom hindeuten. Offizielle Daten dazu gibt es aber noch nicht.\" rel=\"nofollow noopener\" target=\"_blank\"><br \/>\n            <img decoding=\"async\" src=\"https:\/\/www.europesays.com\/de\/wp-content\/uploads\/2026\/06\/https:\/\/fstatic1.emtb-news.de\/v3\/0\/86\/86294-tvzjhe34dfqy-foto_rico_haase_eurobike_avinox_069-origina.jpeg\"   loading=\"lazy\" alt=\"Eine neue Ladebuchse an einem Canyon-Konzeptbike k\u00f6nnte auf k\u00fcnftige Schnelllade-Optionen mit h\u00f6herem Ladestrom hindeuten. Offizielle Daten dazu gibt es aber noch nicht.\" title=\"Eine neue Ladebuchse an einem Canyon-Konzeptbike k\u00f6nnte auf k\u00fcnftige Schnelllade-Optionen mit h\u00f6herem Ladestrom hindeuten. Offizielle Daten dazu gibt es aber noch nicht.\" data-photo-id=\"86294\" width=\"550\" height=\"367\"\/><br \/>\n        <\/a><\/p>\n<p>            <a href=\"#fa-photo-86294\" class=\"js__imageNumbering\">#<\/a><br \/>\n            <strong>Eine neue Ladebuchse an einem Canyon-Konzeptbike k\u00f6nnte auf k\u00fcnftige Schnelllade-Optionen mit h\u00f6herem Ladestrom hindeuten. Offizielle Daten dazu gibt es aber noch nicht.<\/strong> <\/p>\n<p>Gobao X1 und X1P: Motor, CVT und Schnellladen<\/p>\n<p>Deutlich konkreter wird Gobao. Die X-Serie kombiniert E-Motor und elektronisch gesteuertes, stufenloses Getriebe in einem Geh\u00e4use. Der st\u00e4rkere Gobao X1P nennt 150 Nm maximales Drehmoment, 1.500 W Spitzenleistung und 500 % \u00dcbersetzungsbandbreite. Der Gobao X1 liegt bei 120 Nm, 1.200 W und 400 % \u00dcbersetzungsbandbreite. Beide Einheiten wiegen laut Hersteller 3,85 kg.<\/p>\n<p>Beim ersten Fahreindruck wirkt der Gobao-Antrieb kr\u00e4ftig, aber nicht grob. Leistung ist reichlich vorhanden \u2013 fast schon sp\u00fcrbar viel. Gleichzeitig lie\u00df sich das System gut dosieren und machte akustisch keinen auff\u00e4llig lauten Eindruck. Interessant sind vor allem die verschiedenen Schaltmodi: manuell, kadenzbasiert und automatisch.<\/p>\n<ul>\n<li><strong>System<\/strong> Gobao X1 und X1P mit integriertem ECVT<\/li>\n<li><strong>Gobao X1<\/strong> 120 Nm, 1.200 W Spitzenleistung, 400 % \u00dcbersetzungsbandbreite<\/li>\n<li><strong>Gobao X1P<\/strong> 150 Nm, 1.500 W Spitzenleistung, 500 % \u00dcbersetzungsbandbreite<\/li>\n<li><strong>Gewicht<\/strong> 3,85 kg<\/li>\n<li><strong>Schaltmodi<\/strong> manuell, kadenzbasiert und stufenlos automatisch<\/li>\n<li><strong>Manueller Modus<\/strong> konfigurierbar von 3 bis 12 virtuellen G\u00e4ngen<\/li>\n<li><strong>Super Charging<\/strong> 10 auf 80 % in 20 Minuten mit passendem Akku und 30-A-Ladeger\u00e4t<\/li>\n<li><strong>Akkus<\/strong> 500, 750 und 900 Wh, Super Charging abh\u00e4ngig vom Akku<\/li>\n<li><a href=\"https:\/\/www.emtb-news.de\/news\/gobao-x1-x1p-infos\/\" target=\"_blank\" rel=\"noopener nofollow\">Gobao X1 &amp; X1P mit CVT auf eMTB-News.de<\/a><\/li>\n<\/ul>\n<p>&#8222;&gt;<\/p>\n<p>            <img decoding=\"async\" class=\"js__mtbn-embed-preview-image absolute top-0 left-0 bottom-0 right-0 lg:opacity-80 group-hover:lg:opacity-100\" src=\"https:\/\/www.europesays.com\/de\/wp-content\/uploads\/2026\/06\/https:\/\/i.ytimg.com\/vi\/gyD7bKbbmb4\/maxresdefault.jpg\"\/><br \/>\n<img loading=\"lazy\" decoding=\"async\" class=\"w-28 md:w-32 lg:w-40\" src=\"https:\/\/www.europesays.com\/de\/wp-content\/uploads\/2025\/07\/youtube-embed-256.png\"   width=\"256\" height=\"187\" alt=\"YouTube Icon\"\/><\/p>\n<p>Gobao X1P im ersten Test: Motor + CVT-Getriebe in einem \u2013 80 % Akku in 20 Minuten!<\/p>\n<p>            Wir ben\u00f6tigen deine Zustimmung, um den von unserer Redaktion eingebundenen Youtube-Inhalt anzuzeigen. Mit dem Klick auf das Video erkl\u00e4rst du dich damit einverstanden, dass dir externe Inhalte angezeigt werden. Damit k\u00f6nnen personenbezogene Daten an Drittplattformen \u00fcbermittelt werden. Mehr dazu in unseren <a href=\"https:\/\/www.emtb-news.de\/news\/datenschutz\/\" target=\"_blank\" rel=\"nofollow noopener\">Datenschutzhinweisen<\/a>.<\/p>\n<p>        <a id=\"fa-photo-86243\"\/><br \/>\n        <a href=\"https:\/\/fotos.emtb-news.de\/p\/86243\" title=\"Gobao kombiniert beim X1 und X1P Motor und elektronisch gesteuertes CVT in einem Geh\u00e4use. Der st\u00e4rkere X1P nennt 150 Nm Drehmoment, 1.500 W Spitzenleistung und 500 % \u00dcbersetzungsbandbreite.\" rel=\"nofollow noopener\" target=\"_blank\"><br \/>\n            <img decoding=\"async\" src=\"https:\/\/www.europesays.com\/de\/wp-content\/uploads\/2026\/06\/https:\/\/fstatic1.emtb-news.de\/v3\/0\/86\/86243-moc56kj58y4f-foto_chris_spath_eurobike_gobao_27-original.jpeg\"   loading=\"lazy\" alt=\"Gobao kombiniert beim X1 und X1P Motor und elektronisch gesteuertes CVT in einem Geh\u00e4use. Der st\u00e4rkere X1P nennt 150 Nm Drehmoment, 1.500 W Spitzenleistung und 500 % \u00dcbersetzungsbandbreite.\" title=\"Gobao kombiniert beim X1 und X1P Motor und elektronisch gesteuertes CVT in einem Geh\u00e4use. Der st\u00e4rkere X1P nennt 150 Nm Drehmoment, 1.500 W Spitzenleistung und 500 % \u00dcbersetzungsbandbreite.\" data-photo-id=\"86243\" width=\"550\" height=\"367\"\/><br \/>\n        <\/a><\/p>\n<p>            <a href=\"#fa-photo-86243\" class=\"js__imageNumbering\">#<\/a><br \/>\n            <strong>Gobao kombiniert beim X1 und X1P Motor und elektronisch gesteuertes CVT in einem Geh\u00e4use. Der st\u00e4rkere X1P nennt 150 Nm Drehmoment, 1.500 W Spitzenleistung und 500 % \u00dcbersetzungsbandbreite.<\/strong> <\/p>\n<p>Der Automatikmodus funktioniert grunds\u00e4tzlich unauff\u00e4llig, d\u00fcrfte am E-MTB aber nicht f\u00fcr jeden passen. In h\u00f6heren G\u00e4ngen schiebt das System stark auf die 25-km\/h-Grenze zu und arbeitet dabei mit eher niedriger Kadenz. F\u00fcr City- oder Trekking-Bikes kann das angenehm sein; sportliche Mountainbiker d\u00fcrften sich je nach Gel\u00e4nde eine h\u00f6here Trittfrequenz w\u00fcnschen.<\/p>\n<p>            <a id=\"fa-photo-86268\"\/><br \/>\n            <a href=\"https:\/\/fotos.emtb-news.de\/p\/86268\" title=\"Auch einen ersten Fahreindruck gabs auf der Eurobike ...\" rel=\"nofollow noopener\" target=\"_blank\"><br \/>\n                <img decoding=\"async\" src=\"https:\/\/www.europesays.com\/de\/wp-content\/uploads\/2026\/06\/https:\/\/fstatic1.emtb-news.de\/v3\/0\/86\/86268-lcb9zaxshlth-foto_chris_spath_eurobike_gobao_02-original.jpeg\"   loading=\"lazy\" alt=\"Auch einen ersten Fahreindruck gabs auf der Eurobike ...\" title=\"Auch einen ersten Fahreindruck gabs auf der Eurobike ...\" data-photo-id=\"86268\" height=\"367\" width=\"550\"\/><br \/>\n            <\/a><\/p>\n<p>                <a href=\"#fa-photo-86268\" class=\"js__imageNumbering\">#<\/a><br \/>\n                <strong>Auch einen ersten Fahreindruck gabs auf der Eurobike &#8230;<\/strong> <\/p>\n<p>            <a id=\"fa-photo-86266\"\/><br \/>\n            <a href=\"https:\/\/fotos.emtb-news.de\/p\/86266\" title=\"... auf den ersten Metern zeigte sich reichlich Leistung und eine gute Dosierung. Und auch bei der Lautst\u00e4rke gabs keine Auff\u00e4lligkeiten.\" rel=\"nofollow noopener\" target=\"_blank\"><br \/>\n                <img decoding=\"async\" src=\"https:\/\/www.europesays.com\/de\/wp-content\/uploads\/2026\/06\/https:\/\/fstatic1.emtb-news.de\/v3\/0\/86\/86266-u3gvd08mr7qo-foto_chris_spath_eurobike_gobao_04-original.jpeg\"   loading=\"lazy\" alt=\"... auf den ersten Metern zeigte sich reichlich Leistung und eine gute Dosierung. Und auch bei der Lautst\u00e4rke gabs keine Auff\u00e4lligkeiten.\" title=\"... auf den ersten Metern zeigte sich reichlich Leistung und eine gute Dosierung. Und auch bei der Lautst\u00e4rke gabs keine Auff\u00e4lligkeiten.\" data-photo-id=\"86266\" height=\"367\" width=\"550\"\/><br \/>\n            <\/a><\/p>\n<p>                <a href=\"#fa-photo-86266\" class=\"js__imageNumbering\">#<\/a><br \/>\n                <strong>&#8230; auf den ersten Metern zeigte sich reichlich Leistung und eine gute Dosierung. Und auch bei der Lautst\u00e4rke gabs keine Auff\u00e4lligkeiten.<\/strong> <\/p>\n<p>Spannender f\u00fcr den Trail-Einsatz wirkt der kadenzbasierte Modus. Gerade auf stetigen Anstiegen kann es sinnvoll sein, wenn der Antrieb die \u00dcbersetzung so w\u00e4hlt, dass die Kadenz im gew\u00fcnschten Bereich bleibt. Die manuelle Schaltung funktioniert ebenfalls gut, f\u00fchlt sich aber anders an als eine klassische Kettenschaltung: Weil kein mechanisches Schaltger\u00e4usch und kaum sp\u00fcrbares Feedback entsteht, muss man sich an das virtuelle Schaltgef\u00fchl erst gew\u00f6hnen.<\/p>\n<p>            <a id=\"fa-photo-86263\"\/><br \/>\n            <a href=\"https:\/\/fotos.emtb-news.de\/p\/86263\" title=\"Im manuellen Modus kann Gobao virtuelle G\u00e4nge abbilden \u2013 je nach Einstellung von 3 bis 12 G\u00e4ngen.\" rel=\"nofollow noopener\" target=\"_blank\"><br \/>\n                <img decoding=\"async\" src=\"https:\/\/www.europesays.com\/de\/wp-content\/uploads\/2026\/06\/https:\/\/fstatic1.emtb-news.de\/v3\/0\/86\/86263-0vlndvw7i9uu-foto_chris_spath_eurobike_gobao_07-original.jpeg\"   loading=\"lazy\" alt=\"Im manuellen Modus kann Gobao virtuelle G\u00e4nge abbilden \u2013 je nach Einstellung von 3 bis 12 G\u00e4ngen.\" title=\"Im manuellen Modus kann Gobao virtuelle G\u00e4nge abbilden \u2013 je nach Einstellung von 3 bis 12 G\u00e4ngen.\" data-photo-id=\"86263\" height=\"367\" width=\"550\"\/><br \/>\n            <\/a><\/p>\n<p>                <a href=\"#fa-photo-86263\" class=\"js__imageNumbering\">#<\/a><br \/>\n                <strong>Im manuellen Modus kann Gobao virtuelle G\u00e4nge abbilden \u2013 je nach Einstellung von 3 bis 12 G\u00e4ngen.<\/strong> <\/p>\n<p>            <a id=\"fa-photo-86264\"\/><br \/>\n            <a href=\"https:\/\/fotos.emtb-news.de\/p\/86264\" title=\"In den Automatikmodi nutzt das System die \u00dcbersetzungsbandbreite stufenlos aus.\" rel=\"nofollow noopener\" target=\"_blank\"><br \/>\n                <img decoding=\"async\" src=\"https:\/\/www.europesays.com\/de\/wp-content\/uploads\/2026\/06\/https:\/\/fstatic1.emtb-news.de\/v3\/0\/86\/86264-8dzf2q6ga4zp-foto_chris_spath_eurobike_gobao_06-original.jpeg\"   loading=\"lazy\" alt=\"In den Automatikmodi nutzt das System die \u00dcbersetzungsbandbreite stufenlos aus.\" title=\"In den Automatikmodi nutzt das System die \u00dcbersetzungsbandbreite stufenlos aus.\" data-photo-id=\"86264\" height=\"367\" width=\"550\"\/><br \/>\n            <\/a><\/p>\n<p>                <a href=\"#fa-photo-86264\" class=\"js__imageNumbering\">#<\/a><br \/>\n                <strong>In den Automatikmodi nutzt das System die \u00dcbersetzungsbandbreite stufenlos aus.<\/strong> <\/p>\n<p>CVT-Motoren: Was spricht daf\u00fcr?<\/p>\n<p>Der Reiz solcher Systeme liegt auf der Hand: weniger exponierte Schaltungsteile, weniger Risiko f\u00fcr verbogene Schaltwerke, keine klassischen Schaltvorg\u00e4nge unter Last und mehr Freiheit bei Hinterbau, Kettenlinie oder sogar Riemenantrieb. F\u00fcr E-MTBs kann das besonders interessant sein, weil Motorleistung und Schaltvorgang nicht getrennt voneinander betrachtet werden m\u00fcssen.<\/p>\n<p>Gleichzeitig ist die Integration anspruchsvoll. Ein Motor-Getriebe-System muss nicht nur stark sein, sondern auch effizient, haltbar, servicefreundlich und gut abgestimmt. Gewicht, Bauraum, W\u00e4rmeentwicklung, Software und Ersatzteilversorgung entscheiden dar\u00fcber, ob ein Konzept nur auf der Messe beeindruckt oder sp\u00e4ter auch im Alltag und auf dem Trail \u00fcberzeugt.<\/p>\n<p class=\"mtbn-call-to-action\">Was haltet ihr von CVT-Motoren f\u00fcrs E-MTB: logischer n\u00e4chster Schritt oder bleibt ihr lieber bei klassischer Kettenschaltung?<\/p>\n<p><a class=\"mtbnews-link-button\" href=\"https:\/\/www.mtb-news.de\/eurobike\/\" rel=\"nofollow noopener\" target=\"_blank\">Eurobike 2026 \u2013 Alle News und Highlights<\/a><\/p>\n<p><img decoding=\"async\" class=\"wp-worthy-pixel-img skip-lazy \" src=\"https:\/\/www.europesays.com\/de\/wp-content\/uploads\/2026\/06\/f23cf4a37d13465abc4bda3066a8d4c4.gif\" loading=\"eager\" data-no-lazy=\"1\" data-skip-lazy=\"1\" height=\"1\" width=\"1\" alt=\"\"\/><\/p>\n","protected":false},"excerpt":{"rendered":"Inhaltsverzeichnis Motor, Getriebe, Automatik, Super Charging: Auf der Eurobike 2026 dreht sich bei den spannendsten E-Bike-Antrieben vieles um&hellip;\n","protected":false},"author":2,"featured_media":1120412,"comment_status":"","ping_status":"","sticky":false,"template":"","format":"standard","meta":{"footnotes":"","_share_on_mastodon":"0"},"categories":[134],"tags":[175,170,169,29,30,171,174,708,173,172],"class_list":["post-1120411","post","type-post","status-publish","format-standard","has-post-thumbnail","category-unternehmen-maerkte","tag-business","tag-companies","tag-companies-markets","tag-deutschland","tag-germany","tag-markets","tag-maerkte","tag-popular","tag-unternehmen","tag-unternehmen-maerkte"],"share_on_mastodon":{"url":"https:\/\/pubeurope.com\/@de\/116809986686645985","error":""},"_links":{"self":[{"href":"https:\/\/www.europesays.com\/de\/wp-json\/wp\/v2\/posts\/1120411","targetHints":{"allow":["GET"]}}],"collection":[{"href":"https:\/\/www.europesays.com\/de\/wp-json\/wp\/v2\/posts"}],"about":[{"href":"https:\/\/www.europesays.com\/de\/wp-json\/wp\/v2\/types\/post"}],"author":[{"embeddable":true,"href":"https:\/\/www.europesays.com\/de\/wp-json\/wp\/v2\/users\/2"}],"replies":[{"embeddable":true,"href":"https:\/\/www.europesays.com\/de\/wp-json\/wp\/v2\/comments?post=1120411"}],"version-history":[{"count":0,"href":"https:\/\/www.europesays.com\/de\/wp-json\/wp\/v2\/posts\/1120411\/revisions"}],"wp:featuredmedia":[{"embeddable":true,"href":"https:\/\/www.europesays.com\/de\/wp-json\/wp\/v2\/media\/1120412"}],"wp:attachment":[{"href":"https:\/\/www.europesays.com\/de\/wp-json\/wp\/v2\/media?parent=1120411"}],"wp:term":[{"taxonomy":"category","embeddable":true,"href":"https:\/\/www.europesays.com\/de\/wp-json\/wp\/v2\/categories?post=1120411"},{"taxonomy":"post_tag","embeddable":true,"href":"https:\/\/www.europesays.com\/de\/wp-json\/wp\/v2\/tags?post=1120411"}],"curies":[{"name":"wp","href":"https:\/\/api.w.org\/{rel}","templated":true}]}}