{"id":1120413,"date":"2026-06-25T09:14:32","date_gmt":"2026-06-25T09:14:32","guid":{"rendered":"https:\/\/www.europesays.com\/de\/1120413\/"},"modified":"2026-06-25T09:14:32","modified_gmt":"2026-06-25T09:14:32","slug":"grossartige-fuehrungsperson-nato-generalsekretaer-rutte-ueberschwaenglich-im-weissen-haus-empfangen","status":"publish","type":"post","link":"https:\/\/www.europesays.com\/de\/1120413\/","title":{"rendered":"&#8222;Gro\u00dfartige F\u00fchrungsperson&#8220;: Nato-Generalsekret\u00e4r Rutte \u00fcberschw\u00e4nglich im Wei\u00dfen Haus empfangen"},"content":{"rendered":"<p>&#8222;Gro\u00dfartige F\u00fchrungsperson&#8220;Nato-Generalsekret\u00e4r Rutte \u00fcberschw\u00e4nglich im Wei\u00dfen Haus empfangen<\/p>\n<p>25.06.2026, 02:31 Uhr <\/p>\n<p>Artikel anh\u00f6ren(04:44 min)<\/p>\n<p>TeilenFolgen auf:<a href=\"https:\/\/www.whatsapp.com\/channel\/0029Va5cdVJD8SDp5YZgYF01\" title=\"Auf WhatsApp folgen\" target=\"_blank\" rel=\"nofollow noopener\"><img decoding=\"async\" src=\"https:\/\/www.n-tv.de\/socialIcons\/whatsapp.svg\" alt=\"whatsapp\" class=\"ArticleShare_icon__FsrC2\"\/><\/a><a href=\"https:\/\/www.google.com\/preferences\/source?q=n-tv.de\" title=\"ntv als bevorzugte Quelle auf Google hinzuf\u00fcgen\" target=\"_blank\" rel=\"nofollow noopener\"><img decoding=\"async\" src=\"https:\/\/www.n-tv.de\/socialIcons\/google.svg\" alt=\"whatsapp\" class=\"ArticleShare_icon__FsrC2\"\/><\/a><\/p>\n<p class=\"Typography_text-m__XI0da Typography_weight-bold__uT6mq storyline_lead_text_leadtext__q_wg8\">Kurz vor dem Nato-Gipfel gibt es St\u00f6rger\u00e4usche zwischen Washington und den europ\u00e4ischen Verb\u00fcndeten. Trump f\u00fchlt sich von ihnen im Iran-Krieg im Stich gelassen. Nato-Generalsekret\u00e4r Rutte will den US-Pr\u00e4sidenten beschwichtigen, doch das gelingt ihm nur so halb. <\/p>\n<p class=\"Typography_text-default__P3otY Typography_weight-normal__pqUbH storyline_paragraph_p__qSR5N\">US-Pr\u00e4sident Donald Trump hat Nato-Generalsekret\u00e4r Mark Rutte als &#8222;gro\u00dfartige F\u00fchrungsperson&#8220; gelobt und zugleich seine Kritik an mehreren europ\u00e4ischen L\u00e4ndern bekr\u00e4ftigt. &#8222;Er ist ein Freund von mir, (&#8230;) ein gro\u00dfartiger Generalsekret\u00e4r, jeder respektiert ihn&#8220;, sagte Trump bei einem Treffen mit Rutte im Oval Office in Washington. Rutte habe wirklich gute Arbeit geleistet: &#8222;Ich glaube, wenn irgendjemand anderes in dieser Position w\u00e4re, w\u00fcrden wir uns heute gar nicht treffen, um ehrlich zu sein, denn wir wurden im Stich gelassen&#8220;.<\/p>\n<p class=\"Typography_text-default__P3otY Typography_weight-normal__pqUbH storyline_paragraph_p__qSR5N\">Der Nato-Generalsekret\u00e4r ist f\u00fcr seine gute Beziehung zu Trump bekannt &#8211; sah sich aber auch schon mit Kritik konfrontiert, er w\u00fcrde den US-Pr\u00e4sidenten zu sehr umschmeicheln. Bei seinem Besuch in Washington ging es f\u00fcr Rutte nun darum, die Wogen so gut wie m\u00f6glich zu gl\u00e4tten &#8211; knapp zwei Wochen vor dem Nato-Gipfel in der t\u00fcrkischen Hauptstadt Ankara. Trump und andere Vertreter seiner Regierung hatten zuletzt mehrfach die aus ihrer Sicht mangelnde Unterst\u00fctzung von Alliierten f\u00fcr den US-Krieg gegen den Iran kritisiert.<\/p>\n<p>Rutte zeigt Verst\u00e4ndnis f\u00fcr Trump<\/p>\n<p class=\"Typography_text-default__P3otY Typography_weight-normal__pqUbH storyline_paragraph_p__qSR5N\">Angesprochen darauf, ob er nach wie vor denke, dass europ\u00e4ische Verb\u00fcndete ihn schlecht behandelt h\u00e4tten, bekr\u00e4ftigte Trump seinen Unmut. &#8222;Ich war von Italien entt\u00e4uscht. Ich war vom Vereinigten K\u00f6nigreich entt\u00e4uscht. (&#8230;) Wir waren von Deutschland und Frankreich entt\u00e4uscht.&#8220; Man sei von den meisten entt\u00e4uscht gewesen, fuhr Trump fort &#8211; und griff sich dann ein Land besonders raus: Im Zusammenhang mit Spanien sprach er von einer &#8222;Horrorshow&#8220;. Zugleich betonte er, gro\u00dfen Respekt vor Rutte zu haben. Man werde besprechen, was geschehen ist und sehen, was passieren werde. US-Regierungsvertreter hatten vor dem Hintergrund ihrer Kritik an Verb\u00fcndeten zuletzt eine Neubewertung der US-Beziehungen zur Nato angek\u00fcndigt.<\/p>\n<p class=\"Typography_text-default__P3otY Typography_weight-normal__pqUbH storyline_paragraph_p__qSR5N\">Rutte \u00e4u\u00dferte grunds\u00e4tzlich Verst\u00e4ndnis f\u00fcr Trumps Ver\u00e4rgerung \u00fcber die aus seiner Sicht mangelnde Unterst\u00fctzung durch die Verb\u00fcndeten im Iran-Krieg. Es handele sich aber um &#8222;Einzelf\u00e4lle&#8220;, sagte der Niederl\u00e4nder. Deutschland etwa habe gegen\u00fcber den USA &#8222;seine bilateralen Verpflichtungen erf\u00fcllt&#8220;, sagte der Nato-Generalsekret\u00e4r. Zudem habe die Bundesregierung, wie von Trump verlangt, die Verteidigungsausgaben deutlich gesteigert.<\/p>\n<p>Rom widerspricht Rutte <\/p>\n<p class=\"Typography_text-default__P3otY Typography_weight-normal__pqUbH storyline_paragraph_p__qSR5N\">Vor dem Treffen Ruttes mit Trump hatte Italien \u00c4u\u00dferungen des Nato-Generalsekret\u00e4rs zur Nutzung italienischer St\u00fctzpunkte durch die US-Armee w\u00e4hrend des Iran-Kriegs zur\u00fcckgewiesen. Rutte habe eine &#8222;vollkommen irref\u00fchrende Botschaft&#8220; verbreitet, erkl\u00e4rte das Verteidigungsministerium in Rom. Er habe &#8222;die Art der genehmigten Fl\u00fcge verwechselt&#8220;. Rutte hatte dem US-Sender Fox News als Reaktion auf die Kritik von US-Pr\u00e4sident Donald Trump an den europ\u00e4ischen Verb\u00fcndeten gesagt, dass w\u00e4hrend der Angriffe der USA auf den Iran 500 US-Milit\u00e4rmaschinen von italienischen St\u00fctzpunkten gestartet seien. Insgesamt seien von Europa aus 4000 bis 5000 Flugeins\u00e4tze gestartet, sagte Rutte.<\/p>\n<p class=\"Typography_text-default__P3otY Typography_weight-normal__pqUbH storyline_paragraph_p__qSR5N\">Das italienische Verteidigungsministerium betonte nun aber, es seien nur &#8222;technische und logistische&#8220; Fl\u00fcge der US-Luftwaffe zugelassen worden. &#8222;In den F\u00e4llen, in denen ein Antrag gestellt wurde, der \u00fcber diesen Rahmen hinausging, hat Italien, wie allgemein bekannt ist, keine Genehmigung erteilt&#8220;, betonte das Ministerium. Die Nutzung italienischer St\u00fctzpunkte f\u00fcr Kampfeins\u00e4tze muss von der Regierung genehmigt werden, die daf\u00fcr die Zustimmung des Parlaments einholen muss.<\/p>\n<p class=\"Typography_text-default__P3otY Typography_weight-normal__pqUbH storyline_paragraph_p__qSR5N\">Das Verh\u00e4ltnis zwischen den USA und den anderen Nato-Verb\u00fcndeten ist seit L\u00e4ngerem angespannt. Trump kritisierte L\u00e4nder wie Italien und Deutschland unter anderem daf\u00fcr, die USA im Iran-Krieg nicht ausreichend unterst\u00fctzt zu haben &#8211; und drohte wiederholt damit, sie im Ernstfall nicht zu verteidigen. Zudem sorgte er mit herablassenden \u00c4u\u00dferungen \u00fcber die italienische Regierungschefin Giorgia Meloni f\u00fcr Emp\u00f6rung in Italien.<\/p>\n<p class=\"Typography_text-s__wu_cm Typography_weight-normal__pqUbH Typography_color-darkgrey__sZEnP article-detail-footer_source__KslPc\">Quelle: ntv.de, mau\/dpa\/AFP<\/p>\n","protected":false},"excerpt":{"rendered":"&#8222;Gro\u00dfartige F\u00fchrungsperson&#8220;Nato-Generalsekret\u00e4r Rutte \u00fcberschw\u00e4nglich im Wei\u00dfen Haus empfangen 25.06.2026, 02:31 Uhr Artikel anh\u00f6ren(04:44 min) TeilenFolgen auf: Kurz vor&hellip;\n","protected":false},"author":2,"featured_media":1120414,"comment_status":"","ping_status":"","sticky":false,"template":"","format":"standard","meta":{"footnotes":"","_share_on_mastodon":"0"},"categories":[3],"tags":[106,9236,13,186871,4543,14,1159,15,16,12,10,8,9,11,103,104],"class_list":["post-1120413","post","type-post","status-publish","format-standard","has-post-thumbnail","category-welt","tag-donald-trump","tag-giorgia-meloni","tag-headlines","tag-iran-krieg","tag-mark-rutte","tag-nachrichten","tag-nato","tag-news","tag-politik","tag-schlagzeilen","tag-top-news","tag-top-meldungen","tag-topmeldungen","tag-topnews","tag-welt","tag-world"],"share_on_mastodon":{"url":"https:\/\/pubeurope.com\/@de\/116809988143519363","error":""},"_links":{"self":[{"href":"https:\/\/www.europesays.com\/de\/wp-json\/wp\/v2\/posts\/1120413","targetHints":{"allow":["GET"]}}],"collection":[{"href":"https:\/\/www.europesays.com\/de\/wp-json\/wp\/v2\/posts"}],"about":[{"href":"https:\/\/www.europesays.com\/de\/wp-json\/wp\/v2\/types\/post"}],"author":[{"embeddable":true,"href":"https:\/\/www.europesays.com\/de\/wp-json\/wp\/v2\/users\/2"}],"replies":[{"embeddable":true,"href":"https:\/\/www.europesays.com\/de\/wp-json\/wp\/v2\/comments?post=1120413"}],"version-history":[{"count":0,"href":"https:\/\/www.europesays.com\/de\/wp-json\/wp\/v2\/posts\/1120413\/revisions"}],"wp:featuredmedia":[{"embeddable":true,"href":"https:\/\/www.europesays.com\/de\/wp-json\/wp\/v2\/media\/1120414"}],"wp:attachment":[{"href":"https:\/\/www.europesays.com\/de\/wp-json\/wp\/v2\/media?parent=1120413"}],"wp:term":[{"taxonomy":"category","embeddable":true,"href":"https:\/\/www.europesays.com\/de\/wp-json\/wp\/v2\/categories?post=1120413"},{"taxonomy":"post_tag","embeddable":true,"href":"https:\/\/www.europesays.com\/de\/wp-json\/wp\/v2\/tags?post=1120413"}],"curies":[{"name":"wp","href":"https:\/\/api.w.org\/{rel}","templated":true}]}}