{"id":1120511,"date":"2026-06-25T10:10:17","date_gmt":"2026-06-25T10:10:17","guid":{"rendered":"https:\/\/www.europesays.com\/de\/1120511\/"},"modified":"2026-06-25T10:10:17","modified_gmt":"2026-06-25T10:10:17","slug":"ein-traum-wird-wahr-rams-nachwuchs-greift-nach-europas-krone","status":"publish","type":"post","link":"https:\/\/www.europesays.com\/de\/1120511\/","title":{"rendered":"Ein Traum wird wahr: Rams-Nachwuchs greift nach Europas Krone."},"content":{"rendered":"<p class=\"text_ohne_einzug richtext text-em-55 !leading-serif mx-6 desktop:mx-0\">Wenn am fr\u00fchen Donnerstagmorgen die Taschen verstaut, die Schl\u00e4ger kontrolliert und die letzten Trikots eingepackt werden, steigt bei der U16 der D\u00fcsseldorf Rams die Vorfreude sp\u00fcrbar an. Das Ziel ist kein gew\u00f6hnlicher Turnierort, sondern ein Sehnsuchtsort des europ\u00e4ischen Inline-Skaterhockeys: Rossemaison im Schweizer Jura. F\u00fcr viele der jungen Spieler geht damit ein Traum in Erf\u00fcllung.<\/p>\n<p class=\"richtext text-em-55 !leading-serif mx-6 desktop:mx-0\">Als amtierender Deutscher Meister reist die U16 der Rams am 26. Juni zum U16 European Cup 2026. Zehn Mannschaften aus vier Nationen k\u00e4mpfen dort um die europ\u00e4ische Krone. F\u00fcr die D\u00fcsseldorfer ist es die Belohnung f\u00fcr eine herausragende Saison \u2013 und die Chance, sich mit den besten Nachwuchsteams des Kontinents zu messen.<\/p>\n<p class=\"richtext text-em-55 !leading-serif mx-6 desktop:mx-0\">Die Vorfreude auf das Turnier ist riesig. Schlie\u00dflich wartet mit dem Forum Biwi eine Spielst\u00e4tte, die in der Skaterhockey-Welt beinahe legend\u00e4ren Status genie\u00dft. \u201eF\u00fcr jeden Jugendlichen ist es etwas ganz Besonderes, in diesem Tempel des Skaterhockeysports spielen zu d\u00fcrfen\u201c, sagt Stefan Sporken, ehemaliger Vorsitzender und Ex-Pressesprecher der D\u00fcsseldorf Rams,. \u201eDas wird ein unvergesslicher H\u00f6hepunkt in der Karriere. Das Biwi gilt als eine der sch\u00f6nsten Hallen Europas. Es ist das Wembley des Skaterhockeysports.\u201c<\/p>\n<p class=\"richtext text-em-55 !leading-serif mx-6 desktop:mx-0\">Rossemaison, ein Dorf mit nicht einmal 1000 Einwohnern, gilt als absolutes Mekka des europ\u00e4ischen Inline-Skaterhockeys. Heimatverein ist der SHC Rossemaison, einer der erfolgreichsten Clubs Europas. Mehr als 400 Mitglieder z\u00e4hlt der Verein \u2013 eine beeindruckende Zahl f\u00fcr einen so kleinen Ort. Zahlreiche Schweizer Meisterschaften, Europacup-Titel und internationale Turniere haben Rossemaison zu einem festen Begriff in der europ\u00e4ischen Hockeyszene gemacht.<\/p>\n<p class=\"richtext text-em-55 !leading-serif mx-6 desktop:mx-0\">Das Herzst\u00fcck des Ortes ist das Forum Biwi. Die Halle wurde speziell f\u00fcr den Sport konzipiert und verbindet moderne Infrastruktur mit einer Atmosph\u00e4re, die ihresgleichen sucht. Gespielt wird auf einem speziellen fl\u00e4chenelastischen Parkettboden, der schnelles und technisch anspruchsvolles Hockey erm\u00f6glicht. Bei gro\u00dfen Turnieren verwandeln die leidenschaftlichen Zuschauer die Arena regelm\u00e4\u00dfig in einen Hexenkessel.<\/p>\n<p class=\"richtext text-em-55 !leading-serif mx-6 desktop:mx-0\">Stefan Sporken wird die Mannschaft als Vater begleiten und fiebert dem Wochenende entgegen. \u201eWer einmal ein internationales Turnier im Biwi erlebt hat, versteht sofort, warum diese Halle einen solchen Ruf genie\u00dft\u201c, sagt er. \u201eHier trifft professionelle Organisation auf eine unglaubliche Begeisterung des ganzen Dorfes. Das ist etwas ganz Besonderes.\u201c<\/p>\n<p class=\"richtext text-em-55 !leading-serif mx-6 desktop:mx-0\">Das kommende Wochenende steht bei den D\u00fcsseldorf Rams ganz im Zeichen Europas. Die U16 hat sich als Deutscher Meister 2025 f\u00fcr den European Cup qualifiziert, aus Deutschland sind au\u00dferdem Deggendorf als Vizemeister und der Crefelder SC als Tabellendritter vertreten. Insgesamt gehen zehn Mannschaften an den Start: IHC La Broye, Wolfurt Walkers, D\u00fcsseldorf Rams, IH Sayaluca Cadempino Lugano, Deggendorf Pflanz, Vienna 95ers, Brighton Stormers, SHC Wollerau, Crefelder SC und Gastgeber SHC Rossemaison.<\/p>\n<p class=\"richtext text-em-55 !leading-serif mx-6 desktop:mx-0\">Die Rams um Kapit\u00e4n Elias Schott treffen in Gruppe A auf Gastgeber SHC Rossemaison, den Crefelder SC, IH Sayaluca Cadempino Lugano sowie die Wolfurt Walkers. Das erste Gruppenspiel bestreiten die D\u00fcsseldorfer am Samstagmorgen um 8.40 Uhr gegen Lugano. Bereits am Freitagabend findet die feierliche Er\u00f6ffnungszeremonie statt, bevor am Samstag die Vorrunde und am Sonntag die K.o.-Spiele folgen.<\/p>\n<p class=\"richtext text-em-55 !leading-serif mx-6 desktop:mx-0\">Traditionell geh\u00f6ren Deutschland und die Schweiz zu den dominierenden Nationen im europ\u00e4ischen Inline-Skaterhockey. Die meisten Europacup-Titel und internationalen Erfolge werden seit Jahren zwischen Teams dieser beiden L\u00e4nder ausgespielt. Entsprechend hoch ist auch das sportliche Niveau des U16 European Cup.<\/p>\n<p class=\"richtext text-em-55 !leading-serif mx-6 desktop:mx-0\">Die Mannschaft von Trainer Thomas Stutz und Tim Deschka bereitet sich seit Wochen intensiv auf den internationalen Vergleich vor. F\u00fcr die jungen Rams-Spieler geht es dabei um die M\u00f6glichkeit, sich mit den Besten Europas zu messen. Es geht um internationale Erfahrungen, die lange in Erinnerung bleiben werden. Und es geht darum, gemeinsam als Deutscher Meister in einer der ber\u00fchmtesten Hallen des Sports aufzulaufen.<\/p>\n<p class=\"richtext text-em-55 !leading-serif mx-6 desktop:mx-0\"><strong class=\"font-bold dark:text-white-solid\">Mannschaftsaufstellung der D\u00fcsseldorf Rams:<\/strong> Tor: Bogdan Kiselev, David Lerzynski. Abwehr: Niklas M\u00fcller, Liv Sporken, Finn Beier, Emil K\u00f6nig, Gustav Windler, Rafael Rodriguez. Sturm:<\/p>\n<p class=\"richtext text-em-55 !leading-serif mx-6 desktop:mx-0\">Elias Schott, Maurice Runte, Philipp Hohm, Linus M\u00fcller, Levi Oudejans, Mika Schulz, Jona Schott.<\/p>\n","protected":false},"excerpt":{"rendered":"Wenn am fr\u00fchen Donnerstagmorgen die Taschen verstaut, die Schl\u00e4ger kontrolliert und die letzten Trikots eingepackt werden, steigt bei&hellip;\n","protected":false},"author":2,"featured_media":1120512,"comment_status":"","ping_status":"","sticky":false,"template":"","format":"standard","meta":{"footnotes":"","_share_on_mastodon":"0"},"categories":[1831],"tags":[236591,3364,23532,29,13194,3405,5562,30,236592,21674,40645,1209,16933,66468,73436,66471,86042],"class_list":["post-1120511","post","type-post","status-publish","format-standard","has-post-thumbnail","category-duesseldorf","tag-biwi","tag-de","tag-deutscher","tag-deutschland","tag-dorf","tag-duesseldorf","tag-europaeische","tag-germany","tag-inline","tag-meister","tag-meisterschaften","tag-nordrhein-westfalen","tag-rams","tag-rossemaison","tag-u16","tag-vizemeister","tag-vorfreude"],"share_on_mastodon":{"url":"https:\/\/pubeurope.com\/@de\/116810208262069231","error":""},"_links":{"self":[{"href":"https:\/\/www.europesays.com\/de\/wp-json\/wp\/v2\/posts\/1120511","targetHints":{"allow":["GET"]}}],"collection":[{"href":"https:\/\/www.europesays.com\/de\/wp-json\/wp\/v2\/posts"}],"about":[{"href":"https:\/\/www.europesays.com\/de\/wp-json\/wp\/v2\/types\/post"}],"author":[{"embeddable":true,"href":"https:\/\/www.europesays.com\/de\/wp-json\/wp\/v2\/users\/2"}],"replies":[{"embeddable":true,"href":"https:\/\/www.europesays.com\/de\/wp-json\/wp\/v2\/comments?post=1120511"}],"version-history":[{"count":0,"href":"https:\/\/www.europesays.com\/de\/wp-json\/wp\/v2\/posts\/1120511\/revisions"}],"wp:featuredmedia":[{"embeddable":true,"href":"https:\/\/www.europesays.com\/de\/wp-json\/wp\/v2\/media\/1120512"}],"wp:attachment":[{"href":"https:\/\/www.europesays.com\/de\/wp-json\/wp\/v2\/media?parent=1120511"}],"wp:term":[{"taxonomy":"category","embeddable":true,"href":"https:\/\/www.europesays.com\/de\/wp-json\/wp\/v2\/categories?post=1120511"},{"taxonomy":"post_tag","embeddable":true,"href":"https:\/\/www.europesays.com\/de\/wp-json\/wp\/v2\/tags?post=1120511"}],"curies":[{"name":"wp","href":"https:\/\/api.w.org\/{rel}","templated":true}]}}