{"id":1120749,"date":"2026-06-25T12:27:15","date_gmt":"2026-06-25T12:27:15","guid":{"rendered":"https:\/\/www.europesays.com\/de\/1120749\/"},"modified":"2026-06-25T12:27:15","modified_gmt":"2026-06-25T12:27:15","slug":"aus-dem-nichts-unbekannte-schlagen-und-treten-in-steinhagen-34-jaehrigen-haller-kreisblatt","status":"publish","type":"post","link":"https:\/\/www.europesays.com\/de\/1120749\/","title":{"rendered":"Aus dem Nichts: Unbekannte schlagen und treten in Steinhagen 34-J\u00e4hrigen | Haller Kreisblatt"},"content":{"rendered":"<p id=\"absatz1\" class=\"em_text\">Steinhagen. Zwei bisher unbekannte T\u00e4ter sollen am Dienstag, 23. Juni, um 16.30 Uhr auf der Bergstra\u00dfe einen 34-j\u00e4hrigen Mann aus Steinhagen geschlagen und getreten haben.<\/p>\n<p id=\"absatz2\" class=\"em_text\">Der Vorfall ereignete sich hinter einem Lebensmittelmarkt, zwischen der Bahnhofstra\u00dfe und der Bergstra\u00dfe. Das Opfer war zu Fu\u00df unterwegs. Laut Polizei wurde der Mann zun\u00e4chst von einem der T\u00e4ter angesprochen, der ihm unvermittelt einen Schlag versetzte. Als das Opfer zu Boden fiel, kam der zweite T\u00e4ter ebenfalls dazu und trat zu. Anschlie\u00dfend fl\u00fcchteten die Angreifer zum Parkplatz des Lebensmittelmarktes und verlie\u00dfen den Ort mit einem Auto in unbekannte Richtung.<\/p>\n<p>T\u00e4terbeschreibung der Polizei<\/p>\n<p id=\"absatz3\" class=\"em_text\">Der erste T\u00e4ter wird als etwa 1,70 Meter gro\u00df, mit dunklen Haaren und schlanker Statur beschrieben, bekleidet mit einem orangefarbenen T-Shirt und einer kurzen Hose. \u201eDer Mann war ungef\u00e4hr 25 Jahre alt und hatte ein osteurop\u00e4isches Aussehen\u201c, schreibt die Polizei in ihrer Mitteilung. \u201eDer zweite Mann war ebenfalls etwa 25 Jahre alt und ungef\u00e4hr 1,80 Meter gro\u00df\u201c, hei\u00dft es zu dem anderen T\u00e4ter.<\/p>\n<p id=\"absatz4\" class=\"em_text\">Die Polizei G\u00fctersloh bittet um Hinweise und nimmt diese unter der Telefonnummer (05241) 869 0 entgegen.<\/p>\n<p id=\"absatz5\">\ud83d\udcf2<b class=\"TextRun BCX2 SCXO217303472 NormalTextRun BCX2 SCXO217303472 bold\"> Aktuelle News bekommen Sie t\u00e4glich \u00fcber den <\/b><a href=\"https:\/\/whatsapp.com\/channel\/0029VagU0FW1SWsxhmHz2v0q\" rel=\"noreferrer noopener nofollow\" target=\"_blank\">WhatsApp-Kanal des HK<\/a> <\/p>\n","protected":false},"excerpt":{"rendered":"Steinhagen. Zwei bisher unbekannte T\u00e4ter sollen am Dienstag, 23. Juni, um 16.30 Uhr auf der Bergstra\u00dfe einen 34-j\u00e4hrigen&hellip;\n","protected":false},"author":2,"featured_media":1120750,"comment_status":"","ping_status":"","sticky":false,"template":"","format":"standard","meta":{"footnotes":"","_share_on_mastodon":"0"},"categories":[1841],"tags":[513,13299,1605,3364,29,30,23744,198715,19081,16384,1613,1209,121,16382,925],"class_list":["post-1120749","post","type-post","status-publish","format-standard","has-post-thumbnail","category-bielefeld","tag-auto","tag-bahnhofstrasse","tag-bielefeld","tag-de","tag-deutschland","tag-germany","tag-guetersloh","tag-meta_artikelklasse_nische","tag-meta_copyrights_hk","tag-meta_themen_blaulicht_sicherheit","tag-meta_userneeds_informieremich","tag-nordrhein-westfalen","tag-polizei","tag-steinhagen","tag-supermarkt"],"share_on_mastodon":{"url":"https:\/\/pubeurope.com\/@de\/116810746924523059","error":""},"_links":{"self":[{"href":"https:\/\/www.europesays.com\/de\/wp-json\/wp\/v2\/posts\/1120749","targetHints":{"allow":["GET"]}}],"collection":[{"href":"https:\/\/www.europesays.com\/de\/wp-json\/wp\/v2\/posts"}],"about":[{"href":"https:\/\/www.europesays.com\/de\/wp-json\/wp\/v2\/types\/post"}],"author":[{"embeddable":true,"href":"https:\/\/www.europesays.com\/de\/wp-json\/wp\/v2\/users\/2"}],"replies":[{"embeddable":true,"href":"https:\/\/www.europesays.com\/de\/wp-json\/wp\/v2\/comments?post=1120749"}],"version-history":[{"count":0,"href":"https:\/\/www.europesays.com\/de\/wp-json\/wp\/v2\/posts\/1120749\/revisions"}],"wp:featuredmedia":[{"embeddable":true,"href":"https:\/\/www.europesays.com\/de\/wp-json\/wp\/v2\/media\/1120750"}],"wp:attachment":[{"href":"https:\/\/www.europesays.com\/de\/wp-json\/wp\/v2\/media?parent=1120749"}],"wp:term":[{"taxonomy":"category","embeddable":true,"href":"https:\/\/www.europesays.com\/de\/wp-json\/wp\/v2\/categories?post=1120749"},{"taxonomy":"post_tag","embeddable":true,"href":"https:\/\/www.europesays.com\/de\/wp-json\/wp\/v2\/tags?post=1120749"}],"curies":[{"name":"wp","href":"https:\/\/api.w.org\/{rel}","templated":true}]}}