{"id":1120876,"date":"2026-06-25T13:43:24","date_gmt":"2026-06-25T13:43:24","guid":{"rendered":"https:\/\/www.europesays.com\/de\/1120876\/"},"modified":"2026-06-25T13:43:24","modified_gmt":"2026-06-25T13:43:24","slug":"deutschland-gegen-ecuador-heute-das-sagt-ex-btsv-trainer-ueber-deniz-undav","status":"publish","type":"post","link":"https:\/\/www.europesays.com\/de\/1120876\/","title":{"rendered":"Deutschland gegen Ecuador heute: Das sagt Ex-BTSV-Trainer \u00fcber Deniz Undav"},"content":{"rendered":"<p class=\"text-18 leading-17 user-text-lg:text-22 user-text-xl:text-24\">Sein ausgepr\u00e4gter Torwille beeindruckte Dogan schon damals: &#8222;Das Tor ist f\u00fcr Deniz das A und O. Wenn er keine Chance auf einen Abschluss sieht, spielt er ab und sucht die n\u00e4chste M\u00f6glichkeit.&#8220; Seine Art sei damals ebenfalls schon so gewesen wie heute: &#8222;Er ist unbek\u00fcmmert. Er kommt sehr sympathisch r\u00fcber&#8220;, sagt Dogan.<\/p>\n<p>Dogan: &#8222;Das Tor ist f\u00fcr Deniz das A und O&#8220;<\/p>\n<p class=\"text-18 leading-17 user-text-lg:text-22 user-text-xl:text-24\">Dennoch sei viel Fantasie n\u00f6tig gewesen, um diesen Weg vorauszusehen, den Undav jetzt geht, gibt Dogan zu. Er zieht einen Vergleich: &#8222;Bei Karim Bellarabi war die brutale Qualit\u00e4t schon fr\u00fch zu sehen.&#8220; Zur Erinnerung: Der Angreifer wechselte seinerzeit in die U19 nach Braunschweig, spielte in der zweiten Mannschaft und schaffte den Sprung in die Erste. Nach einem kurzen Gastspiel bei Bayer Leverkusen kehrte er zum damaligen Bundesligaaufsteiger leihweise zur\u00fcck, um dann doch noch in Leverkusen durchzustarten. F\u00fcr die deutsche Nationalmannschaft lief er elfmal auf.<\/p>\n<p><a href=\"#focus-2\" class=\"transition-colors block text-current relative\" data-sctrack=\"FocusGalleryImage.Reference\"><img   loading=\"lazy\" src=\"https:\/\/www.europesays.com\/de\/wp-content\/uploads\/2026\/06\/deniz-dogan-eintracht-braunschweig.jpg\" alt=\"imago 29319459\" title=\"imago 29319459\" width=\"2126\" height=\"1422\" class=\"h-full w-full max-w-full rounded-8\" decoding=\"async\"\/><img loading=\"lazy\" src=\"https:\/\/braunschweig.t-online.de\/s\/paper\/_next\/static\/media\/zoom-in.f7dae02f.svg\" alt=\"Vergr\u00f6\u00dfern des Bildes\" title=\"Vergr\u00f6\u00dfern des Bildes\" class=\"block h-[calc(var(--height)_\/_16_*_1rem)] w-[calc(var(--width)_\/_16_*_1rem)] max-w-none absolute right-8 bottom-8 rounded-4 bg-snow p-8\" style=\"--width:32;--height:32\" decoding=\"async\"\/>Deniz Dogan (Archivbild): Er stand f\u00fcr Eintracht Braunschweig auf und neben dem Platz. (Quelle: Susanne H\u00fcbner, Susanne Huebner\/imago)<\/a><\/p>\n<p class=\"text-18 leading-17 user-text-lg:text-22 user-text-xl:text-24\">Genauso viele Spiele wie Bellarabi hat \u00fcbrigens Undav mit Stand vor dem dritten WM-Gruppenspiel am Donnerstagabend gegen Ecuador f\u00fcr die deutsche Elf absolviert. Dass er diese Zahl noch am Donnerstag toppen wird, daran besteht wohl kaum ein Zweifel. Die Fragen sind eher: Sollte er auch mal von Beginn an spielen? Oder passt die Rolle als Joker doch perfekt? Deniz Dogan f\u00e4llt es nicht leicht, darauf eine Antwort zu geben. Ungern, so sagt er mit einem Augenzwinkern, w\u00fcrde er sich in die Reihe der Millionen Bundestrainer einreihen wollen.<\/p>\n<p>Joker oder volle 90 Minuten: Sollte Undav von Beginn spielen?<\/p>\n<p class=\"text-18 leading-17 user-text-lg:text-22 user-text-xl:text-24\">&#8222;Ich w\u00fcrde Havertz ungern rauslassen&#8220;, meint der Wolfenb\u00fctteler Coach. Denn schlie\u00dflich m\u00fcsste jemand f\u00fcr Undavs Startplatz weichen. &#8222;Hat er die Power f\u00fcr das gesamte Spiel?&#8220;, l\u00e4sst Dogan in seine \u00dcberlegungen ebenfalls einflie\u00dfen. Denn die meisten Tore w\u00fcrden in den letzten 15 Minuten fallen \u2013 und in denen war Undav bislang eine sichere Bank. Dogan kann Nagelmanns bisherige Argumente nachvollziehen. Keine leichte Entscheidung also \u2013 doch am Ende meint der ehemalige BTSV-Profi: &#8222;Also ich w\u00fcrde es machen.&#8220;<\/p>\n<p class=\"text-18 leading-17 user-text-lg:text-22 user-text-xl:text-24\">Was schon vor dem letzten Gruppenspiel klar ist: Deutschland zieht als Tabellenerster in die K.-o.-Phase ein und <a href=\"https:\/\/www.t-online.de\/sport\/fussball\/wm\/id_101306140\/deutschland-sechzehntelfinale-bei-der-wm-faengt-noch-spaeter-in-der-nacht-an.html\" class=\"transition-colors cursor-pointer no-underline md:hover:text-magenta md:focus:text-magenta border-b border-solid border-current text-salemsfur md:hover:border-magenta\" data-tracking=\"{&quot;action&quot;:&quot;click&quot;,&quot;category&quot;:&quot;intextLink&quot;,&quot;label&quot;:&quot;https:\/\/www.t-online.de\/sport\/fussball\/wm\/id_101306140\/deutschland-sechzehntelfinale-bei-der-wm-faengt-noch-spaeter-in-der-nacht-an.html&quot;}\" data-sctrack=\"BodyAnchor\" rel=\"nofollow noopener\" target=\"_blank\">wird im Sechzehntelfinale in Foxborough am kommenden Montag, 29. Juni, um 22.30 Uhr<\/a>, um das Weiterkommen spielen.<\/p>\n","protected":false},"excerpt":{"rendered":"Sein ausgepr\u00e4gter Torwille beeindruckte Dogan schon damals: &#8222;Das Tor ist f\u00fcr Deniz das A und O. Wenn er&hellip;\n","protected":false},"author":2,"featured_media":1120877,"comment_status":"","ping_status":"","sticky":false,"template":"","format":"standard","meta":{"footnotes":"","_share_on_mastodon":"0"},"categories":[1850],"tags":[3057,629,6429,3364,236638,29,481,8704,63828,548,663,3934,30,46,13,236642,236639,98300,14,15,1411,236641,12,2365,226,134914,236640,27050,2915],"class_list":["post-1120876","post","type-post","status-publish","format-standard","has-post-thumbnail","category-braunschweig","tag-amerika","tag-arbeitgeber","tag-braunschweig","tag-de","tag-deniz-dogan","tag-deutschland","tag-dfb","tag-eintracht-braunschweig","tag-elfenbeinkueste","tag-eu","tag-europa","tag-europe","tag-germany","tag-hannover","tag-headlines","tag-karim-bellarabi","tag-killerinstinkt","tag-mtv-wolfenbuettel","tag-nachrichten","tag-news","tag-niedersachsen","tag-sc-wehye","tag-schlagzeilen","tag-sv-werder-bremen","tag-t-online","tag-trefferquote","tag-tsv-achim","tag-tsv-havelse","tag-vfb-stuttgart"],"share_on_mastodon":{"url":"","error":""},"_links":{"self":[{"href":"https:\/\/www.europesays.com\/de\/wp-json\/wp\/v2\/posts\/1120876","targetHints":{"allow":["GET"]}}],"collection":[{"href":"https:\/\/www.europesays.com\/de\/wp-json\/wp\/v2\/posts"}],"about":[{"href":"https:\/\/www.europesays.com\/de\/wp-json\/wp\/v2\/types\/post"}],"author":[{"embeddable":true,"href":"https:\/\/www.europesays.com\/de\/wp-json\/wp\/v2\/users\/2"}],"replies":[{"embeddable":true,"href":"https:\/\/www.europesays.com\/de\/wp-json\/wp\/v2\/comments?post=1120876"}],"version-history":[{"count":0,"href":"https:\/\/www.europesays.com\/de\/wp-json\/wp\/v2\/posts\/1120876\/revisions"}],"wp:featuredmedia":[{"embeddable":true,"href":"https:\/\/www.europesays.com\/de\/wp-json\/wp\/v2\/media\/1120877"}],"wp:attachment":[{"href":"https:\/\/www.europesays.com\/de\/wp-json\/wp\/v2\/media?parent=1120876"}],"wp:term":[{"taxonomy":"category","embeddable":true,"href":"https:\/\/www.europesays.com\/de\/wp-json\/wp\/v2\/categories?post=1120876"},{"taxonomy":"post_tag","embeddable":true,"href":"https:\/\/www.europesays.com\/de\/wp-json\/wp\/v2\/tags?post=1120876"}],"curies":[{"name":"wp","href":"https:\/\/api.w.org\/{rel}","templated":true}]}}