{"id":1120884,"date":"2026-06-25T13:48:16","date_gmt":"2026-06-25T13:48:16","guid":{"rendered":"https:\/\/www.europesays.com\/de\/1120884\/"},"modified":"2026-06-25T13:48:16","modified_gmt":"2026-06-25T13:48:16","slug":"hitzebedingte-todesfaelle-mannheim-oeffnet-museen-als-kuehl-oasen","status":"publish","type":"post","link":"https:\/\/www.europesays.com\/de\/1120884\/","title":{"rendered":"Hitzebedingte Todesf\u00e4lle: Mannheim \u00f6ffnet Museen als K\u00fchl-Oasen"},"content":{"rendered":"<p>Die Stadt Mannheim reagiert auf steigende Temperaturen mit kostenlosen K\u00fchlr\u00e4umen und einem wachsenden Angebot an Gesundheits- und Fitnessangeboten.<\/p>\n<p>Hitzeschutz: Museen werden zu K\u00fchl-Oasen<\/p>\n<p>Der Deutsche Wetterdienst sagt f\u00fcr den Sommer 2026 eine 62-prozentige Wahrscheinlichkeit f\u00fcr \u00fcberdurchschnittlich viele hei\u00dfe Tage voraus. Das Robert Koch-Institut sch\u00e4tzte f\u00fcr das Vorjahr rund 2.500 hitzebedingte Todesf\u00e4lle in Deutschland.<\/p>\n<p>Die Reiss-Engelhorn-Museen \u00f6ffnen am 27. und 28. Juni ihre klimatisierten R\u00e4ume bei freiem Eintritt. Besucher k\u00f6nnen dort die Ausstellungen \u201eMusikWelten\u201c und die bis 5. Juli laufende Fotoschau \u201eGeographies of Drought\u201c sehen.<\/p>\n<p>Das Gesundheitsamt \u00fcberwacht zudem die lokalen Badegew\u00e4sser. Der Vogelstangsee, der Rheinauersee und der Stollenw\u00f6rthweiher haben nach ersten Proben im Juni eine ausgezeichnete Wasserqualit\u00e4t. Die Kontrolle l\u00e4uft bis zum 15. September.<\/p>\n<p>Yoga auf dem Marktplatz \u2013 Massagen boomen<\/p>\n<p>Der Internationale Yoga-Tag am 21. Juni auf dem Mannheimer Marktplatz zog zahlreiche Teilnehmer an. Organisiert vom Indischen Generalkonsulat M\u00fcnchen, der Stadt und dem Verein Hindu Swayamsevak Sangh, bot die Veranstaltung Programme f\u00fcr alle Leistungsstufen.<\/p>\n<p>Anzeige<\/p>\n<p>Mannheim \u00f6ffnet Museen als K\u00fchl-Oasen \u2013 und bietet Yoga auf dem Marktplatz. Erfahren Sie, wo Sie sich diesen Sommer kostenlos abk\u00fchlen und mit Massagen gegen Hitze-Stress tun k\u00f6nnen. <strong><a href=\"https:\/\/www.dnv-media.de\/lp\/report\/hitzetote-vermeiden-kuehl-oasen-und-gesundheits-trends-in-8396?adref=Blog_DNV:Ex-Article-ID_993921:Topic_alternative_medicine_tcm:Source_DNV_Dynamic_LP:RssSource_Ad-Hoc-News:Slot_AD1of2&amp;lp=8396\" rel=\"noopener nofollow\" style=\"color: #337ab7 !important; font-weight: bold; text-decoration: underline;\" target=\"_blank\">Jetzt Hitzeschutz-Guide anfordern<\/a><\/strong><\/p>\n<p>Auch privat w\u00e4chst das Angebot: Thaimassagen in Mannheim starten preislich bei etwa 25 Euro f\u00fcr 30 Minuten. In Esslingen er\u00f6ffnete im Juni ein neues Zentrum f\u00fcr Reformer-Pilates und Yoga mit Kursen ab 16 Jahren.<\/p>\n<p>Die klinische Infrastruktur zieht nach. Das Dr. Becker PhysioGym am M\u00f6hnesee nahm im April den Betrieb auf \u2013 mit Physiotherapie, Sporttherapie und medizinischer Massage. In Karben starteten im Mai spezielle Kurse wie Stuhlgymnastik f\u00fcr Menschen mit eingeschr\u00e4nkter Mobilit\u00e4t.<\/p>\n<p>U-Halle wird zur Erlebniswelt<\/p>\n<p>Der Gemeinderat gab gr\u00fcnes Licht f\u00fcr ein neues Nutzungskonzept der U-Halle. Geplant ist ein multifunktionaler Ort, der Museales mit einer Hightech-Experience-Halle verbindet. Ab 2027 sollen dort Themen wie Energie und Geschichte in immersiven Ausstellungen erlebbar werden \u2013 mit Raum f\u00fcr Bewegung.<\/p>\n<p>Anzeige<\/p>\n<p>Bereits 2.500 hitzebedingte Todesf\u00e4lle im Vorjahr \u2013 sch\u00fctzen Sie sich mit den richtigen K\u00fchl-Strategien. Dieser Guide zeigt Ihnen die besten K\u00fchl-Oasen, Badegew\u00e4sser und Entspannungsangebote in Mannheim. <strong><a href=\"https:\/\/www.dnv-media.de\/lp\/report\/hitzetote-vermeiden-kuehl-oasen-und-gesundheits-trends-in-8396?adref=Blog_DNV:Ex-Article-ID_993921:Topic_alternative_medicine_tcm:Source_DNV_Dynamic_LP:RssSource_Ad-Hoc-News:Slot_AD2of2&amp;lp=8396\" rel=\"noopener nofollow\" style=\"color: #337ab7 !important; font-weight: bold; text-decoration: underline;\" target=\"_blank\">Kostenlosen Guide jetzt sichern<\/a><\/strong><\/p>\n<p>Parallel l\u00e4uft seit Mitte Juni ein einj\u00e4hriges Pilotprojekt f\u00fcr Stra\u00dfenmusik. Der Wegfall von Tagesgeb\u00fchren und ein digitales Anmeldesystem sollen die Innenstadt kulturell beleben. Das Technoseum er\u00f6ffnete am 24. Juni die Sonderausstellung \u201eCrime \u2013 die Technik des Verbrechens\u201c \u00fcber forensische Methoden.<\/p>\n<p>Mannheims Gesundheitssektor wandelt sich: Kurzfristige Hitzeschutzma\u00dfnahmen, kommerzielle Fitness-Trends und langfristige st\u00e4dtebauliche Investitionen verschmelzen zu einem neuen urbanen Lebensgef\u00fchl.<\/p>\n","protected":false},"excerpt":{"rendered":"Die Stadt Mannheim reagiert auf steigende Temperaturen mit kostenlosen K\u00fchlr\u00e4umen und einem wachsenden Angebot an Gesundheits- und Fitnessangeboten.&hellip;\n","protected":false},"author":2,"featured_media":1120885,"comment_status":"","ping_status":"","sticky":false,"template":"","format":"standard","meta":{"footnotes":"","_share_on_mastodon":"0"},"categories":[1845],"tags":[1634,3364,29,20767,548,663,3934,30,236646,13,68074,49222,236645,2096,106070,2147,14,15,12,1719,28548],"class_list":["post-1120884","post","type-post","status-publish","format-standard","has-post-thumbnail","category-mannheim","tag-baden-wuerttemberg","tag-de","tag-deutschland","tag-eintritt","tag-eu","tag-europa","tag-europe","tag-germany","tag-gesundheitsangeboten","tag-headlines","tag-hitzebedingte","tag-hitzewellen","tag-kuehl-oasen","tag-mannheim","tag-massage","tag-museen","tag-nachrichten","tag-news","tag-schlagzeilen","tag-todesfaelle","tag-yoga"],"share_on_mastodon":{"url":"https:\/\/pubeurope.com\/@de\/116811065508090200","error":""},"_links":{"self":[{"href":"https:\/\/www.europesays.com\/de\/wp-json\/wp\/v2\/posts\/1120884","targetHints":{"allow":["GET"]}}],"collection":[{"href":"https:\/\/www.europesays.com\/de\/wp-json\/wp\/v2\/posts"}],"about":[{"href":"https:\/\/www.europesays.com\/de\/wp-json\/wp\/v2\/types\/post"}],"author":[{"embeddable":true,"href":"https:\/\/www.europesays.com\/de\/wp-json\/wp\/v2\/users\/2"}],"replies":[{"embeddable":true,"href":"https:\/\/www.europesays.com\/de\/wp-json\/wp\/v2\/comments?post=1120884"}],"version-history":[{"count":0,"href":"https:\/\/www.europesays.com\/de\/wp-json\/wp\/v2\/posts\/1120884\/revisions"}],"wp:featuredmedia":[{"embeddable":true,"href":"https:\/\/www.europesays.com\/de\/wp-json\/wp\/v2\/media\/1120885"}],"wp:attachment":[{"href":"https:\/\/www.europesays.com\/de\/wp-json\/wp\/v2\/media?parent=1120884"}],"wp:term":[{"taxonomy":"category","embeddable":true,"href":"https:\/\/www.europesays.com\/de\/wp-json\/wp\/v2\/categories?post=1120884"},{"taxonomy":"post_tag","embeddable":true,"href":"https:\/\/www.europesays.com\/de\/wp-json\/wp\/v2\/tags?post=1120884"}],"curies":[{"name":"wp","href":"https:\/\/api.w.org\/{rel}","templated":true}]}}