{"id":1120967,"date":"2026-06-25T14:32:26","date_gmt":"2026-06-25T14:32:26","guid":{"rendered":"https:\/\/www.europesays.com\/de\/1120967\/"},"modified":"2026-06-25T14:32:26","modified_gmt":"2026-06-25T14:32:26","slug":"deutschland-gegen-ecuador-hier-gibts-public-viewing-in-frankfurt","status":"publish","type":"post","link":"https:\/\/www.europesays.com\/de\/1120967\/","title":{"rendered":"Deutschland gegen Ecuador: Hier gibt&#8217;s Public Viewing in Frankfurt"},"content":{"rendered":"<p>Public Viewing und Bars <\/p>\n<p>Die besten Orte zum WM gucken in Frankfurt<\/p>\n<p>Aktualisiert am 25.06.2026 &#8211; 16:07 UhrLesedauer: 3 Min.<\/p>\n<p><a href=\"#focus-0\" class=\"transition-colors block text-current relative\" data-sctrack=\"FocusGalleryImage.Reference\"><img fetchpriority=\"high\" data-testid=\"Opener.Image\"   loading=\"eager\" src=\"https:\/\/www.europesays.com\/de\/wp-content\/uploads\/2026\/06\/june-14-2026-frankfurt-hesse-germany-fans-celebrate-germany-s-first-goal-during-the-live-broadcast-o.jpeg\" alt=\"imago images 0859111610\" title=\"imago images 0859111610\" width=\"4000\" height=\"2250\" class=\"bg-[url:var(--lqipURL)] bg-cover bg-center flex h-full w-full max-w-full\" style=\"--lqipURL:url('https:\/\/images.t-online.de\/2026\/06\/LaCTizRbyN-k\/164x310:4000x2250\/fit-in\/150x0\/filters:blur(25)\/june-14-2026-frankfurt-hesse-germany-fans-celebrate-germany-s-first-goal-during-the-live-broadcast-of-the-fifa-world-cup-match-between-germany-and-curacao-in-frankfurt-am-main-germany-frankfurt-germany-zumab332-20260614-zip-b332-018-copyright-xmatiasxbasualdox.jpg')\" decoding=\"async\"\/><img loading=\"lazy\" src=\"https:\/\/frankfurt.t-online.de\/s\/paper\/_next\/static\/media\/zoom-in.f7dae02f.svg\" alt=\"Vergr\u00f6\u00dfern des Bildes\" title=\"Vergr\u00f6\u00dfern des Bildes\" class=\"block h-[calc(var(--height)_\/_16_*_1rem)] w-[calc(var(--width)_\/_16_*_1rem)] max-w-none absolute right-8 bottom-8 rounded-4 bg-snow p-8\" style=\"--width:32;--height:32\" decoding=\"async\"\/><\/a><\/p>\n<p>Fans in Frankfurt bejubeln einen Treffer der Nationalmannschaft im ersten WM-Spiel gegen Curacao (Archivbild): Wie hier am Waldstadion gibt es einige Optionen zum gemeinsam Schauen. (Quelle: IMAGO\/Matias Basualdo\/imago)<\/p>\n<p><img loading=\"lazy\" src=\"https:\/\/frankfurt.t-online.de\/s\/paper\/_next\/static\/media\/audio-volume.6689034c.svg\" alt=\"\" title=\"\" class=\"block h-[calc(var(--height)_\/_16_*_1rem)] w-[calc(var(--width)_\/_16_*_1rem)] max-w-none group-hover:brightness-0 group-hover:invert\" style=\"--width:16;--height:16\" decoding=\"async\"\/>Vorlesen<\/p>\n<p>Aktuelle Zeit:0:00Gesamtdauer:0:00<\/p>\n<p>1x<\/p>\n<p class=\"text-center\">Jetzt neu bei t-online:<\/p>\n<p class=\"text-center\">Schriftgr\u00f6\u00dfe anpassen!<\/p>\n<p><img loading=\"lazy\" src=\"https:\/\/frankfurt.t-online.de\/s\/paper\/_next\/static\/media\/font-sizes.32942e33.svg\" alt=\"\" title=\"\" class=\"block h-[calc(var(--height)_\/_16_*_1rem)] w-[calc(var(--width)_\/_16_*_1rem)] max-w-none group-hover:hidden group-aria-expanded:hidden\" style=\"--width:16;--height:16\" decoding=\"async\"\/><img loading=\"lazy\" src=\"https:\/\/frankfurt.t-online.de\/s\/paper\/_next\/static\/media\/font-sizes-dark-mode.e382645c.svg\" alt=\"\" title=\"\" class=\"block h-[calc(var(--height)_\/_16_*_1rem)] w-[calc(var(--width)_\/_16_*_1rem)] max-w-none hidden group-hover:block group-aria-expanded:block\" style=\"--width:16;--height:16\" decoding=\"async\"\/><img loading=\"lazy\" src=\"https:\/\/frankfurt.t-online.de\/s\/paper\/_next\/static\/media\/sharing-menu-icon.1eb71368.svg\" alt=\"\" title=\"\" class=\"block h-[calc(var(--height)_\/_16_*_1rem)] w-[calc(var(--width)_\/_16_*_1rem)] max-w-none group-hover:brightness-0 group-hover:invert\" style=\"--width:16;--height:16\" decoding=\"async\"\/>Artikel teilen<\/p>\n<p class=\"font-bold text-18 leading-17 user-text-lg:text-22 user-text-xl:text-24\"><strong class=\"font-bold\">Die Fu\u00dfball-WM ist gestartet. Eine gro\u00dfe Fanmeile wie bei der Heim-EM gibt es in Frankfurt diesmal nicht. Dennoch gibt es viele gute Optionen f\u00fcr Fans.<\/strong><\/p>\n<p class=\"text-18 leading-17 user-text-lg:text-22 user-text-xl:text-24\">Am Donnerstagabend steht f\u00fcr die deutsche Nationalmannschaft das dritte und letzte Gruppenspiel bei der Fu\u00dfball-WM an. Um 22 Uhr trifft das Team von Bundestrainer Julian Nagelsmann auf Ecuador. F\u00fcr das Sechzehntelfinale ist die Mannschaft schon qualifiziert \u2013 dennoch bleibt interessant, wie sich das Team pr\u00e4sentiert und einspielt.<\/p>\n<p class=\"text-18 leading-17 user-text-lg:text-22 user-text-xl:text-24\">Eine gro\u00dfe offizielle Fanmeile gibt es in Frankfurt zwar weiterhin nicht, daf\u00fcr gibt es f\u00fcr Fans andere Optionen. Ein \u00dcberblick.<\/p>\n<p>Stadt lockert Regeln f\u00fcr Public-Viewings zur WM<\/p>\n<p class=\"text-18 leading-17 user-text-lg:text-22 user-text-xl:text-24\">Weil viele WM-Partien in den USA, Kanada und Mexiko erst sp\u00e4t am Abend angepfiffen werden, hat Frankfurt die Regeln f\u00fcr Public Viewings gelockert. Per Allgemeinverf\u00fcgung erlaubt das Ordnungsamt auf genehmigten Au\u00dfenfl\u00e4chen von Gastst\u00e4tten l\u00e4ngere Live-\u00dcbertragungen.<\/p>\n<p class=\"text-18 leading-17 user-text-lg:text-22 user-text-xl:text-24\">In den N\u00e4chten von Freitag auf Samstag und von Samstag auf Sonntag beginnt die Nachtruhe erst um 1 Uhr, an allen anderen Tagen gilt weiterhin Mitternacht als Startzeit. Die Sonderregelung ist vom 11. Juni bis zum 19. Juli in Kraft und soll es Gastronomen erleichtern, die Spiele zu \u00fcbertragen.<\/p>\n<p>Public Viewing im Kletterwald<\/p>\n<p class=\"text-18 leading-17 user-text-lg:text-22 user-text-xl:text-24\">Eine gr\u00f6\u00dfere M\u00f6glichkeit f\u00fcr Public Viewing bietet der <strong class=\"font-bold\">Kletterwald im Deutsche Bank Park<\/strong>. Dort l\u00e4uft das Spiel auf einer gro\u00dfen LED-Wand. Angesichts der anhaltenden Hitze d\u00fcrfte der Anpfiff um 22 Uhr vielen recht kommen. Die Lage im Wald bringt zudem mehr K\u00fchle als in der Innenstadt mit sich.<\/p>\n<p class=\"text-18 leading-17 user-text-lg:text-22 user-text-xl:text-24\">Der Eintritt kostet nach Angaben der Veranstalter zehn Euro. Sollte die deutsche Mannschaft im Turnier weiterkommen, k\u00f6nnten sp\u00e4ter noch gr\u00f6\u00dfere Public-Viewing-Veranstaltungen folgen: Ab dem Viertelfinale soll bei deutscher Beteiligung auch das Waldstadion selbst daf\u00fcr genutzt werden.<\/p>\n<p>Massif Central zeigt Spiele im Innenhof<\/p>\n<p class=\"text-18 leading-17 user-text-lg:text-22 user-text-xl:text-24\">Zu den gr\u00f6\u00dferen WM-Treffpunkten d\u00fcrfte das <strong class=\"font-bold\">Massif Central<\/strong> im Bethmannhof werden. Dort werden die Spiele auf einem gro\u00dfen Bildschirm im Innenhof gezeigt. Bei schlechtem Wetter ziehen die \u00dcbertragungen ins Bistro um.<\/p>\n<p class=\"text-18 leading-17 user-text-lg:text-22 user-text-xl:text-24\">Reservierungen sind nicht m\u00f6glich, die Pl\u00e4tze werden nach dem Prinzip &#8222;First come, first served&#8220; vergeben. Dazu gibt es Grillangebote, Snacks und Getr\u00e4nke. Nachtspiele au\u00dferhalb der \u00d6ffnungszeiten sollen sp\u00e4ter noch einmal als Wiederholung gezeigt werden.<\/p>\n<p>Fu\u00dfball auch beim Westcoast Festival<\/p>\n<p class=\"text-18 leading-17 user-text-lg:text-22 user-text-xl:text-24\">Eine weitere M\u00f6glichkeit gibt es am Samstag beim Westcoast Festival in Griesheim. Das Festival am Mainufer wird f\u00fcr das Spiel gegen die Elfenbeink\u00fcste ebenfalls zur Public-Viewing-Fl\u00e4che. Ab 21 Uhr ist der Eintritt zum Fu\u00dfballschauen frei.<\/p>\n<p class=\"text-18 leading-17 user-text-lg:text-22 user-text-xl:text-24\">F\u00fcr die Trib\u00fcnenpl\u00e4tze gilt allerdings das Prinzip &#8222;First come, first served&#8220;. Wer einen guten Platz m\u00f6chte, sollte also nicht erst kurz vor Anpfiff kommen.<\/p>\n","protected":false},"excerpt":{"rendered":"Public Viewing und Bars Die besten Orte zum WM gucken in Frankfurt Aktualisiert am 25.06.2026 &#8211; 16:07 UhrLesedauer:&hellip;\n","protected":false},"author":2,"featured_media":1120968,"comment_status":"","ping_status":"","sticky":false,"template":"","format":"standard","meta":{"footnotes":"","_share_on_mastodon":"0"},"categories":[1829],"tags":[71073,522,2294,3307,29,1990,5561,2050,2051,30,2052,2602,53,208,25129,64,38500,59416],"class_list":["post-1120967","post","type-post","status-publish","format-standard","has-post-thumbnail","category-frankfurt-am-main","tag-fanmeile","tag-522","tag-bank","tag-deutsche-bank","tag-deutschland","tag-ecuador","tag-festival","tag-frankfurt","tag-frankfurt-am-main","tag-germany","tag-hessen","tag-julian-nagelsmann","tag-kanada","tag-mexiko","tag-sachsenhausen","tag-usa","tag-waldstadion","tag-wm-2026"],"share_on_mastodon":{"url":"https:\/\/pubeurope.com\/@de\/116811240660322617","error":""},"_links":{"self":[{"href":"https:\/\/www.europesays.com\/de\/wp-json\/wp\/v2\/posts\/1120967","targetHints":{"allow":["GET"]}}],"collection":[{"href":"https:\/\/www.europesays.com\/de\/wp-json\/wp\/v2\/posts"}],"about":[{"href":"https:\/\/www.europesays.com\/de\/wp-json\/wp\/v2\/types\/post"}],"author":[{"embeddable":true,"href":"https:\/\/www.europesays.com\/de\/wp-json\/wp\/v2\/users\/2"}],"replies":[{"embeddable":true,"href":"https:\/\/www.europesays.com\/de\/wp-json\/wp\/v2\/comments?post=1120967"}],"version-history":[{"count":0,"href":"https:\/\/www.europesays.com\/de\/wp-json\/wp\/v2\/posts\/1120967\/revisions"}],"wp:featuredmedia":[{"embeddable":true,"href":"https:\/\/www.europesays.com\/de\/wp-json\/wp\/v2\/media\/1120968"}],"wp:attachment":[{"href":"https:\/\/www.europesays.com\/de\/wp-json\/wp\/v2\/media?parent=1120967"}],"wp:term":[{"taxonomy":"category","embeddable":true,"href":"https:\/\/www.europesays.com\/de\/wp-json\/wp\/v2\/categories?post=1120967"},{"taxonomy":"post_tag","embeddable":true,"href":"https:\/\/www.europesays.com\/de\/wp-json\/wp\/v2\/tags?post=1120967"}],"curies":[{"name":"wp","href":"https:\/\/api.w.org\/{rel}","templated":true}]}}