{"id":1121021,"date":"2026-06-25T15:01:37","date_gmt":"2026-06-25T15:01:37","guid":{"rendered":"https:\/\/www.europesays.com\/de\/1121021\/"},"modified":"2026-06-25T15:01:37","modified_gmt":"2026-06-25T15:01:37","slug":"windjammerparade-der-kieler-woche-das-sollten-zuschauer-beachten","status":"publish","type":"post","link":"https:\/\/www.europesays.com\/de\/1121021\/","title":{"rendered":"Windjammerparade der Kieler Woche: Das sollten Zuschauer beachten"},"content":{"rendered":"<p>        <img decoding=\"async\" src=\"https:\/\/www.europesays.com\/de\/wp-content\/uploads\/2026\/06\/kiwo-214.webp\" alt=\"Segler zur WIndjammerparade auf der Kieler F\u00f6rde\" title=\"Segler zur WIndjammerparade auf der Kieler F\u00f6rde | IMAGO\" class=\"responsive\"\/><\/p>\n<p>AUDIO: Kieler Woche 2026: Windjammerparade startet mit \u00fcber 100 Schiffen  (1 Min)<\/p>\n<p>\n                Stand: 25.06.2026 15:32 Uhr<\/p>\n<p class=\"preface\">Mehr als 100.000 Zuschauer werden bei der Windjammerparade 2026 am Samstag auf der Kieler Woche erwartet. Der Traditionssegler &#8222;Thor Heyerdahl&#8220; wird in diesem Jahr die Parade in Kiel anf\u00fchren, der NDR \u00fcbertr\u00e4gt live.<\/p>\n<p class=\"textauthor\">von <a href=\"https:\/\/www.ndr.de\/nachrichten\/schleswig-holstein\/moritz-kodlin,moritz-kodlin-100.html\" rel=\"nofollow noopener\" target=\"_blank\">Moritz Kodlin<\/a><\/p>\n<p class=\"\">Am Samstag findet ein Highlight der <a href=\"https:\/\/www.ndr.de\/nachrichten\/schleswig-holstein\/Kiel-Aktuelle-Nachrichten-News-und-Videos,kiel7262.html\" title=\"Kiel - Aktuelle Nachrichten und Videos\" rel=\"nofollow noopener\" target=\"_blank\">Kieler<\/a> Woche statt: Die Windjammerparade. Nach Angaben der Stadt werden mehr als 100 Schiffe auf der F\u00f6rde erwartet, die gemeinsam auf die Ostsee hinaus fahren. Rund 50 von ihnen sind Traditionssegler. <strong>NDR.de\/sh wird das Segel-Event auch in diesem Jahr im Video-Livestream \u00fcbertragen.<\/strong><\/p>\n<p>    Dieses Schiff f\u00fchrt die Windjammerparade an<\/p>\n<p class=\"\">Angef\u00fchrt wird die Parade in diesem Jahr nicht von dem Segelschulschiff der Marine, der Gorch Fock, sondern von dem Dreimaster &#8222;Thor Heyerdahl&#8220;. Die Gorch Fock befindet sich gerade auf dem Weg in Richtung New York City, um dort an den Feierlichkeiten zum 250. Unabh\u00e4ngigkeitstag der USA teilzunehmen.<\/p>\n<p class=\"\">Philipp Dornberger, der Leiter des Kieler Woche-B\u00fcros, spricht im Zuge der Windjammerparade von einem zentralen Bestandteil der Kieler Woche. Die Parade verbinde die Menschen in der Stadt und ihre G\u00e4ste auf eine ganz besondere Weise, so Dornberger.<\/p>\n<p>    Windjammerparade startet um 11 Uhr<\/p>\n<p class=\"\">Der Start der Windjammerparade ist traditionell um 11 Uhr. Ab 9.45 Uhr sollen sich die Schiffe nach Angaben der Stadt in die Warteposition begeben, bevor die Traditionssegler die Segel setzen. Abzuwarten bleibt, ob die Schiffe wegen des schwachen Windes unter Segeln fahren werden.<\/p>\n<p>        <img decoding=\"async\" src=\"https:\/\/www.europesays.com\/de\/wp-content\/uploads\/2026\/06\/windjammer-138.webp\" alt=\"Das Segelschulschiff &quot;Gorch Fock II&quot;, w\u00e4hrend der Windjammerparade 2025\" title=\"Das Segelschulschiff &quot;Gorch Fock II&quot;, w\u00e4hrend der Windjammerparade 2025 | Bodo Marks\" class=\"responsive\" loading=\"lazy\"\/><\/p>\n<p>Gut 130 Schiffe waren bei idealen Bedingungen auf der F\u00f6rde unterwegs. Die &#8222;Gorch Fock&#8220; f\u00fchrte die Parade an. <\/p>\n<p class=\"\">Gegen 13 Uhr sollen die Schiffe die gedachte Linie auf H\u00f6he von Schilksee und Laboe (<a href=\"https:\/\/www.ndr.de\/nachrichten\/schleswig-holstein\/Kreis-Ploen-Aktuelle-Nachrichten-und-Videos,ploen198.html\" title=\"Kreis Pl\u00f6n - Aktuelle Nachrichten und Videos\" rel=\"nofollow noopener\" target=\"_blank\">Kreis Pl\u00f6n<\/a>) \u00fcberqueren, sch\u00e4tzt eine Sprecherin der Stadt.<\/p>\n<p>    Wegen Hitze: Das r\u00e4t die Stadt Kiel<\/p>\n<p class=\"\">Bei Temperaturen um die 35 Grad am Sonnabend r\u00e4t die Stadt sowohl rund um die Windjammerparade als auch auf den Arealen der Kieler Woche gen\u00fcgend Wasser zu trinken, Sonnencreme zu nutzen und sich bei einem Unwohlsein bei Sanit\u00e4terinnen und Sanit\u00e4tern um Hilfe zu bitten. Auch die Standbetreiber wurden darauf hingewiesen, Schirme aufzustellen.<\/p>\n<p>        <img decoding=\"async\" src=\"https:\/\/www.europesays.com\/de\/wp-content\/uploads\/2026\/06\/kiwo-296.webp\" alt=\"Besucher der Kieler Woche gehen am H\u00f6rnufer entlang.\" title=\"Besucher der Kieler Woche gehen am H\u00f6rnufer entlang. | Daniel Bockwoldt\/dpa\" class=\"responsive\" loading=\"lazy\"\/><\/p>\n<p>Drei Millionen G\u00e4ste kommen zum Volksfest nach Kiel. Ein Ampel-System zeigt, wie ausgelastet die einzelnen Areale gerade sind.<\/p>\n<p>        <img decoding=\"async\" src=\"https:\/\/www.europesays.com\/de\/wp-content\/uploads\/2026\/06\/kiwo-246.webp\" alt=\"Das H\u00f6rnufer in Kiel w\u00e4hrend der Kieler Woche mit Riesenrad.\" title=\"Das H\u00f6rnufer in Kiel w\u00e4hrend der Kieler Woche mit Riesenrad. | picture alliance\/dpa | Daniel Bockwoldt\" class=\"responsive\" loading=\"lazy\"\/><\/p>\n<p>Millionen Besucher werden auf der Kieler Woche erwartet. Auch f\u00fcr den kleinen Geldbeutel und f\u00fcr Menschen mit Behinderung gibt es Angebote. <\/p>\n<p>        <img decoding=\"async\" src=\"https:\/\/www.europesays.com\/de\/wp-content\/uploads\/2026\/06\/1782344006_21_kiwo-290.webp\" alt=\"Besucher der Kieler Woche gehen an der Kiellinie entlang.\" title=\"Besucher der Kieler Woche gehen an der Kiellinie entlang. | Daniel Bockwoldt\/dpa\" class=\"responsive\" loading=\"lazy\"\/><\/p>\n<p>Noch bis zum 28. Juni herrscht in Kiel Ausnahmezustand: Segeln, Konzerte, Spa\u00df f\u00fcr Kinder und nat\u00fcrlich das Feuerwerk &#8211; hier der \u00dcberblick.<\/p>\n","protected":false},"excerpt":{"rendered":"AUDIO: Kieler Woche 2026: Windjammerparade startet mit \u00fcber 100 Schiffen (1 Min) Stand: 25.06.2026 15:32 Uhr Mehr als&hellip;\n","protected":false},"author":2,"featured_media":1121022,"comment_status":"","ping_status":"","sticky":false,"template":"","format":"standard","meta":{"footnotes":"","_share_on_mastodon":"0"},"categories":[1852],"tags":[3364,29,548,663,3934,30,13,8659,4949,23690,52494,14,15,12,1971,31229,69967],"class_list":["post-1121021","post","type-post","status-publish","format-standard","has-post-thumbnail","category-kiel","tag-de","tag-deutschland","tag-eu","tag-europa","tag-europe","tag-germany","tag-headlines","tag-highlight","tag-kiel","tag-kieler-woche","tag-kiwo","tag-nachrichten","tag-news","tag-schlagzeilen","tag-schleswig-holstein","tag-segeln","tag-windjammerparade"],"share_on_mastodon":{"url":"https:\/\/pubeurope.com\/@de\/116811352629639268","error":""},"_links":{"self":[{"href":"https:\/\/www.europesays.com\/de\/wp-json\/wp\/v2\/posts\/1121021","targetHints":{"allow":["GET"]}}],"collection":[{"href":"https:\/\/www.europesays.com\/de\/wp-json\/wp\/v2\/posts"}],"about":[{"href":"https:\/\/www.europesays.com\/de\/wp-json\/wp\/v2\/types\/post"}],"author":[{"embeddable":true,"href":"https:\/\/www.europesays.com\/de\/wp-json\/wp\/v2\/users\/2"}],"replies":[{"embeddable":true,"href":"https:\/\/www.europesays.com\/de\/wp-json\/wp\/v2\/comments?post=1121021"}],"version-history":[{"count":0,"href":"https:\/\/www.europesays.com\/de\/wp-json\/wp\/v2\/posts\/1121021\/revisions"}],"wp:featuredmedia":[{"embeddable":true,"href":"https:\/\/www.europesays.com\/de\/wp-json\/wp\/v2\/media\/1121022"}],"wp:attachment":[{"href":"https:\/\/www.europesays.com\/de\/wp-json\/wp\/v2\/media?parent=1121021"}],"wp:term":[{"taxonomy":"category","embeddable":true,"href":"https:\/\/www.europesays.com\/de\/wp-json\/wp\/v2\/categories?post=1121021"},{"taxonomy":"post_tag","embeddable":true,"href":"https:\/\/www.europesays.com\/de\/wp-json\/wp\/v2\/tags?post=1121021"}],"curies":[{"name":"wp","href":"https:\/\/api.w.org\/{rel}","templated":true}]}}