{"id":1121127,"date":"2026-06-25T16:02:16","date_gmt":"2026-06-25T16:02:16","guid":{"rendered":"https:\/\/www.europesays.com\/de\/1121127\/"},"modified":"2026-06-25T16:02:16","modified_gmt":"2026-06-25T16:02:16","slug":"insolvenzverfahren-bei-1860-muenchen-eroeffnet","status":"publish","type":"post","link":"https:\/\/www.europesays.com\/de\/1121127\/","title":{"rendered":"Insolvenzverfahren bei 1860 M\u00fcnchen er\u00f6ffnet"},"content":{"rendered":"<p class=\"richtext text-em-55 !leading-serif mx-6 desktop:mx-0\">Nach den j\u00fcngsten Querelen um Investor Hasan Ismaik und dem Zwangsabstieg in die Fu\u00dfball-Regionalliga ist bei 1860 M\u00fcnchen das Insolvenzverfahren er\u00f6ffnet worden. Das Amtsgericht M\u00fcnchen bestellte dazu einen Insolvenzverwalter \u201ezur Sicherung des Schuldnerverm\u00f6gens vor nachteiligen Ver\u00e4nderungen\u201c, wie es in der \u00f6ffentlichen Bekanntmachung hie\u00df.<\/p>\n<p class=\"richtext text-em-55 !leading-serif mx-6 desktop:mx-0\">Konkret betroffen ist die \u201eTSV M\u00fcnchen von 1860 GmbH &amp; Co. Kommanditgesellschaft auf Aktien\u201c (KGaA), also die bislang vom Stammverein sowie Geldgeber Ismaik gemeinsam gef\u00fchrte Spielbetriebsgesellschaft. Unter deren Dach liefen bislang etwa der Profispielbetrieb, die U21 und die U19.<\/p>\n<p>Insolvenzverwalter mit Erfahrung im Fu\u00dfball      <\/p>\n<p class=\"richtext text-em-55 !leading-serif mx-6 desktop:mx-0\">Zum vorl\u00e4ufigen Insolvenzverwalter wurde Max Liebig bestellt, der in der Vergangenheit auch die Insolvenzverfahren gegen den Fu\u00dfballverein T\u00fcrkg\u00fcc\u00fc M\u00fcnchen und den Sternekoch Alfons Schuhbeck verantwortete. Medienberichten zufolge hatte 1860-Gesch\u00e4ftsf\u00fchrer Manfred Paula am Dienstagabend den Insolvenzantrag beim Amtsgericht gestellt.<\/p>\n<p class=\"richtext text-em-55 !leading-serif mx-6 desktop:mx-0\">Der TSV 1860 M\u00fcnchen e.V. hatte in Erwartung der Insolvenz der KGaA am vorigen Wochenende bei der Mitgliederversammlung die Gr\u00fcndung einer neuen Spielbetriebsgesellschaft beschlossen. Diese soll k\u00fcnftig den Profifu\u00dfball bei den \u201eL\u00f6wen\u201c organisieren und den Neustart in der 4. Liga bewerkstelligen. Zun\u00e4chst geht es dabei vor allem darum, einen Kader zusammenzustellen.<\/p>\n<p>Wie sieht die Mannschaft k\u00fcnftig aus?      <\/p>\n<p class=\"richtext text-em-55 !leading-serif mx-6 desktop:mx-0\">Weitere Fragen rund um 1860 bleiben offen, etwa wie es um die Auftritte der k\u00fcnftigen Mannschaft aussieht. Die Merchandising GmbH mitsamt der Nutzungsrechte an Logos oder Schriftz\u00fcgen geh\u00f6rt zu 100 Prozent Ismaik.<\/p>\n<p class=\"richtext text-em-55 !leading-serif mx-6 desktop:mx-0\">Zu dem Chaos war es gekommen, als der Jordanier ein Darlehen k\u00fcndigte und 1860 damit die wirtschaftlichen Voraussetzungen f\u00fcr den Verbleib in der 3. Liga nicht mehr erf\u00fcllte. Zuvor waren Verhandlungen zwischen Ismaik und dem Stammverein gescheitert. Der bei vielen Fans unbeliebte Million\u00e4r behauptete zuletzt, der Stammverein von 1860 habe die Insolvenz provoziert, um ihn loswerden zu wollen. Der TSV erwiderte, dass Ismaiks Forderung nicht realisierbar gewesen sei.<\/p>\n","protected":false},"excerpt":{"rendered":"Nach den j\u00fcngsten Querelen um Investor Hasan Ismaik und dem Zwangsabstieg in die Fu\u00dfball-Regionalliga ist bei 1860 M\u00fcnchen&hellip;\n","protected":false},"author":2,"featured_media":1121128,"comment_status":"","ping_status":"","sticky":false,"template":"","format":"standard","meta":{"footnotes":"","_share_on_mastodon":"0"},"categories":[1827],"tags":[23228,1601,772,29,30,16615,1551,18261,793,50847,1268,142381,12483,21193],"class_list":["post-1121127","post","type-post","status-publish","format-standard","has-post-thumbnail","category-muenchen","tag-23228","tag-amtsgericht","tag-bayern","tag-deutschland","tag-germany","tag-hasan-ismaik","tag-insolvenz","tag-insolvenzantrag","tag-insolvenzverfahren","tag-insolvenzverwalter","tag-muenchen","tag-stammverein","tag-tsv","tag-zwangsabstieg"],"share_on_mastodon":{"url":"https:\/\/pubeurope.com\/@de\/116811592607895571","error":""},"_links":{"self":[{"href":"https:\/\/www.europesays.com\/de\/wp-json\/wp\/v2\/posts\/1121127","targetHints":{"allow":["GET"]}}],"collection":[{"href":"https:\/\/www.europesays.com\/de\/wp-json\/wp\/v2\/posts"}],"about":[{"href":"https:\/\/www.europesays.com\/de\/wp-json\/wp\/v2\/types\/post"}],"author":[{"embeddable":true,"href":"https:\/\/www.europesays.com\/de\/wp-json\/wp\/v2\/users\/2"}],"replies":[{"embeddable":true,"href":"https:\/\/www.europesays.com\/de\/wp-json\/wp\/v2\/comments?post=1121127"}],"version-history":[{"count":0,"href":"https:\/\/www.europesays.com\/de\/wp-json\/wp\/v2\/posts\/1121127\/revisions"}],"wp:featuredmedia":[{"embeddable":true,"href":"https:\/\/www.europesays.com\/de\/wp-json\/wp\/v2\/media\/1121128"}],"wp:attachment":[{"href":"https:\/\/www.europesays.com\/de\/wp-json\/wp\/v2\/media?parent=1121127"}],"wp:term":[{"taxonomy":"category","embeddable":true,"href":"https:\/\/www.europesays.com\/de\/wp-json\/wp\/v2\/categories?post=1121127"},{"taxonomy":"post_tag","embeddable":true,"href":"https:\/\/www.europesays.com\/de\/wp-json\/wp\/v2\/tags?post=1121127"}],"curies":[{"name":"wp","href":"https:\/\/api.w.org\/{rel}","templated":true}]}}