{"id":1121133,"date":"2026-06-25T16:05:20","date_gmt":"2026-06-25T16:05:20","guid":{"rendered":"https:\/\/www.europesays.com\/de\/1121133\/"},"modified":"2026-06-25T16:05:20","modified_gmt":"2026-06-25T16:05:20","slug":"an-der-tanke-in-brandenburg-wenn-alles-so-bleibt-haut-alles-hin","status":"publish","type":"post","link":"https:\/\/www.europesays.com\/de\/1121133\/","title":{"rendered":"An der Tanke in Brandenburg: &#8222;Wenn alles so bleibt, haut alles hin&#8220;"},"content":{"rendered":"<p>In den St\u00e4llen wird auch gerade umgebaut. Wir wollen von den Futterb\u00e4ndern weg. Fr\u00fcher wurde im Stall alles elektrisch \u00fcber F\u00f6rderb\u00e4nder gemacht. Das ist zu teuer geworden. Jetzt wird wieder mit Maschinen gef\u00fcttert. Die Leute sind sowieso da, dann k\u00f6nnen sie auch gleich mit dem Traktor in den Stall fahren.<\/p>\n<p>Wir haben auch viele <b>Saisonarbeiter <\/b>bei uns. Es geht nicht ohne. Im Februar geht es los. Bisschen G\u00fcllefahren. Das geht so bis Ende April, Anfang Mai. Zwischendurch wird gepfl\u00fcgt und Mais ges\u00e4t. Dann kommt der erste Schnitt &#8211; Heu machen. Dann geht auch schon der zweite Schnitt los. Und das machen wir nicht nur f\u00fcr unsere Felder, sondern auch noch f\u00fcr andere Betriebe. Wir haben <b>einen H\u00e4cksler und Abfahrgespanne<\/b>. Unser Chef versucht, dass alle, die m\u00f6chten, auch im Winter Arbeit haben. Dann wird repariert, gewartet und gebaut.<\/p>\n<p style=\"text-align: left;\">Vorne am Traktor flattert eine kleine Deutschlandfahne. Die h\u00e4nge da immer, sagt er.<\/p>\n","protected":false},"excerpt":{"rendered":"In den St\u00e4llen wird auch gerade umgebaut. Wir wollen von den Futterb\u00e4ndern weg. Fr\u00fcher wurde im Stall alles&hellip;\n","protected":false},"author":2,"featured_media":1121134,"comment_status":"","ping_status":"","sticky":false,"template":"","format":"standard","meta":{"footnotes":"","_share_on_mastodon":"0"},"categories":[1816],"tags":[1960,1958,1959,1957,1956,1890,124639,29,30,142750,181176],"class_list":["post-1121133","post","type-post","status-publish","format-standard","has-post-thumbnail","category-brandenburg","tag-aktuelle-nachrichten-aus-berlin-und-brandenburg","tag-aktuelle-nachrichten-aus-brandenburg","tag-aktuelle-news-aus-berlin-und-brandenburg","tag-aktuelle-news-aus-brandenburg","tag-berlin-und-brandenburg","tag-brandenburg","tag-dahme-spreewald","tag-deutschland","tag-germany","tag-rbb24andertanke","tag-rbb24zzz_orga-tags-zeitlos"],"share_on_mastodon":{"url":"https:\/\/pubeurope.com\/@de\/116811604132564378","error":""},"_links":{"self":[{"href":"https:\/\/www.europesays.com\/de\/wp-json\/wp\/v2\/posts\/1121133","targetHints":{"allow":["GET"]}}],"collection":[{"href":"https:\/\/www.europesays.com\/de\/wp-json\/wp\/v2\/posts"}],"about":[{"href":"https:\/\/www.europesays.com\/de\/wp-json\/wp\/v2\/types\/post"}],"author":[{"embeddable":true,"href":"https:\/\/www.europesays.com\/de\/wp-json\/wp\/v2\/users\/2"}],"replies":[{"embeddable":true,"href":"https:\/\/www.europesays.com\/de\/wp-json\/wp\/v2\/comments?post=1121133"}],"version-history":[{"count":0,"href":"https:\/\/www.europesays.com\/de\/wp-json\/wp\/v2\/posts\/1121133\/revisions"}],"wp:featuredmedia":[{"embeddable":true,"href":"https:\/\/www.europesays.com\/de\/wp-json\/wp\/v2\/media\/1121134"}],"wp:attachment":[{"href":"https:\/\/www.europesays.com\/de\/wp-json\/wp\/v2\/media?parent=1121133"}],"wp:term":[{"taxonomy":"category","embeddable":true,"href":"https:\/\/www.europesays.com\/de\/wp-json\/wp\/v2\/categories?post=1121133"},{"taxonomy":"post_tag","embeddable":true,"href":"https:\/\/www.europesays.com\/de\/wp-json\/wp\/v2\/tags?post=1121133"}],"curies":[{"name":"wp","href":"https:\/\/api.w.org\/{rel}","templated":true}]}}