{"id":1121139,"date":"2026-06-25T16:09:23","date_gmt":"2026-06-25T16:09:23","guid":{"rendered":"https:\/\/www.europesays.com\/de\/1121139\/"},"modified":"2026-06-25T16:09:23","modified_gmt":"2026-06-25T16:09:23","slug":"superhitze-in-berlin-bundestag-sperrt-kuppel-grillverbot-in-parks-von-zwei-bezirken","status":"publish","type":"post","link":"https:\/\/www.europesays.com\/de\/1121139\/","title":{"rendered":"Superhitze in Berlin: Bundestag sperrt Kuppel \u2013 Grillverbot in Parks von zwei Bezirken"},"content":{"rendered":"<p class=\"tspBXm2 tspBXm3\">Die Temperaturen klettern und klettern: Bis zu 41 Grad k\u00f6nnten es am Wochenende in der Hauptstadtregion werden. Die Auswirkungen sind jetzt schon zu sp\u00fcren: Zahlreiche Veranstaltungen wurden abgesagt, darunter das Berliner B\u00fccherfest am Bebelplatz. Die Bezirke Friedrichshain-Kreuzberg und Pankow untersagen ab Samstag das Grillen in den Parks. Auch der Bundestag stellt sich auf die Rekordtemperaturen ein: Kuppel und Dachterrasse bleiben am Wochenende f\u00fcr Besucher geschlossen.<\/p>\n<p class=\"tspBXm2\">Wie gehen die Berlinerinnen und Berliner mit der br\u00fctenden Hitze um? Welche Tipps haben sie, um sich Abk\u00fchlung zu verschaffen? Welche Auswirkungen sind am Wochenende zu erwarten? Alles zur Hitzewelle in Berlin \u2013 hier im Live-Blog.<\/p>\n<p> Die wichtigsten Entwicklungen im \u00dcberblick: <\/p>\n<ul data-qa-hook=\"story-list-ul\" class=\"tspCKpb\">\n<li class=\"tspCKgr tspCKgr\">Der Berliner Fu\u00dfballverband sagt die meisten Spiele am Wochenende ab. Auch viele andere Veranstaltungen fallen aus.<\/li>\n<li class=\"tspCKgr tspCKgr\">Kirchen \u00f6ffnen zur Abk\u00fchlung, die Caritas sucht noch Freiwillige f\u00fcr die Obdachlosenhilfe.<\/li>\n<li class=\"tspCKgr tspCKgr\">Das Fusion-Festival und das Saisonabschlusskonzert der Berliner Philharmoniker finden trotz Hitze statt.<\/li>\n<\/ul>\n<p>Superhitze in Berlin:<a href=\"https:\/\/www.tagesspiegel.de\/berlin\/trotz-rekordtemperaturen-fusion-festival-und-konzert-der-berliner-philharmoniker-finden-statt--das-sind-die-hitzeplane-15755593.html?icid=topic-list_15747096___\" data-gtm-class=\"article-mzt-link\" data-hydrate-fingerprint=\"09740a54944caac75fd2c0c63fd5c5df\" data-hydrate-props=\"{&amp;escapedquot;element&amp;escapedquot;:{&amp;escapedquot;type&amp;escapedquot;:&amp;escapedquot;relatedContent&amp;escapedquot;,&amp;escapedquot;fieldMap&amp;escapedquot;:{},&amp;escapedquot;relation&amp;escapedquot;:{&amp;escapedquot;fields&amp;escapedquot;:{&amp;escapedquot;isPaid&amp;escapedquot;:null},&amp;escapedquot;href&amp;escapedquot;:&amp;escapedquot;\/berlin\/trotz-rekordtemperaturen-fusion-festival-und-konzert-der-berliner-philharmoniker-finden-statt--das-sind-die-hitzeplane-15755593.html&amp;escapedquot;,&amp;escapedquot;teaserTitle&amp;escapedquot;:{&amp;escapedquot;kicker&amp;escapedquot;:&amp;escapedquot;Trotz Rekordtemperaturen&amp;escapedquot;,&amp;escapedquot;headline&amp;escapedquot;:&amp;escapedquot;Fusion-Festival und Konzert der Berliner Philharmoniker finden statt \u2013 das sind die Hitzepl\u00e4ne&amp;escapedquot;},&amp;escapedquot;id&amp;escapedquot;:&amp;escapedquot;15755593&amp;escapedquot;,&amp;escapedquot;type&amp;escapedquot;:&amp;escapedquot;story&amp;escapedquot;},&amp;escapedquot;isPartOfList&amp;escapedquot;:true,&amp;escapedquot;topicListType&amp;escapedquot;:&amp;escapedquot;topic-list&amp;escapedquot;},&amp;escapedquot;showArrow&amp;escapedquot;:true}\" data-hydrate-slots=\"{&#039;default&#039;:[]}\" class=\"tspC0qm tspC1qt\" rel=\"nofollow noopener\" target=\"_blank\">Trotz Rekordtemperaturen Fusion-Festival und Konzert der Berliner Philharmoniker finden statt \u2013 das sind die Hitzepl\u00e4ne <\/a><a href=\"https:\/\/www.tagesspiegel.de\/berlin\/wo-berlin-durchatmet-hier-bleibts-angenehm-wenn-die-stadt-schwitzt-15732822.html?icid=topic-list_15747096___\" data-gtm-class=\"article-mzt-link\" data-hydrate-fingerprint=\"09740a54944caac75fd2c0c63fd5c5df\" data-hydrate-props=\"{&amp;escapedquot;element&amp;escapedquot;:{&amp;escapedquot;type&amp;escapedquot;:&amp;escapedquot;relatedContent&amp;escapedquot;,&amp;escapedquot;fieldMap&amp;escapedquot;:{},&amp;escapedquot;relation&amp;escapedquot;:{&amp;escapedquot;fields&amp;escapedquot;:{&amp;escapedquot;isPaid&amp;escapedquot;:true},&amp;escapedquot;href&amp;escapedquot;:&amp;escapedquot;\/berlin\/wo-berlin-durchatmet-hier-bleibts-angenehm-wenn-die-stadt-schwitzt-15732822.html&amp;escapedquot;,&amp;escapedquot;teaserTitle&amp;escapedquot;:{&amp;escapedquot;kicker&amp;escapedquot;:&amp;escapedquot;Wo es pl\u00f6tzlich sp\u00fcrbar k\u00fchler wird&amp;escapedquot;,&amp;escapedquot;headline&amp;escapedquot;:&amp;escapedquot;Sechs Frischeinseln f\u00fcr hei\u00dfe Tage in Berlin&amp;escapedquot;},&amp;escapedquot;id&amp;escapedquot;:&amp;escapedquot;15732822&amp;escapedquot;,&amp;escapedquot;type&amp;escapedquot;:&amp;escapedquot;story&amp;escapedquot;},&amp;escapedquot;isPartOfList&amp;escapedquot;:true,&amp;escapedquot;topicListType&amp;escapedquot;:&amp;escapedquot;topic-list&amp;escapedquot;},&amp;escapedquot;showArrow&amp;escapedquot;:true}\" data-hydrate-slots=\"{&#039;default&#039;:[]}\" class=\"tspC0qm tspC1qt\" rel=\"nofollow noopener\" target=\"_blank\">Wo es pl\u00f6tzlich sp\u00fcrbar k\u00fchler wird Sechs Frischeinseln f\u00fcr hei\u00dfe Tage in Berlin <\/a><a href=\"https:\/\/www.tagesspiegel.de\/berlin\/bezirke\/spandau\/obdachlose-in-der-berliner-hitze-helfen-mit-sonnencreme-und-wasser-im-gepack-15732437.html?icid=topic-list_15747096___\" data-gtm-class=\"article-mzt-link\" data-hydrate-fingerprint=\"09740a54944caac75fd2c0c63fd5c5df\" data-hydrate-props=\"{&amp;escapedquot;element&amp;escapedquot;:{&amp;escapedquot;type&amp;escapedquot;:&amp;escapedquot;relatedContent&amp;escapedquot;,&amp;escapedquot;fieldMap&amp;escapedquot;:{},&amp;escapedquot;relation&amp;escapedquot;:{&amp;escapedquot;fields&amp;escapedquot;:{&amp;escapedquot;isPaid&amp;escapedquot;:true},&amp;escapedquot;href&amp;escapedquot;:&amp;escapedquot;\/berlin\/bezirke\/spandau\/obdachlose-in-der-berliner-hitze-helfen-mit-sonnencreme-und-wasser-im-gepack-15732437.html&amp;escapedquot;,&amp;escapedquot;teaserTitle&amp;escapedquot;:{&amp;escapedquot;kicker&amp;escapedquot;:&amp;escapedquot;Obdachlosen in der Berliner Hitze helfen&amp;escapedquot;,&amp;escapedquot;headline&amp;escapedquot;:&amp;escapedquot;Sonnencreme und Wasser sind immer im Gep\u00e4ck&amp;escapedquot;},&amp;escapedquot;id&amp;escapedquot;:&amp;escapedquot;15732437&amp;escapedquot;,&amp;escapedquot;type&amp;escapedquot;:&amp;escapedquot;story&amp;escapedquot;},&amp;escapedquot;isPartOfList&amp;escapedquot;:true,&amp;escapedquot;topicListType&amp;escapedquot;:&amp;escapedquot;topic-list&amp;escapedquot;},&amp;escapedquot;showArrow&amp;escapedquot;:true}\" data-hydrate-slots=\"{&#039;default&#039;:[]}\" class=\"tspC0qm tspC1qt\" rel=\"nofollow noopener\" target=\"_blank\">Obdachlosen in der Berliner Hitze helfen Sonnencreme und Wasser sind immer im Gep\u00e4ck <\/a> 17.15 Uhr: Grillverbot auch im Mauerpark <\/p>\n<p class=\"tspBXm2\">Im Mauerpark ist ab Samstag das Grillen auf den dazu ausgewiesenen Fl\u00e4chen bis auf Weiteres verboten. Das teilte das Bezirksamt Pankow mit. Das Verbot gelte f\u00fcr alle \u00f6ffentlichen Gr\u00fcnanlagen im Bezirk Pankow. Grund sei die extreme Trockenheit und die damit verbundene Brandgefahr.<\/p>\n<p><img decoding=\"async\" src=\"https:\/\/www.europesays.com\/de\/wp-content\/uploads\/2026\/06\/grillen-im-park.jpeg\"   alt=\"ARCHIV - 29.06.2022, Berlin: Ein Mann grillt im Volkspark Friedrichshain auf einem Grillplatz Fleischspie\u00dfe. (zu dpa: \u00abGrillwiese in Friedrichshain oft \u00fcberf\u00fcllt - Mehr Fl\u00e4chen?\u00bb) Foto: Christophe Gateau\/dpa +++ dpa-Bildfunk +++\" aria-labelledby=\"caption-15759489\" width=\"440\" height=\"330\" loading=\"lazy\" class=\"tspA0i9\"\/> Grillen im Park? In den Bezirken Pankow und Friedrichshain-Kreuzberg ab Samstag ist das vorerst auch auf den ausgewiesenen Grillfl\u00e4chen verboten. <\/p>\n<p class=\"tspAAgb\"> \u00a9 dpa\/Christophe Gateau <\/p>\n<p class=\"tspBXm2\">Auch das Bezirksamt Friedrichshain-Kreuzberg untersagt das Grillen auf den dazu ausgewiesenen Fl\u00e4chen ab Samstag. Betroffen ist die Grillwiese am Neuen Hain im Volkspark Friedrichshain, die Wiese gegen\u00fcber dem Kunstrasensportplatz sowie gegen\u00fcber dem Rodelh\u00fcgel im G\u00f6rlitzer Park und auf der Wiese zwischen Waterloo-Ufer und Zossener Stra\u00dfe auf dem Bl\u00fccherplatz.<\/p>\n<p> 17.10 Uhr: Interaktive Karte f\u00fcr Berlin: Wie weit bis zum Badesee? <\/p>\n<p class=\"tspBXm2\">Ob See, Fluss, Freibad oder Hallenbad: <a href=\"https:\/\/interaktiv.tagesspiegel.de\/lab\/wie-weit-bis-zur-nachsten-badestelle-alle-berliner-badeseen-strandbaeder-und-freibaeder-in-einer-interaktiven-karte-standort-suche\/?icid=in-text-link_15747096\" class=\"link link--internal\" data-gtm-class=\"article-text-link\" data-gtm-val=\"internal\" rel=\"nofollow noopener\" target=\"_blank\">Unsere interaktive Karte zeigt<\/a>, wie Sie von jedem Ort in Berlin aus am schnellsten ins Wasser kommen \u2013 und wo in der Stadt Orte zum Schwimmen fehlen.<\/p>\n<p><img decoding=\"async\" src=\"https:\/\/www.europesays.com\/de\/wp-content\/uploads\/2026\/06\/badesee.jpeg\"   alt=\"ARCHIV - 19.07.2022, Brandenburg, Storkow: Eine Familie schwimmt auf einer Luftmatratze im Wasser eines Sees. (zu dpa: \u00abWas man gut bei Hitze unternehmen kann\u00bb) Foto: Patrick Pleul\/dpa +++ dpa-Bildfunk +++\" aria-labelledby=\"caption-15759462\" width=\"440\" height=\"330\" loading=\"lazy\" class=\"tspA0i9\"\/> Wie weit bis zum k\u00fchlen Nass? Mit unserer interkativen Karte finden Sie den n\u00e4chsten Badesee oder das n\u00e4chste Freibad schnell. <\/p>\n<p class=\"tspAAgb\"> \u00a9 dpa\/Patrick Pleul <\/p>\n<p> 17.05 Uhr: \u201eCool-Box\u201c f\u00fcr Zusteller der Deutschen Post und DHL <\/p>\n<p class=\"tspBXm2\">Die Deutsche Post und DHL haben wegen der Hitze in Berlin ihre Schutzma\u00dfnahmen f\u00fcr die rund 8.000 Zustellerinnen und Zusteller verst\u00e4rkt. Jede Zustellkraft k\u00f6nne eine \u201eCool-Box\u201c bestellen, teilte ein DHL-Sprecher mit. Dort enthalten seien ein wiederverwendbares K\u00fchltuch mit Wasserbeh\u00e4lter, ein mit Wasser aktiviertbarer Pulsk\u00fchler f\u00fcr die Handgelenke, sowie ein Nackenschutz.<\/p>\n<p class=\"tspBXm2\">Dar\u00fcberhinaus sei bei der Deutschen Post und DHL ein umfassendes Sortiment unterschiedlicher Unternehmenskleidung \u2013 von sch\u00fctzenden Langarmshirts bis zu Bermuda-Shorts \u2013 f\u00fcr die Zustellerinnen und Zusteller erh\u00e4tlich, teilte das Unternehmen mit. Zus\u00e4tzlich w\u00fcrden die Zustellkr\u00e4fte ausdr\u00fccklich dazu angehalten, ausreichend zu trinken, Sonnenschutz zu verwenden und \u2013 wo m\u00f6glich \u2013 Schatten aufzusuchen.<\/p>\n<p><img decoding=\"async\" src=\"https:\/\/www.europesays.com\/de\/wp-content\/uploads\/2026\/06\/dhl-packstation.jpeg\"   alt=\"ARCHIV - 15.04.2026, Hamburg: Ein DHL-Mitarbeiter schlie\u00dft ein Fach einer Packstation im Stadtteil Harburg. (zu dpa: \u00abPost will Mitarbeiter mit \u00abCool-Boxen\u00bb gegen Hitze sch\u00fctzen\u00bb) Foto: Marcus Brandt\/dpa +++ dpa-Bildfunk +++\" aria-labelledby=\"caption-15759456\" width=\"440\" height=\"330\" loading=\"lazy\" class=\"tspA0i9\"\/> Rund 8.000 Zustellerinnen und Zusteller der DHL und Deutschen Post arbeiten in Berlin. <\/p>\n<p class=\"tspAAgb\"> \u00a9 dpa\/Marcus Brandt <\/p>\n<p class=\"tspBXm2\">Mit Cool-Box, UV-Schutz und klaren Verhaltensempfehlungen unterst\u00fctzt das Unternehmen seine Mitarbeitenden in Berlin bei extremer Hitze.<\/p>\n<p> 17.00 Uhr: Tempelhofer Feld wie ausgestorben <\/p>\n<p class=\"tspBXm2\">Bei 33 Grad ist niemand auf dem Tempelhofer Feld \u2013 keine Jogger, Radfahrer oder gem\u00fctlich auf der Wiese Sitzende sind zu sehen.<\/p>\n<p><img decoding=\"async\" src=\"https:\/\/www.europesays.com\/de\/wp-content\/uploads\/2026\/06\/img-3754.jpeg\"   alt=\"x\" aria-labelledby=\"caption-15759357\" width=\"440\" height=\"330\" loading=\"lazy\" class=\"tspA0i9\"\/> Kein Mensch weit und breit auf dem Tempelhofer Feld. <\/p>\n<p class=\"tspAAgb\"> \u00a9 Sophie Krause <\/p>\n<p> 16.45 Uhr: 17-J\u00e4hriger nach Badeunfall an Krummer Lanke reanimiert <\/p>\n<p class=\"tspBXm2\">Ein Jugendlicher ist an einer Badestelle in der Krummen Lanke im Berliner S\u00fcdwesten pl\u00f6tzlich untergegangen. Der 17-J\u00e4hrige war am Mittag eine ganze Zeit unter Wasser, bis er leblos wieder auftauchte, wie ein Polizeisprecher sagte. Demnach holten Zeugen den Jugendlichen aus dem Wasser, alarmierte Rettungskr\u00e4fte reanimierten ihn und brachten ihn unter Reanimationsbedingungen in eine Klinik.<\/p>\n<p class=\"tspBXm2\">Wie es dem Jugendlichen inzwischen geht, war zun\u00e4chst nicht bekannt. Die Polizei ging von einem Badeunfall aus. Laut Feuerwehr zeigte der Jugendliche beim Auffinden keine Lebenszeichen mehr. Die 15 Mitsch\u00fcler, die sich au\u00dferhalb der Schulzeit mit ihm an der Badestelle aufhielten, wurden anschlie\u00dfend betreut.<\/p>\n<p class=\"tspBXm2\">Die Feuerwehr wies darauf hin, zur eigenen Sicherheit nicht in unbekannte Gew\u00e4sser zu springen, nur zugelassene Badestellen zu nutzen und die Hinweise der Rettungsschwimmer zu beachten. Ferner sollte Sonnencreme benutzt und direkte Sonneneinstrahlung vermieden werden. Auch sollte ausreichend getrunken und nicht unmittelbar nach dem Essen ins Wasser gesprungen werden. (dpa)<\/p>\n<p> 16:25 Uhr: Eisbl\u00f6cke \u201emade in Berlin\u201c <\/p>\n<p class=\"tspBXm2\">Die \u201eEisfabrik\u201c aus Tempelhof bietet aktuell einen hitzeresistenten Arbeitsplatz. Im Schneideraum der Premium-Klareisw\u00fcrfelproduktion sind es konstant minus drei Grad. Dort werden gro\u00dfe Eisbl\u00f6cke mit Hilfe einer Knochenbands\u00e4ge zu kleinen Eisquadern zerteilt.<\/p>\n<p><img decoding=\"async\" src=\"https:\/\/www.europesays.com\/de\/wp-content\/uploads\/2026\/06\/eisfabrik-tempelhof.jpeg\"   alt=\"&quot;Eisfabrik Tempelhof&quot;\" aria-labelledby=\"caption-15759312\" width=\"440\" height=\"330\" loading=\"lazy\" class=\"tspA0i9\"\/> Die \u201eEisfabrik\u201c in Tempelhof. <\/p>\n<p class=\"tspAAgb\"> \u00a9 Thomas Loy <\/p>\n<p class=\"tspBXm2\">Die landen dann in den Cocktailgl\u00e4sern an Theken bekannter Berliner Hotel- und Barbetriebe. Die Namen seiner Kunden h\u00e4lt Eisfabrik-Frontmann Sebastian Ebenberger streng geheim. Die Konkurrenz k\u00f6nnte sonst Abwerbeversuche starten. Die Eisfabrik liefert den ganzen Sommer \u00fcber bei jeder Temperatur Eisw\u00fcrfel \u2013 in Zehn-Kilos\u00e4cke oder Styroporboxen verpackt \u2013 oder massive Eisbl\u00f6cke mit 25 Zentimeter Kantenl\u00e4nge zum Selberschnitzen auf der Grillparty. Die Eismaschinen laufen derzeit rund um die Uhr, verbrauchen dabei Unmengen von \u00d6kostrom, viel mehr als im Winter. Das meiste Eis kommt daher, in den Wintermonaten vorproduziert, aus dem Tiefk\u00fchlhaus.<\/p>\n<p class=\"tspBXm2\"><a href=\"https:\/\/www.tagesspiegel.de\/berlin\/berliner-wirtschaft\/berliner-eisfabrik-luxus-eiswurfel-fur-bars-und-kunstler-13091782.html?icid=in-text-link_15747096\" class=\"link link--internal\" data-gtm-class=\"article-text-link\" data-gtm-val=\"internal\" rel=\"nofollow noopener\" target=\"_blank\">Mehr zu den Eisw\u00fcrfeln \u201emade in Berlin\u201c<\/a> lesen Sie hier.<\/p>\n<p> 16.35 Uhr: Bundestag sperrt Kuppel und Dachterrasse f\u00fcr Besucher <\/p>\n<p class=\"tspBXm2\">Wegen der extremen Hitze ist die Dachterrasse sowie die Kuppel des Reichtsagsgeb\u00e4udes im Berliner Zentrum am Samstag und Sonntag ganzg\u00e4gig f\u00fcr Besucher gesperrt. Das teilte die Bundestagsverwaltung mit. Bereits best\u00e4tigte Besuche an den Tagen m\u00fcssten storniert werden.<\/p>\n<p> 16.15 Uhr: Ivona (24) und Nina (32) aus Albanien suchen Schatten <\/p>\n<p class=\"tspBXm2\">Die Touristinnen Ivona (24) und Nina (29) kommen trotz der starken Hitze zurecht. Auf Englisch erz\u00e4hlen sie: \u201eWir haben bereits mehrere Flaschen Wasser gekauft und versuchen, genug zu trinken\u201c. Die hohen Temperaturen seien recht anstrengend. Um sich abzuk\u00fchlen, trinken die beiden viel Wasser und bleiben m\u00f6glichst im Schatten.<\/p>\n<p><img decoding=\"async\" src=\"https:\/\/www.europesays.com\/de\/wp-content\/uploads\/2026\/06\/img-2669.jpeg\"   alt=\"x\" aria-labelledby=\"caption-15759236\" width=\"440\" height=\"330\" loading=\"lazy\" class=\"tspA0i9\"\/> Die Touristinenen Ivona (24) und Nina (29) am Brandenburger Tor. <\/p>\n<p class=\"tspAAgb\"> \u00a9 Elly Nguyen <\/p>\n<p class=\"tspBXm2\">Die hei\u00dfesten Stunden verbringen sie lieber drinnen. \u201eZwischen 15 und 18 Uhr nachmittags gehen wir nicht gerne raus\u201c, sagen sie auf Englisch. Die Hitze beeinflusst ihren Alltag deutlich. Eine der beiden berichtet, dass sie wegen ihres niedrigen Blutdrucks bei hohen Temperaturen schnell m\u00fcde werde. Berlin sei ihrer Meinung nach noch nicht ausreichend auf Hitzewellen vorbereitet. Die Touristinnen aus Albanien w\u00fcnschen sich mehr Brunnen und Wasserspiele, damit sich Menschen besser abk\u00fchlen k\u00f6nnen.<\/p>\n<p> 16.05 Uhr: Trinkflaschen bei Konzert von Bruno Mars erlaubt <\/p>\n<p class=\"tspBXm2\">Beim Konzert von Popstar Bruno Mars im Berliner Olympiastadion am Freitagabend sind wegen der Hitze ausnahmsweise alkoholfreie Getr\u00e4nke in Getr\u00e4nkekartons (Tetra Paks), Weichplastikfalschen mit verbundenem Deckel und faltbare Flachen mit einem Fassungsverm\u00f6gen von bis zu einem Liter erlaubt. Auch Handventilatoren und F\u00e4chern k\u00f6nnen von Besuchern mitgebracht und benutzt werden.<\/p>\n<p><img decoding=\"async\" src=\"https:\/\/www.europesays.com\/de\/wp-content\/uploads\/2026\/06\/179665-01-02.jpeg\"   alt=\"Bruno Mars receives the Grammy for the Best song of the year during the 60th Annual Grammy Awards show on January 28, 2018, in New York.  \/ AFP PHOTO \/ Timothy A. CLARY\" aria-labelledby=\"caption-15759157\" width=\"440\" height=\"330\" loading=\"lazy\" class=\"tspA0i9\"\/> Megastar Bruno Mars tritt am Freitagabend im Berliner Olympiastadion auf. <\/p>\n<p class=\"tspAAgb\"> \u00a9 AFP\/TIMOTHY A. CLARY <\/p>\n<p class=\"tspBXm2\">Das teilte der Veranstalter am Donnerstagnachmittag mit. Trinkwasser k\u00f6nne jederzeit an Wasserh\u00e4hnen im Stadiongeb\u00e4ude abgef\u00fcllt werden. Aufgrund der Temperaturen werde Wasser zudem an den Verkaufsstellen zu einem Sonderpreis angeboten.<\/p>\n<p> 15.45 Uhr: Eva geht mit Hund Arthur spazieren \u2013 doch nur im Schatten <\/p>\n<p class=\"tspBXm2\">\u201eWir haben einen Hundepool im B\u00fcro\u201c, sagt Eva, 42. Unweit vom Roten Rathaus dreht sie gerade mit ihrem Hund Arthur eine kleine Gassi-Runde.<\/p>\n<p><img decoding=\"async\" src=\"https:\/\/www.europesays.com\/de\/wp-content\/uploads\/2026\/06\/img-7706.jpeg\"   alt=\"x\" aria-labelledby=\"caption-15758881\" width=\"440\" height=\"330\" loading=\"lazy\" class=\"tspA0i9\"\/> Unweit vom Roten Rathaus f\u00fchrt Eva (42) ihren Hund Arthur spazieren. <\/p>\n<p class=\"tspAAgb\"> \u00a9 Emilio Nolte <\/p>\n<p class=\"tspBXm2\">\u201eArthur ist ein Stadthund\u201c, sagt sie. Dennoch seien die immer extremer werdenden Temperaturen f\u00fcr ihn ein Problem. Deshalb geht Eva mit ihrem Hund heute nur durch den Schatten. Sie r\u00e4t jedem Hundebesitzer, so wenig wie m\u00f6glich mit dem Hund zu machen, und f\u00fcr ausreichend Abk\u00fchlung an den Pfoten und an der Schnauze zu sorgen. An den Pfoten und durchs Hecheln geben Hunde am meisten W\u00e4rme ab.<\/p>\n<p> 15.25 Uhr: \u201eBlo\u00df nicht raus\u201c, sagt eine \u00e4ltere Frau im Alexa <\/p>\n<p class=\"tspBXm2\">Mittlerweile ist das Thermometer auf 33 Grad Au\u00dfentemperatur geklettert. Auf dem Alexanderplatz l\u00e4sst es sich fast nicht aushalten. Daf\u00fcr ist viel los im Alexa. Die gro\u00dfe Shoppingmall ist angenehm klimatisiert, das wissen auch ihre Besucher.<\/p>\n<p><img decoding=\"async\" src=\"https:\/\/www.europesays.com\/de\/wp-content\/uploads\/2026\/06\/img-7698-1.jpeg\"   alt=\"x\" aria-labelledby=\"caption-15758850\" width=\"440\" height=\"330\" loading=\"lazy\" class=\"tspA0i9\"\/> Die Shoppingmall Alex am Alexanderplatz. <\/p>\n<p class=\"tspAAgb\"> \u00a9 Emilio Nolte <\/p>\n<p class=\"tspBXm2\">F\u00fcr viele eine wie gerufene Abk\u00fchlung. \u201eBlo\u00df nicht raus\u201c sagt eine \u00e4ltere Dame, die gerade ihr Eis fertig gegessen hat. Im Eingangsbereich h\u00f6rt man viele sagen: \u201eOh, hier ist es ja sch\u00f6n k\u00fchl.\u201c<\/p>\n<p> 15.15 Uhr: Anu (70) f\u00e4hrt auch bei der Hitze mit der Rikscha durch Berlin <\/p>\n<p class=\"tspBXm2\">\u201eIch freue mich, dass endlich Sommer ist\u201c sagt Anu (70), der trotz dieser Hitze mit seiner Rikscha durch Berlin f\u00e4hrt. Mit der Hitze kommt er gut zurecht und l\u00e4sst sich davon nicht den Alltag bestimmen. Um sich abzuk\u00fchlen, sucht er Schatten oder Orte mit Wind.<\/p>\n<p><img decoding=\"async\" src=\"https:\/\/www.tagesspiegel.de\/berlin\/undefined\"   alt=\"x\" aria-labelledby=\"caption-15758628\" width=\"440\" height=\"330\" loading=\"lazy\" class=\"tspA0i9\"\/> Stadtf\u00fchrer Anu (70) findet, dass Berlin mehr Trinkwasserbrunnen und B\u00e4ume haben k\u00f6nnte. <\/p>\n<p class=\"tspAAgb\"> \u00a9 Elly Nguyen <\/p>\n<p class=\"tspBXm2\">Sein Tipp f\u00fcr hei\u00dfe Tage \u201eNachts mit offenem Fenster schlafen und morgens die Vorh\u00e4nge hinter dem Fenster schlie\u00dfen, da sich die Glasscheiben stark erhitzen\u201c. Der Stadtf\u00fchrer kritisiert: \u201eBerlin hat zu wenig Trinkwasserbrunnen\u201c. Und: \u201eDie Stadt ist zwar gr\u00fcn, doch sie hat zu wenig B\u00e4ume\u201c. Mit ihnen k\u00f6nnten Schattenpl\u00e4tze f\u00fcr Berliner und Touristen geschaffen werden.<\/p>\n<p> 15.10 Uhr: Degewo sagt Seniorensportfest und Sch\u00fclertriathlon ab <\/p>\n<p class=\"tspBXm2\">Das landeseigene Wohnungsunternehmen Degewo hat das geplante Sportwochenende in S\u00fcdneuk\u00f6lln abgesagt. Rund um das Degewo-Stadion in der Gropiusstadt und im benachbarten Sommerbad waren am Samstag ein Sch\u00fclertriathlon mit rund 1000 teilnehmenden Kindern und am Sonntag ein Sportfest f\u00fcr Senior:innen unter dem Motto \u201eAktiv im Alter\u201c geplant.<\/p>\n<p><img decoding=\"async\" src=\"https:\/\/www.europesays.com\/de\/wp-content\/uploads\/2026\/06\/wohnhaus-degewo-gropiusstadt-neukolln-berlin-deutschland-residence-degewo-gropiusstadt-n.jpeg\"   alt=\"Wohnhaus, Degewo, Gropiusstadt, Neuk\u00f6lln, Berlin, Deutschland *** Residence, Degewo, Gropiusstadt, Neuk\u00f6lln, Berlin, Germany&#10;degewo0509\" aria-labelledby=\"caption-15758544\" width=\"440\" height=\"330\" loading=\"lazy\" class=\"tspA0i9\"\/> Rund um das Degewo-Stadion in der Gropiusstadt war ein Sch\u00fclertriathlon mit rund 1000 teilnehmenden Kindern sowie ein Seniorensportfest geplant. <\/p>\n<p class=\"tspAAgb\"> \u00a9 imago images\/Schoening <\/p>\n<p class=\"tspBXm2\">\u201eDie Gesundheit der Teilnehmenden \u2013 insbesondere von Kindern und \u00e4lteren Menschen \u2013 hat oberste Priorit\u00e4t, sodass eine sichere Durchf\u00fchrung nicht gew\u00e4hrleistet werden kann\u201c, teilte eine Sprecherin des Unternehmens mit.<\/p>\n<p> 14.50 Uhr: B\u00fccherfest abgesagt <\/p>\n<p class=\"tspBXm2\">Das f\u00fcr Samstag und Sonntag geplante Berliner B\u00fccherfest auf dem Bebelplatz wird wegen der hohen Temperaturen abgesagt. \u201eAngesichts der angek\u00fcndigten Extremwetterlage m\u00fcssen wir das Berliner B\u00fccherfest nach Beratungen mit allen Beteiligten schweren Herzens absagen\u201c, teilte Wirtschaftssenatorin Franziska Giffey (SPD) mit.<\/p>\n<p class=\"tspBXm2\">Es habe einen engen Austausch mit der Veranstaltungsagentur, der Berliner Feuerwehr und weiteren Instanzen gegeben, um zu versuchen, das B\u00fccherfest mit zus\u00e4tzlichen Ma\u00dfnahmen gegen die Hitze zu erm\u00f6glichen, erkl\u00e4rte Giffey. \u201eDoch Sicherheit hat f\u00fcr uns oberste Priorit\u00e4t\u201c, sagte Giffey.<\/p>\n<p><img decoding=\"async\" src=\"https:\/\/www.europesays.com\/de\/wp-content\/uploads\/2026\/06\/img-9926-2048x1365.jpeg\"   alt=\"x\" aria-labelledby=\"caption-15758508\" loading=\"lazy\" class=\"tspA0i9\"\/> Das B\u00fccherfest auf dem Berliner Bebelplatz <\/p>\n<p class=\"tspAAgb\"> \u00a9 B\u00f6rsenverein LV Berlin-Brandenburg) <\/p>\n<p class=\"tspBXm2\">Urspr\u00fcnglich sollten an rund 100 St\u00e4nden Berliner Verlage und Buchhandlungen \u00fcber ihre Arbeit informieren. Das Berliner B\u00fccherfest wird vom B\u00f6rsenverein des Deutschen Buchhandels Landesverband BerlinBrandenburg e.V. organisiert und von der Senatsverwaltung f\u00fcr Wirtschaft, Energie und Betriebe mitfinanziert.<\/p>\n<p> 14.45 Uhr: J\u00fcdische Gemeinde verschiebt Fest wegen Hitze <\/p>\n<p class=\"tspBXm2\">Die j\u00fcdische Gemeinde Chabad Berlin hat ihren Festakt zum 30-j\u00e4hrigen Bestehen und ihr Stra\u00dfenfest wegen der Wetterlage verschoben. Aufgrund der angek\u00fcndigten extremen Hitze und einer aktuellen Hitzewarnung des Deutschen Wetterdienstes finde das zun\u00e4chst am Sonntag geplante Fest nun am 30. August statt, teilte die Gemeinde am Donnerstag mit.<\/p>\n<p class=\"tspBXm2\">Das Fest soll am J\u00fcdischen Campus in Berlin gefeiert werden. Anlass seien drei Jahrzehnte j\u00fcdisches Leben, Gemeinschaft und Zukunft, hie\u00df es. Die im 18. Jahrhundert begr\u00fcndete orthodoxe j\u00fcdische Organisation Chabad-Lubawitsch gibt es heute in 70 L\u00e4ndern weltweit. In Berlin verf\u00fcgt sie auch \u00fcber eine Synagoge und eine Mikwe. (epd)<\/p>\n<p> 14.35 Uhr: Caritas bietet Hitzehilfe f\u00fcr obdachlose Menschen <\/p>\n<p class=\"tspBXm2\">An drei Tagen pro Woche \u2013 dienstags, donnerstags und samstags \u2013 bietet die Caritas in Berlin eine Hitzehilfe an. Zwischen 13 und 18 Uhr sind Mitarbeitende an bekannten Treffpunkten f\u00fcr Obdachlose unterwegs, um k\u00fchle Getr\u00e4nke, Informationsmaterialien und Hitzeschutzartikel wie Sonnencreme und Kopfbedeckungen zu verteilen. Das teilte ein Sprecher der Caritas am Donnerstag mit. Dienstags sei das Team im Bereich Ostbahnhof, donnerstags rund um Alexanderplatz, sowie samstags am Leopodplatz aktiv.<\/p>\n<p class=\"tspBXm2\">Zus\u00e4tzlich st\u00fcnde sonntags von 13 bis 18 Uhr ein Schutzraum in den \u00d6rtlichkeiten der Caritas-K\u00e4ltehilfe in der Residenzstra\u00dfe in Wedding zur Verf\u00fcgung. Doch k\u00f6nnten sich obdachlose Menschen ausruhen, abk\u00fchlen und Beratung erhalten. F\u00fcr die Unterst\u00fctzung des Angebots werden Ehrenamtliche gesucht, die sich f\u00fcr obdachlose Menschen engagieren m\u00f6chten. Interessierte k\u00f6nnen sich bei der Caritas melden.<\/p>\n<p class=\"tspBXm2\">Das Projekts wird von der Senatsverwaltung f\u00fcr Arbeit, Soziales, Gleichstellung, Integration, Vielfalt und Antidiskriminierung finanziert und bis zum 30. August 2026 laufen.<\/p>\n<p> 14.30 Uhr: Berliner Kirchen als Schutz vor Hitze <\/p>\n<p class=\"tspBXm2\">Angesichts der angek\u00fcndigten Temperaturen von bis zu 40 Grad Celsius sind viele Kirchen in Berlin zum Abk\u00fchlen ge\u00f6ffnet. Die \u201eK\u00fchlen Kirchen\u201c b\u00f6ten Schutz vor der Hitze und einen Ort der Ruhe, teilte die Evangelische Kirche Berlin-Brandenburg-schlesische Oberlausitz am Donnerstag mit. Bischof Christian St\u00e4blein lud in der Hitzewelle dazu ein, \u201el\u00e4nger in der Kirche zu sitzen, den Kopf zu k\u00fchlen und den Geist zu st\u00e4rken\u201c.<\/p>\n<p class=\"tspBXm2\">In unterschiedlichen Berliner Stadtteilen \u00f6ffnen nach kirchlichen Angaben verschiedene Kirchengeb\u00e4ude ihre T\u00fcren zum Schutz vor Hitze. Obdachlose Menschen und alle anderen, die unter der Hitze leiden, seien eingeladen, sich abzuk\u00fchlen, hie\u00df es. Teilweise werde Wasser bereitgestellt, es gebe eine Kinderspielecke, einen kleinen Imbiss oder freies Internet zum mobilen Arbeiten. (epd)<\/p>\n<p> 14.15 Uhr: Columbiabad wieder ge\u00f6ffnet <\/p>\n<p class=\"tspBXm2\">Das Sommerbad Neuk\u00f6lln am Columbiabad hat planm\u00e4\u00dfig um 14 Uhr ge\u00f6ffnet. Das best\u00e4tigte eine Mitarbeiterin der Berliner B\u00e4der Betriebe am Nachmittag. Wegen eines technischen Problems in einer Anlage, die den PH-Wert reguliert, musste das Bad am Morgen geschlossen bleiben.<\/p>\n<p class=\"tspBXm2\">Das Columbiabad hatte am Mittwoch erstmals wieder ge\u00f6ffnet, nachdem Probleme bei der Beschaffung von Filtermaterial zur Verz\u00f6gerung des Saisonstarts gef\u00fchrt hatten.<\/p>\n<p> 14.00 Uhr: Friedrichshain-Kreuzberg verbietet Grillen am Wochenende <\/p>\n<p class=\"tspBXm2\">Das Bezirksamt Friedrichshain-Kreuzberg verbietet am Wochenende das Grillen auf den ausgewiesenen Fl\u00e4chen in Parks. Grund sind die anhaltende Trockenheit und die hohe Brandgefahr, hei\u00dft es in einer Mitteilung am Mittag. Das Verbot gilt ab Samstag, 27. Juni 2026, bis auf Weiteres. Die Ma\u00dfnahme dient dem Schutz der Gr\u00fcnfl\u00e4chen und der \u00f6ffentlichen Sicherheit.<\/p>\n<p class=\"tspBXm2\">Das Verbot gilt f\u00fcr die Grillwiese am Neuen Hain im Volkspark Friedrichshain, die Wiese gegen\u00fcber dem Kunstrasensportplatz sowie gegen\u00fcber dem Rodelh\u00fcgel im G\u00f6rlitzer Park und auf der Wiese zwischen Waterloo-Ufer und Zossener Stra\u00dfe auf dem Bl\u00fccherplatz.<\/p>\n<p> 13.50 Uhr: Senatorin appelliert an Berlinerinnen und Berliner <\/p>\n<p class=\"tspBXm2\">Die aktuelle Extremwetterlage besch\u00e4ftigt auch die Politik. Berlins Senatorin f\u00fcr Wissenschaft, Gesundheit und Pflege, Ina Czyborra, appelliert an die Bev\u00f6lkerung, auf sich aufzupassen. \u201eSch\u00fctzen Sie sich und andere vor Hitze und UV-Strahlung. Trinken Sie ausreichend, vermeiden Sie k\u00f6rperliche Belastungen und suchen Sie k\u00fchle R\u00e4ume auf\u201c, sagt sie.<\/p>\n<p class=\"tspBXm2\">Auch bietet sie um gegenseitige Unterst\u00fctzung in der Nachbarschaft. \u201eEin Anruf oder kurzer Besuch kann helfen, oder organisieren Sie gegebenenfalls Hilfe. Hitzeschutz geht uns alle an. Sorgen Sie gemeinsam miteinander und f\u00fcreinander\u201c, sagt die Senatorin.<\/p>\n<p> 13.29 Uhr: Columbiabad \u00f6ffnet am Nachmittag wieder <\/p>\n<p class=\"tspBXm2\">Badefreunde in Neuk\u00f6lln k\u00f6nnen sich freuen: Nach einer kurzzeitigen Schlie\u00dfung \u00f6ffnet das Columbiabad am Donnerstag um 14 Uhr wieder. Technische Probleme hatten zu einem Hin und Her gef\u00fchrt: Erst war der Saisonstart verschoben worden, dann gab es am Mittwoch erstmals Einlass, am Donnerstag blieb das Bad dann am Morgen erst mal dicht.<\/p>\n<p> 12.25 Uhr: Potsdam k\u00e4mpft ebenfalls mit Hitzewelle <\/p>\n<p class=\"tspBXm2\">Auch die Menschen in Brandenburgs Landeshauptstadt versuchen derzeit, einen k\u00fchlen Kopf zu bewahren. Das betrifft auch die <a href=\"https:\/\/www.tagesspiegel.de\/berlin\/verkurzte-erreichbarkeiten-verkurzte-sprechzeiten-stadtverwaltung-nimmt-hitzefrei-15756663.html?icid=in-text-link_15747096\" class=\"link link--internal\" data-gtm-class=\"article-text-link\" data-gtm-val=\"internal\" rel=\"nofollow noopener\" target=\"_blank\">Stadtverwaltung<\/a>: Sie verk\u00fcrzt ihre heutigen Sprech- und \u00d6ffnungszeiten in einzelnen Bereichen, hei\u00dft es in einer Mitteilung der Stadt.<\/p>\n<p class=\"tspBXm2\">Wie in Berlin sind zudem auch schon verschiedene<a href=\"https:\/\/www.tagesspiegel.de\/potsdam\/landeshauptstadt\/bis-zu-40-grad-am-wochenende-grosses-volkspark-jubilaum-am-samstag-abgesagt-15753603.html?icid=in-text-link_15747096\" class=\"link link--internal\" data-gtm-class=\"article-text-link\" data-gtm-val=\"internal\" rel=\"nofollow noopener\" target=\"_blank\"> Veranstaltungen abgesagt<\/a> worden. Darunter das gro\u00dfe Volkspark-Jubil\u00e4um am Samstag, die Fahrrad-Pride und die Beachvolleyball-Landesmeisterschaft. Am Samstag k\u00f6nnte Potsdam die 40-Grad-Celsius-Marke knacken, erkl\u00e4rt <a href=\"https:\/\/www.tagesspiegel.de\/potsdam\/landeshauptstadt\/summer-in-the-city-knackt-potsdam-am-wochenende-die-40-grad-15745698.html?icid=in-text-link_15747096\" class=\"link link--internal\" data-gtm-class=\"article-text-link\" data-gtm-val=\"internal\" rel=\"nofollow noopener\" target=\"_blank\">Meteorologe Stefan Rubach<\/a>. Der bisherige absolute\u00a0Hitzerekord in Potsdam lag bei 38,9 Grad und stammt vom 20. Juli 2022.\u00a0<\/p>\n<p class=\"tspBXm2\">Wo Sie auch in Potsdam eine Abk\u00fchlung finden und welcher See, welches Strandbad und welche Eisdiele sich nun richtig lohnen, lesen Sie <a href=\"https:\/\/www.tagesspiegel.de\/potsdam\/landeshauptstadt\/in-der-rekord-hitze-potsdam-bietet-abkuhlung-an-vielen-orten-15746530.html?icid=in-text-link_15747096\" class=\"link link--internal\" data-gtm-class=\"article-text-link\" data-gtm-val=\"internal\" rel=\"nofollow noopener\" target=\"_blank\">hier<\/a>.<\/p>\n<p> 11.40 Uhr: Abk\u00fchlung dank Nebeldusche <\/p>\n<p class=\"tspBXm2\">In Berlin ist aktuell nicht eine kleine Wolke am Himmel, die Sonne erreicht bald ihren H\u00f6hepunkt. Im eher sp\u00e4rlich bepflanzten Mauerpark gibt es kaum Schatten. Daf\u00fcr aber eine f\u00fcr Berlin noch recht einmalige Sache: eine Nebeldusche!<\/p>\n<p><img decoding=\"async\" src=\"https:\/\/www.europesays.com\/de\/wp-content\/uploads\/2026\/06\/nebeldusche.jpeg\"   alt=\"Ein Mann k\u00fchlt sich am 25.06.2026 in einer Nebeldusche im Mauerpark ab.\u00a0\" aria-labelledby=\"caption-15756670\" width=\"440\" height=\"330\" loading=\"lazy\" class=\"tspA0i9\"\/> Ein Mann k\u00fchlt sich in einer Nebeldusche im Mauerpark ab.\u00a0 <\/p>\n<p class=\"tspAAgb\"> \u00a9 Emilio Nolte <\/p>\n<p class=\"tspBXm2\">Sie verspr\u00fcht kaltes Wasser und k\u00fchlt dadurch auf angenehme Weise die Haut. Auf Knopfdruck kommt der \u201eNebel\u201c aus den feinen D\u00fcsen. \u201eEs ist die erste Anlage dieser Art in Berlin\u201c, erkl\u00e4rt eine Mitarbeiterin der Lageso dem Tagesspiegel. Einziges Problem sei der sehr hohe Kalkgehalt des Berliner Wassers. Die Ablagerungen verstopfen die D\u00fcsen, die nun ausgetauscht werden.<\/p>\n<p class=\"tspBXm2\">Die Dusche steht neben einem Trinkwasserspender und dem neuen Pop-up \u201eCooling Point\u201c am Eingang des Mauerparks an der Bernauer Stra\u00dfe.<\/p>\n<p class=\"tspBXm2\">Die Erfindung ist jedoch keinesfalls neu. Bereits in mehreren St\u00e4dten in Deutschland und Europa gibt es die Spr\u00fchnebelanlagen, etwa in Dresden, L\u00f6rrach, Z\u00fcrich (Schweiz) und Rom (Italien). Pionier ist die \u00f6sterreichische Hauptstadt Wien: 123 Nebelduschen und 75 mobile Brunnen mit Spr\u00fchfunktion hat die Stadt f\u00fcr Bewohner und Touristen zur Verf\u00fcgung gestellt.<\/p>\n<p> 11.05 Uhr: Zehntausende Menschen sind auf dem Weg zum Fusion Festival <\/p>\n<p class=\"tspBXm2\">Hitze-Exitus am Ostbahnhof: Auch dieses Jahr zieht es wieder ganze Heerscharen auf das Fusion-Festival in Mecklenburg-Vorpommern. Am Ostbahnhof stauen sich Shuttle-Busse (und falsch geparkte E-Scooter). Dabei stehen die Chancen auf k\u00fchlere Temperaturen auf dem Festivalgel\u00e4nde in L\u00e4rz nicht gerade hoch: F\u00fcr Samstag sind dort 38 Grad vorhergesagt, am Sonntag satte 40.<\/p>\n<p><img decoding=\"async\" src=\"https:\/\/www.europesays.com\/de\/wp-content\/uploads\/2026\/06\/img-5664.jpeg\"   alt=\"\" aria-labelledby=\"caption-15756263\" width=\"440\" height=\"330\" loading=\"lazy\" class=\"tspA0i9\"\/> Zumindest die E-Roller haben einen Platz im Halbschatten. <\/p>\n<p class=\"tspAAgb\"> \u00a9 Lionel Kreglinger <\/p>\n<p> 10.40 Uhr: CSD in Bernau wird abgesagt <\/p>\n<p class=\"tspBXm2\">Nach dem Fahrrad-Pride in Potsdam wird auch der Christopher Street Day (CSD) in Bernau bei Berlin am Samstag abgesagt. Er k\u00f6nne \u201eaufgrund der amtlichen Hitzewarnungen mit vorhergesagten Temperaturen von fast 40 Grad nicht wie geplant stattfinden\u201c, teilte das Organisationsteam mit. Und weiter: \u201eEine stundenlange Demonstration auf den Stra\u00dfen Bernaus ist bei dieser extremen Wetterlage mit massiven gesundheitlichen Risiken verbunden.\u201c<\/p>\n<p class=\"tspBXm2\">Vor allem auf vulnerable Gruppen \u2013 \u00e4ltere Menschen, chronisch Kranke oder Menschen mit Behinderungen \u2013 wolle man besondere R\u00fccksicht nehmen und habe sich deshalb f\u00fcr die Absage entschieden. \u201eGesundheit geht vor\u201c, hei\u00dft es in einer Mitteilung des CSD.<\/p>\n<p class=\"tspBXm2\">Die Demonstration f\u00fcr queere Rechte werde stattdessen in den Herbst verschoben. Ein genauer Ausweichtermin werde in der kommenden Woche bekannt gegeben.<\/p>\n<p><a href=\"https:\/\/www.tagesspiegel.de\/potsdam\/brandenburg\/gesundheit-geht-vor-fahrrad-pride-in-potsdam-und-csd-in-bernau-wegen-hitze-abgesagt-15756717.html?icid=single-topic_15747096___\" data-gtm-class=\"article-mzt-link\" class=\"tspC0qm\" rel=\"nofollow noopener\" target=\"_blank\">\u201eGesundheit geht vor\u201c Fahrrad-Pride in Potsdam und CSD in Bernau wegen Hitze abgesagt <\/a> 10.15 Uhr: Mathina Wildner l\u00e4uft trotz Hitze im Volkspark Friedrichshain <\/p>\n<p class=\"tspBXm2\">\u201eIch bin verwundert, dass noch so viele laufen gehen\u201c, sagt Marthina Wildner, 58. Sie hat selbst gerade eine 6-Kilometer-Runde hinter sich und ruht sich unweit des Wasserspenders im Gras aus. \u201eIch w\u00fcrde nicht laufen, wo es kein Wasser gibt\u201c, sagt sie. Hohe Temperaturen k\u00f6nne sie eigentlich gut ab, ob sie morgen und \u00fcbermorgen auch laufen gehe, wisse sie aber noch nicht: \u201eDie letzten 2 Kilometer habe ich mich schon gequ\u00e4lt.\u201d Ihre Herzfrequenz sei auch um 10 Schl\u00e4ge pro Minute h\u00f6her gewesen als sonst bei ihren L\u00e4ufen.<\/p>\n<p><img decoding=\"async\" src=\"https:\/\/www.europesays.com\/de\/wp-content\/uploads\/2026\/06\/img-7672.jpeg\"   alt=\"Marthina Wildner, 58, geht auch bei sommerlichen Temperaturen joggen.\" aria-labelledby=\"caption-15756066\" width=\"440\" height=\"330\" loading=\"lazy\" class=\"tspA0i9\"\/> Marthina Wildner, 58, geht auch bei hochsommerlichen Temperaturen joggen. <\/p>\n<p class=\"tspAAgb\"> \u00a9 Emilio Nolte <\/p>\n<p> 9.15 Uhr: Einen Tag nach Wiederer\u00f6ffnung wird das Neuk\u00f6llner Columbiabad erneut geschlossen <\/p>\n<p class=\"tspBXm2\">\u201eEs gibt ein technisches Problem. Wir bedauern das sehr\u201c, sagte eine Sprecherin der Berliner B\u00e4der-Betriebe. Der Badebetrieb sei derzeit nicht m\u00f6glich.<\/p>\n<p class=\"tspBXm2\">\u201eDie Techniker sind dran, die Suche nach der Ursache l\u00e4uft\u201c, sagte die Sprecherin. Noch sei unklar, wann das Problem behoben sei. Sobald das Bad wieder \u00f6ffnen k\u00f6nne, g\u00e4ben sie Bescheid.<\/p>\n<p class=\"tspBXm2\">Das Columbiabad hatte am Mittwoch erstmals wieder ge\u00f6ffnet, nachdem Probleme bei der Beschaffung von Filtermaterial zur Verz\u00f6gerung des Saisonstarts gef\u00fchrt hatten.<\/p>\n<p class=\"tspBXm2\">Die sommerlichen Temperaturen ziehen derzeit viele Menschen in die Berliner Sommerb\u00e4der. Im Kreuzberger Prinzenbad hatte ein Brand in einem Schaltschrank diese Woche kurzzeitig zu einer Schlie\u00dfung gef\u00fchrt. Das Bad ist inzwischen wieder ge\u00f6ffnet.<\/p>\n<p> 9.00 Uhr: Die Bahn bietet wegen der Hitze kostenlose Stornierungen an <\/p>\n<p class=\"tspBXm2\">Wer eine gebuchte Fernverkehrsreise bis einschlie\u00dflich 30. Juni wegen der Hitzewelle nicht antreten m\u00f6chte, kann sein Ticket ausnahmsweise kostenfrei stornieren. Das gilt nach Angaben der Bahn f\u00fcr alle Tickets, die bis zum 23. Juni gekauft wurden, einschlie\u00dflich Spar- und Supersparpreisen.<\/p>\n<p> 8.00 Uhr: Berliner Fu\u00dfballverband sagt die meisten Spiele am Wochenende ab <\/p>\n<p class=\"tspBXm2\">Wegen der angek\u00fcndigten Hitzewelle mit Temperaturen bis zu 40 Grad hat der Berliner Fu\u00dfball-Verband f\u00fcr das kommende Wochenende Konsequenzen gezogen: Alle Spiele, die keine Bedeutung mehr f\u00fcr Aufstieg, Abstieg oder Meisterschaft haben, werden abgesagt. Partien, die f\u00fcr Entscheidungen zwingend noch ausgetragen werden m\u00fcssen, sollen in die fr\u00fchen Morgen- oder sp\u00e4ten Abendstunden verlegt werden.<\/p>\n<p class=\"tspBXm2\">Im Einzelnen hei\u00dft das:<\/p>\n<ul data-qa-hook=\"story-list-ul\" class=\"tspCKpb\">\n<li class=\"tspCKgr tspCKgr\">Alle Spiele im Kinderfu\u00dfball werden abgesetzt.<\/li>\n<li class=\"tspCKgr tspCKgr\">Die Relegationsspiele im Jugendbereich sowie das Meisterschaftsfinale der D-Junioren finden in den fr\u00fchen Morgenstunden statt.<\/li>\n<li class=\"tspCKgr tspCKgr\">Spiele im Freizeitbereich, die keine Relevanz f\u00fcr Auf- oder Abstiege haben, fallen aus.<\/li>\n<li class=\"tspCKgr tspCKgr\">Bei den \u00e4lteren Teams, dem \u00dc-Bereich, finden Spiele am Freitag und Montag statt.<\/li>\n<li class=\"tspCKgr tspCKgr\">Die Vereine k\u00f6nnen wegen der Hitze jederzeit Spiele verlegen.<\/li>\n<\/ul>\n<p><img decoding=\"async\" src=\"https:\/\/www.europesays.com\/de\/wp-content\/uploads\/2026\/06\/1782327622_664_hitze-in-berlin.jpeg\"   alt=\"dpatopbilder - 24.06.2026, Berlin: Menschen gehen am fr\u00fchen Morgen im Schlachtensee schwimmen. Foto: Christoph Soeder\/dpa +++ dpa-Bildfunk +++\" aria-labelledby=\"caption-15754124\" width=\"440\" height=\"330\" loading=\"lazy\" class=\"tspA0i9\"\/> Wer kaltes Wasser sucht, muss fr\u00fch dran sein: Menschen gehen am Morgen im Schlachtensee schwimmen. <\/p>\n<p class=\"tspAAgb\"> \u00a9 dpa\/Christoph Soeder <\/p>\n<p><img decoding=\"async\" src=\"https:\/\/www.europesays.com\/de\/wp-content\/uploads\/2026\/06\/1782327623_782_hitze-in-berlin.jpeg\"   alt=\"dpatopbilder - 24.06.2026, Berlin: L\u00e4ufer und Radfahrer bekommen am Morgen im Tiergarten eine Erfrischung durch die Pflanzenbew\u00e4sserung bei hochsommerlichen Temperaturen. Foto: Kay Nietfeld\/dpa +++ dpa-Bildfunk +++\" aria-labelledby=\"caption-15754119\" width=\"440\" height=\"330\" loading=\"lazy\" class=\"tspA0i9\"\/> Das haben sie sich verdient: L\u00e4ufer und Radfahrer bekommen im Tiergarten eine Erfrischung durch die Pflanzenbew\u00e4sserung. <\/p>\n<p class=\"tspAAgb\"> \u00a9 dpa\/Kay Nietfeld <\/p>\n<p><img decoding=\"async\" src=\"https:\/\/www.europesays.com\/de\/wp-content\/uploads\/2026\/06\/1782327624_637_hitze-in-berlin.jpeg\"   alt=\"24.06.2026, Berlin: Eine Frau sitzt am Humboldt Forum am Ufer der Spree in der Sonne. Heute und in den n\u00e4chsten Tagen herrschen Temperaturen von \u00fcber 30 Grad. Foto: Jens Kalaene\/dpa +++ dpa-Bildfunk +++\" aria-labelledby=\"caption-15754100\" width=\"440\" height=\"330\" loading=\"lazy\" class=\"tspA0i9\"\/> Auf offener Fl\u00e4che mit langer Hose, und offenkundig hart im Nehmen: Eine Frau sitzt am Humboldt Forum am Ufer der Spree in der Sonne. <\/p>\n<p class=\"tspAAgb\"> \u00a9 dpa\/Jens Kalaene <\/p>\n<p> Mittwoch <\/p>\n<p> 17.56 Uhr: Fusion-Festival und Philharmoniker wappnen sich f\u00fcr die Hitze <\/p>\n<p class=\"tspBXm2\">Die Veranstalter des Fusion-Festivals in L\u00e4rz und des Saisonabschlusskonzerts der Berliner Philharmoniker in der Waldb\u00fchne Berlin halten trotz der angek\u00fcndigten Hitze an ihren Veranstaltungen fest. Auf dem Gel\u00e4nde st\u00fcnden kostenlose Trinkwasserstellen zur Verf\u00fcgung, teilten die Veranstalter der Fusion auf Tagesspiegel-Anfrage mit. Zudem seien die Wasserpreise an den Bars wegen der Wetterlage gesenkt worden.<\/p>\n<p class=\"tspBXm2\">Mehrere gro\u00dfe Tanzfl\u00e4chen seien mit Wasserzerst\u00e4ubern ausgestattet worden. Au\u00dferdem werde das Programm auf den gro\u00dfen B\u00fchnen w\u00e4hrend der hei\u00dfesten Tageszeit traditionell f\u00fcr mehrere Stunden unterbrochen. Das Erste-Hilfe-Team sei auf hitzebedingte Beschwerden vorbereitet, die Besucherinnen und Besucher seien bereits vor Festivalbeginn per Informationsmail auf die Wetterlage hingewiesen worden. Die gro\u00dfen Hauptb\u00fchnen er\u00f6ffnen planm\u00e4\u00dfig am Donnerstagabend.<\/p>\n<p class=\"tspBXm2\">Die Veranstalter des Saisonabschlusskonzerts der Berliner Philharmoniker reagieren ebenfalls mit Sonderregelungen: Besucherinnen und Besucher d\u00fcrfen statt einer nun zwei 0,5-Liter-Flaschen Wasser mitbringen und diese vor Ort kostenlos auff\u00fcllen. Zus\u00e4tzlich sind kleine Schirme als Sonnenschutz erlaubt. Eine Absage des Konzerts am Sonnabend werde nicht erwogen. Die Veranstaltung sei seit Monaten restlos ausverkauft.<\/p>\n<p class=\"tspBXm2\">Der Saisonabschluss in der Waldb\u00fchne hat seit mehr als vier Jahrzehnten Tradition: Am 30. Juni 1984 trat das 1882 gegr\u00fcndete Orchester erstmalig in der Kulisse auf.<\/p>\n<p> 17.14 Uhr: Kreislaufkollaps vor der Ankerklause <\/p>\n<p class=\"tspBXm2\">In der Ankerklause am Maybachufer ist am sp\u00e4ten Mittwochnachmittag weniger los als sonst. Vor der T\u00fcr steht ein Krankenwagen. Eben sei jemand wegen der Hitze umgekippt, sagen die Mitarbeitenden. \u201eWir haben ihm Eis, Wasser und Zucker rausgebracht\u201c, sagt Minijobberin Norma, die an der Bar arbeitet.<\/p>\n<p><img decoding=\"async\" src=\"https:\/\/www.europesays.com\/de\/wp-content\/uploads\/2026\/06\/1782327625_689_img-7774.jpeg\"   alt=\"\" aria-labelledby=\"caption-15753604\" width=\"440\" height=\"330\" loading=\"lazy\" class=\"tspA0i9\"\/> Wenig Betrieb und ein medizinischer Notfall: Auch in der Ankerklause macht sich die Hitze am Mittwoch bemerkbar. <\/p>\n<p class=\"tspAAgb\"> \u00a9 Marie Nadler <\/p>\n<p class=\"tspBXm2\">\u201eEs kam direkt ein Arzt dazu, wir haben den Krankenwagen gerufen\u201c, sagt Norma. Die Person ist wieder auf den Beinen. Die Mitarbeiter achten darauf, sich m\u00f6glichst wenig zu bewegen, im Schatten zu bleiben und viel Wasser zu trinken.<\/p>\n<p> 17.10 Uhr: Diese Freib\u00e4der in Berlin bieten noch Platz <\/p>\n<p class=\"tspBXm2\">Pl\u00e4tze in Berlins Freib\u00e4dern sind w\u00e4hrend der Rekordhitze hochumk\u00e4mpft. Welche B\u00e4der noch Kapazit\u00e4ten haben \u2013 und mit welcher U-Bahn-Linie sie erreichbar sind:<\/p>\n<p><a href=\"https:\/\/www.tagesspiegel.de\/berlin\/berlins-grosse-freibad-ubersicht-diese-bader-bieten-noch-platz-zum-abkuhlen-15753417.html?icid=single-topic_15747096___\" data-gtm-class=\"article-mzt-link\" class=\"tspC0qm\" rel=\"nofollow noopener\" target=\"_blank\">Berlins gro\u00dfe Freibad-\u00dcbersicht Diese B\u00e4der bieten noch Platz zum Abk\u00fchlen <\/a> 16.45 Uhr: Berliner:innen suchen zum Feierabend eine Abk\u00fchlung <\/p>\n<p class=\"tspBXm2\">Der Abend r\u00fcckt n\u00e4her und damit bei vielen auch der Feierabend. Vor dem<a href=\"https:\/\/www.tagesspiegel.de\/berlin\/berlins-grosse-freibad-ubersicht-diese-bader-bieten-noch-platz-zum-abkuhlen-15753417.html?icid=in-text-link_15747096\" class=\"link link--internal\" data-gtm-class=\"article-text-link\" data-gtm-val=\"internal\" rel=\"nofollow noopener\" target=\"_blank\"> Prinzenbad<\/a> ist am Mittwochnachmittag bereits eine lange Schlange. Viele Eltern mit Kindern und junge Menschen, bepackt mit Badesachen, stellen sich an f\u00fcr eine Abk\u00fchlung.<\/p>\n<p><img decoding=\"async\" src=\"https:\/\/www.europesays.com\/de\/wp-content\/uploads\/2026\/06\/prinzenbad-hitze.jpeg\"   alt=\"Am 24.06.2026 reihen sich die Menschen um 16 Uhr in die Schlange am Prinzenbad. Berlin k\u00e4mpft mit einer Hitzewelle.\u00a0\" aria-labelledby=\"caption-15753395\" width=\"440\" height=\"330\" loading=\"lazy\" class=\"tspA0i9\"\/> Am Nachmittag werden die Schlangen in den Freib\u00e4dern immer l\u00e4nger. <\/p>\n<p class=\"tspAAgb\"> \u00a9 Marie Nadler <\/p>\n<p class=\"tspBXm2\">Am <a href=\"https:\/\/www.tagesspiegel.de\/berlin\/matschen-planschen-toben-das-sind-die-zwolf-besten-wasserspielplatze-berlins-15748055.html?icid=in-text-link_15747096\" class=\"link link--internal\" data-gtm-class=\"article-text-link\" data-gtm-val=\"internal\" rel=\"nofollow noopener\" target=\"_blank\">Wasserspielplatz Weinbergspark<\/a> und am Wasserspielplatz am Nordbahnhof nutzen viele Familien den warmen Tag f\u00fcr eine Abk\u00fchlung. W\u00e4hrend Eltern unter den B\u00e4umen picknicken, spielen Kinder an den Wasserpumpen, springen begeistert durch die Wasserduschen und planschen im Wasser. Andere liefern sich mit Wasserpistolen kleine Duelle.<\/p>\n<p><img decoding=\"async\" src=\"https:\/\/www.europesays.com\/de\/wp-content\/uploads\/2026\/06\/plansche-nordbahnhof.jpeg\"   alt=\"Berlin wird von einer Hitzewelle \u00fcberrollt. Kinder spielen in der Plansche am Nordbahnhof.\" aria-labelledby=\"caption-15753493\" width=\"440\" height=\"330\" loading=\"lazy\" class=\"tspA0i9\"\/> Eltern und Kinder spielen in der Plansche am Weinbergpark, um sich ein wenig abzuk\u00fchlen. <\/p>\n<p class=\"tspAAgb\"> \u00a9 Mia Veigel <\/p>\n<p class=\"tspBXm2\">Und auch am <a href=\"https:\/\/www.tagesspiegel.de\/berlin\/bezirke\/spandau\/und-das-bei-dieser-hitze-berliner-bezirk-rat-vom-baden-in-diesem-see-ab-15750984.html?icid=in-text-link_15747096\" class=\"link link--internal\" data-gtm-class=\"article-text-link\" data-gtm-val=\"internal\" rel=\"nofollow noopener\" target=\"_blank\">Schlachtensee<\/a> verschaffen sich viele Menschen ein wenig Abk\u00fchlung. Um 16 Uhr sind die Liegewiesen bereits gut gef\u00fcllt, zahlreiche Besucher sonnen sich oder suchen Schatten unter den B\u00e4umen und Erfrischung im Wasser.<\/p>\n<p><img decoding=\"async\" src=\"https:\/\/www.europesays.com\/de\/wp-content\/uploads\/2026\/06\/schlachtensee-hitze.jpeg\"   alt=\"Der Schlachtensee ist am 24.6.2026 um 16 Uhr schon gut besucht. Viele Menschen entfliehen der aktuellen Hitze in der Stadt.\" aria-labelledby=\"caption-15753423\" width=\"440\" height=\"330\" loading=\"lazy\" class=\"tspA0i9\"\/> Viele Menschen entfliehen der aktuellen Hitze in der Stadt. <\/p>\n<p class=\"tspAAgb\"> \u00a9 Mia Veigel <\/p>\n<p> 16.15 Uhr: Weitere Veranstaltungen abgesagt <\/p>\n<p class=\"tspBXm2\">Hitzebedingt werden mehrere Veranstaltungen der kommenden Tage in Berlin und Brandenburg abgesagt. Wegen der hohen Temperaturen fallen viele f\u00fcr Freitag und das Wochenende geplante Veranstaltungen aus oder werden verschoben.<\/p>\n<p class=\"tspBXm2\"><strong>Freitag<\/strong><\/p>\n<ul data-qa-hook=\"story-list-ul\" class=\"tspCKpb\">\n<li class=\"tspCKgr tspCKgr\">Die geplante Gartenf\u00fchrung \u201eGeheimnisse des Schlossgartens Charlottenburg\u201c mit Rudolf G. Scharmann entf\u00e4llt. Die F\u00fchrung soll voraussichtlich im Herbst nachgeholt werden.\u00a0<\/li>\n<li class=\"tspCKgr tspCKgr\">Das Clean Up im Ottopark-Kiez und im Westf\u00e4lischen Viertel.\u00a0<\/li>\n<\/ul>\n<p class=\"tspBXm2\"><strong>Samstag<\/strong><\/p>\n<ul data-qa-hook=\"story-list-ul\" class=\"tspCKpb\">\n<li class=\"tspCKgr tspCKgr\">Die Hellersdorfer Mini-WM. Die Entscheidung sei nicht leicht gefallen. Die Vorfreude bei den 48 Fu\u00dfballmannschaften sei gro\u00df gewesen. Ob und wann der Wettbewerb nachgeholt wird, ist noch unklar.\u00a0<\/li>\n<li class=\"tspCKgr tspCKgr\">Das in Hennigsdorf f\u00fcr Samstag geplante Zirkus- und Jahrmarktabenteuer im Gemeinschaftszentrum Conradsberg. Der Termin soll nachgeholt werden. \u201eKleine Akrobaten, Zirkuskinder und Clowns feiern an einem neuen Termin!\u201c, teilten die Veranstalter mit.\u00a0<\/li>\n<li class=\"tspCKgr tspCKgr\">Die Mitmachmesse \u201eBuild &amp; Create\u201c auf dem Campus der Technischen Hochschule Brandenburg. Ein Ersatztermin wird gesucht.\u00a0<\/li>\n<\/ul>\n<p class=\"tspBXm2\"><strong>Sonntag<\/strong><\/p>\n<ul data-qa-hook=\"story-list-ul\" class=\"tspCKpb\">\n<li class=\"tspCKgr tspCKgr\">Der Tag der offenen T\u00fcr im Skulpturenpark in L\u00fcbbenau. Die Veranstaltung wird am 27. September nachgeholt.<\/li>\n<\/ul>\n<p> 15.50 Uhr: So gie\u00dfen Sie Berlins Stra\u00dfenb\u00e4ume richtig <\/p>\n<p class=\"tspBXm2\">Gerade junge B\u00e4ume m\u00fcssen bei hohen Temperaturen zus\u00e4tzlich gegossen werden. Dabei kann man jedoch auch einiges falsch machen:<\/p>\n<p><a href=\"https:\/\/www.tagesspiegel.de\/berlin\/giessen-aber-bitte-richtig-so-helfen-sie-berlins-strassenbaumen-wirklich-15751406.html?icid=single-topic_15747096___\" data-gtm-class=\"article-mzt-link\" class=\"tspC0qm\" rel=\"nofollow noopener\" target=\"_blank\">Gie\u00dfen, aber bitte richtig! So helfen Sie Berlins Stra\u00dfenb\u00e4umen wirklich <\/a> 15.40 Uhr: Berliner Polizei sagt \u00f6ffentlichen Teil des Verkehrssicherheitstages ab <\/p>\n<p class=\"tspBXm2\">Fahrradparcours in praller Hitze will die Berliner Polizei Kindern offenbar nicht zumuten: Die Beh\u00f6rde hat den \u00f6ffentlichen Teil des Verkehrssicherheitstages am Freitag abgesagt. Der nicht-\u00f6ffentliche Teil f\u00fcr geladene Kinder soll indes weiterhin stattfinden, wie die Beh\u00f6rde am Mittwoch mitteilte.<\/p>\n<p class=\"tspBXm2\">Der offene Einlass f\u00fcr die Veranstaltung auf dem Ehrenhof des Flughafens Tempelhof sollte eigentlich um 14 Uhr beginnen. Geplant waren neben Fahrradparcours auch ein E-Scooter-Simulator und Aktivit\u00e4ten mit Virtual-Reality-Brillen.<\/p>\n<p> 15.05 Uhr: Abk\u00fchlung auf den Wasserspielpl\u00e4tzen <img decoding=\"async\" src=\"https:\/\/www.europesays.com\/de\/wp-content\/uploads\/2026\/06\/august-4-2022-the-national-weather-service-in-nyc-announced-a-heat-advisory-for-extreme-temeratures-.jpeg\"   alt=\"August 4, 2022: The National Weather Service in NYC announced a heat advisory for extreme temeratures and humidity over the course of few days create dangerous conditions that can lead to heat stress and illness. People outdoor activities specially children around crystal fountains at Domino Park in Williamsburg,Brooklyn.in New York City temperatures remain in the 90 s on Thursday and will remain for next few days. - ZUMAs201 20220804_zap_s201_138 Copyright: xJashimxSalamx\" aria-labelledby=\"caption-15752608\" width=\"440\" height=\"330\" loading=\"lazy\" class=\"tspA0i9\"\/> Die Temperaturen steigen, da bleibt nur eins: Ab auf den Wasserspielplatz! (Symbolfoto) <\/p>\n<p class=\"tspAAgb\"> \u00a9 IMAGO\/ZUMA Wire\/Jashim Salam <\/p>\n<p class=\"tspBXm2\">Wer keine Zeit oder Mu\u00dfe hat, mit der ganzen Familie an einen der vielen Seen in und um Berlin zu fahren, hat Gl\u00fcck. Die Stadt bietet eine Vielzahl an Brunnen, Spielpl\u00e4tzen und Wasserspielen, die zum Planschen und Spielen einladen\u00a0\u2013 Abk\u00fchlung inklusive.<\/p>\n<p class=\"tspBXm2\">Wir haben uns in den Bezirken f\u00fcr Sie umgeschaut und die<a href=\"https:\/\/www.tagesspiegel.de\/berlin\/matschen-planschen-toben-das-sind-die-zwolf-besten-wasserspielplatze-berlins-15748055.html?icid=in-text-link_15747096\" class=\"link link--internal\" data-gtm-class=\"article-text-link\" data-gtm-val=\"internal\" rel=\"nofollow noopener\" target=\"_blank\"> 12 besten Orte mit einer spielerischen Erfrischung<\/a> herausgesucht. Ob in Marzahn-Hellersdorf, Mitte oder Charlottenburg-Wilmersdorf, hier ist f\u00fcr alle etwas dabei. Eine kleine Packliste mit den Must-haves f\u00fcr einen perfekten Hitzetag gibt\u2019s auch dazu.<\/p>\n<p> 15.00 Uhr: Berlins Haus\u00e4rzte und Rettungsstellen versorgen mehr Hitzepatienten <\/p>\n<p class=\"tspBXm2\">Insbesondere \u00e4ltere Menschen werden in Berlins Krankenh\u00e4user hitzebedingt vermehrt eingeliefert. Aber auch in Hausarztpraxen stellen sich j\u00fcngere und \u00e4ltere Menschen vor allem mit Schwindel und Kreislaufproblemen vor:<\/p>\n<p><a href=\"https:\/\/www.tagesspiegel.de\/berlin\/kreislaufprobleme-und-kopfschmerzen-berlins-hausarzte-und-rettungsstellen-versorgen-mehr-hitzepatienten-15752532.html?icid=single-topic_15747096___\" data-gtm-class=\"article-mzt-link\" class=\"tspC0qm\" rel=\"nofollow noopener\" target=\"_blank\">Kreislaufprobleme und Kopfschmerzen Berlins Haus\u00e4rzte und Rettungsstellen versorgen mehr Hitzepatienten <\/a> 14.55 Uhr: Appetit auf D\u00f6ner vergeht auch bei Hitze nicht <\/p>\n<p class=\"tspBXm2\">Isar Isar arbeitet in einem D\u00f6nerladen an der Joachimsthaler Stra\u00dfe nahe dem Bahnhof Zoo. Die hohen Temperaturen seien f\u00fcr das Team nichts Ungew\u00f6hnliches. \u201eWir wechseln uns \u00f6fter ab, aber wir sind auch schon an die Hitze gew\u00f6hnt\u201c, sagt er. Regelm\u00e4\u00dfige Pausen geh\u00f6rten deshalb zum Arbeitsalltag.<\/p>\n<p><img decoding=\"async\" src=\"https:\/\/www.europesays.com\/de\/wp-content\/uploads\/2026\/06\/img-6467.jpeg\"   alt=\"\" aria-labelledby=\"caption-15752539\" width=\"440\" height=\"330\" loading=\"lazy\" class=\"tspA0i9\"\/> Hier ist man hohe Temperaturen gewohnt: Im D\u00f6nerladen \u201eZaddy\u2019s\u201c brummt das Gesch\u00e4ft trotz der Hitze. <\/p>\n<p class=\"tspAAgb\"> \u00a9 Mia Veigel <\/p>\n<p class=\"tspBXm2\">Besonders vor dem D\u00f6nerspie\u00df ist die W\u00e4rme deutlich sp\u00fcrbar, dort herrschen noch einige Grad mehr als drau\u00dfen. F\u00fcr das Gesch\u00e4ft seien die sommerlichen Temperaturen jedoch eher von Vorteil. Bei gutem Wetter seien mehr Menschen unterwegs und entsprechend steige auch die Zahl der Kundinnen und Kunden.<\/p>\n<p> 14.25 Uhr: Kiziltepe sagt Auftakt der Berliner Seniorenwoche wegen Hitze ab <\/p>\n<p class=\"tspBXm2\">Berlins Sozialsenatorin Cansel Kiziltepe (SPD) hat die Auftaktveranstaltung der Berliner Seniorenwoche am Sonnabend abgesagt. Angek\u00fcndigte Temperaturen von bis zu 40 Grad machten die Veranstaltung unm\u00f6glich, teilte ihre Senatsverwaltung am Mittwoch mit.<\/p>\n<p class=\"tspBXm2\">\u201eSo leid es mir tut, aber ich muss die Er\u00f6ffnungsveranstaltung absagen. Vor allem \u00e4ltere Menschen sollten bei dieser Hitze zu Hause bleiben. Ihre Gesundheit und Unversehrtheit steht f\u00fcr mich an oberster Stelle. Da kann ich nichts riskieren\u201c, wird Kiziltepe in der Mitteilung zitiert.<\/p>\n<p class=\"tspBXm2\">Die Seniorenwoche dauert bis zum 4. Juli und umfasst mehr als 300 Veranstaltungen die laut Senatsverwaltung \u201eseniorenrelevante Angebote\u201c aus verschiedenen Themenbereichen (beispielsweise Bewegung, Soziales) b\u00fcndeln.<\/p>\n<p class=\"tspBXm2\">Zum Auftakt in der Amerika-Gedenkbibliothek in Kreuzberg waren unter anderem Clara Herrmann, Bezirksb\u00fcrgermeisterin von Friedrichshain-Kreuzberg und Bahar Haghanipour, Vizepr\u00e4sidentin des Berliner Abgeordnetenhauses (beide Gr\u00fcne) geladen. Die Veranstaltungen der Seniorenwoche in der kommenden Woche sollen weiterhin stattfinden. \u201eWir \u00fcberlegen jetzt, ob die Seniorenwoche n\u00e4chstes Jahr im Fr\u00fchjahr oder im Herbst stattfinden kann\u201c, teilte Kiziltepe mit.<\/p>\n<p class=\"tspBXm2\">Auch zwei Seniorenverstaltungen in Spandau wurden abgesagt: Die Sommerhausparty im Seniorenklub S\u00fcdpark am 26. Juni und das Gartenfest im Seniorenklub Lindenufer am 27. Juni. Aufgrund der \u201eerheblichen Gesundheitsrisiken\u201c durch die Hitze k\u00f6nnten sie nicht stattfinden, teilte das Bezirksamt am Mittwoch mit.<\/p>\n<p> 14.11 Uhr: Trabrennbahn verschiebt zw\u00f6lf Rennen von Sonntag auf Dienstag <\/p>\n<p class=\"tspBXm2\">Auch Pferde kriegen hitzefrei: Die Trabrennbahn Mariendorf hat die 12 Rennen des \u201eGold, Silber, Newcomer\u201c-Veranstaltungssonntags gestrichen und auf den Dienstag verschoben. Starts dann ab 17 Uhr. Zun\u00e4chst hatte die Rennbahnleitung noch erwogen, den Start am Sonntag durchzuziehen und lediglich den ersten Startschuss von 12.15 Uhr in die fr\u00fchen Morgenstunden vorzuziehen.<\/p>\n<p><img decoding=\"async\" src=\"https:\/\/www.europesays.com\/de\/wp-content\/uploads\/2026\/06\/rennszene-eines-trabrennens.jpeg\"   alt=\"29.7.2016, Rennszene eines Trabrennens . Berlin Mariendorf. 166MK290716Mariendorf.JPG. (Innenansicht, Innen, Remote, Remote Kamera, Feature, Tribuene, Haupttribuene, Rennszene). [Copyright (c) Marius Schwarz, Fotograf,Mobil: 0049(0)176 28 311 040, Web: www.traberpixx.de, e-mail: info\" aria-labelledby=\"caption-15752672\" width=\"440\" height=\"330\" loading=\"lazy\" class=\"tspA0i9\"\/> Hier w\u00e4ren die Pferde der Sonne g\u00e4nzlich ausgesetzt: Die Trabrennbahn Mariendorf hat zw\u00f6lf Rennen gestrichen. (Archivbild) <\/p>\n<p class=\"tspAAgb\"> \u00a9 MARIUS SCHWARZ \/ TRABERPIXX.DE <\/p>\n<p class=\"tspBXm2\">Doch die Entscheidung hielt nicht lange vor. \u201eGanz im Sinne aller beteiligten Aktiven und vor allem nat\u00fcrlich der Pferde werden damit jegliche mit der riesigen Hitze verbundene Gesundheitsgef\u00e4hrdungen vermieden\u201c, teilte die Trabrennbahn mit, und hofft nun \u2013 wie vermutlich die 102 zum Start gemeldeten Pferde, ihre Fahrer und Pfleger und das Publikum auch \u2013, dass am Dienstag angenehmere Temperaturen vorherrschen. Das Preisgeld von 40.000 Euro allein f\u00fcr die drei geplanten Hauptrennen soll dem Vernehmen nach w\u00e4hrend der Hitzephase nicht wegschmelzen, sondern am Dienstag in originaler H\u00f6he zu gewinnen sein.<\/p>\n<p class=\"tspBXm2\">Das alles d\u00fcrfte auch bei der Tierschutzorganisation Peta f\u00fcr abk\u00fchlende Gem\u00fcter sorgen. Dort war man wegen der Pferde bereits in Alarmbereitschaft und hatte die zust\u00e4ndigen Berliner Beh\u00f6rden um Einschreiten und Zwangsabsagen gebeten.<\/p>\n<p> 14 Uhr: Sonnencreme und Wasser f\u00fcr Berlins Obdachlose <\/p>\n<p class=\"tspBXm2\">Die Hitze macht auch Berlins Obdachlosen zu schaffen. \u201eSozialarbeiter sind unterwegs und bieten Hilfe an. Sie haben bei Hitze auch Sonnencreme und Wasser dabei, um die Not etwas zu lindern. Manchmal haben sie auch H\u00fcte im Angebot, damit sich die Menschen etwas vor der Sonne sch\u00fctzen\u201c, <a href=\"https:\/\/www.tagesspiegel.de\/berlin\/bezirke\/spandau\/obdachlose-in-der-berliner-hitze-helfen-mit-sonnencreme-und-wasser-im-gepack-15732437.html?icid=in-text-link_15747096\" class=\"link link--internal\" data-gtm-class=\"article-text-link\" data-gtm-val=\"internal\" rel=\"nofollow noopener\" target=\"_blank\">erz\u00e4hlte Spandaus Sozialstadtrat Gregor Kempert (SPD) jetzt im Tagesspiegel-Gespr\u00e4ch.<\/a> Im Winter ziehen Obdachlose bekanntlich in den warmen U-Bahnhof\u00a0\u2013 und wohin fliehen sie bei dieser Hitze? Mehr lesen Sie <a href=\"https:\/\/www.tagesspiegel.de\/berlin\/bezirke\/spandau\/obdachlose-in-der-berliner-hitze-helfen-mit-sonnencreme-und-wasser-im-gepack-15732437.html?icid=in-text-link_15747096\" class=\"link link--internal\" data-gtm-class=\"article-text-link\" data-gtm-val=\"internal\" rel=\"nofollow noopener\" target=\"_blank\">hier<\/a>.<\/p>\n<p> 13.55 Uhr: Berlin schwitzt \u2013 und der Senat gibt Infos zum Heizen <\/p>\n<p class=\"tspBXm2\">W\u00e4hrend die ganze Stadt \u00fcber die Hitzewelle redet, ver\u00f6ffentlicht die Umweltverwaltung des Senats die Einladung zu einer Info-Veranstaltung unter dem Titel: \u201eWie heizen wir zuk\u00fcnftig unsere Stadt?\u201c Bei dem Termin am kommenden Montag (17 Uhr, Kindl-Zentrum, Am Sudhaus 3 in Neuk\u00f6lln, Anmeldung online) k\u00f6nnen sich B\u00fcrger \u2013 insbesondere Eigent\u00fcmer von Immobilien und Fachleute aus beteiligten Branchen \u2013 \u00fcber die kommunale W\u00e4rmeplanung informieren. Vielleicht nicht der ideale Zeitpunkt bei weit \u00fcber 30 Grad, aber der n\u00e4chste Winter kommt bestimmt.<\/p>\n<p> 13.50 Uhr: Handwerker arbeiten in der prallen Sonne <\/p>\n<p class=\"tspBXm2\">Auf einer Baustelle am Bahnhof Zoo arbeitet Uvays Abakev. Er und sein Team haben eine Stunde fr\u00fcher als sonst angefangen, schon um 6 Uhr morgens. Sie arbeiten auf dem Dach eines hohen Geb\u00e4udes und entfernen die Dachpappe, sind also direkter Sonnenstrahlung ausgesetzt. \u201eWir machen jede halbe Stunde Pause, trinken mehr Wasser und cremen uns ein\u201c, sagt der 40-J\u00e4hrige. Abakev ist f\u00fcr 12 Mitarbeiter auf der Baustelle zust\u00e4ndig. \u201eIch passe auf die auf, ich brauche die ja noch f\u00fcr die Zukunft\u201c, sagt er und lacht.<\/p>\n<p><img decoding=\"async\" src=\"https:\/\/www.europesays.com\/de\/wp-content\/uploads\/2026\/06\/img-7754.jpeg\"   alt=\"\" aria-labelledby=\"caption-15751955\" width=\"440\" height=\"330\" loading=\"lazy\" class=\"tspA0i9\"\/> Homeoffice ist nicht. Uvays Abakev und sein Team stehen auch bei Temperaturen \u00fcber 30 Grad auf der Baustelle. <\/p>\n<p class=\"tspAAgb\"> \u00a9 Marie Nadler <\/p>\n<p> 13.47 Uhr: Erh\u00f6hte Keimwerte im Spektesee \u2013 Bezirk r\u00e4t vom Baden ab <\/p>\n<p class=\"tspBXm2\">Vom Baden wird in Spandau dringend abgeraten\u00a0\u2013 und das ausgerechnet bei der gro\u00dfen Hitze. Der Grund: Bei einer Wasseruntersuchung des beliebten Spektesees im Ortsteil Falkenhagener Feld (40.000 Einwohner) \u201ewurden deutlich erh\u00f6hte Keimwerte gemessen\u201c. Das teilte das Gesundheitsamt um Stadtr\u00e4tin Tanja Franzke (CDU) mit. Die Fachleute aus dem Rathaus raten daher \u201evorsorglich vom Baden und vom direkten Wasserkontakt ab\u201c.<\/p>\n<p><a href=\"https:\/\/www.tagesspiegel.de\/berlin\/bezirke\/spandau\/und-das-bei-dieser-hitze-berliner-bezirk-rat-vom-baden-in-diesem-see-ab-15750984.html?icid=single-topic_15747096___\" data-gtm-class=\"article-mzt-link\" class=\"tspC0qm\" rel=\"nofollow noopener\" target=\"_blank\">Und das bei dieser Hitze! Berliner Bezirk r\u00e4t vom Baden in diesem See ab <\/a> 13.42 Uhr: Live-Karte zeigt Auslastung in Berliner Freib\u00e4dern an <\/p>\n<p class=\"tspBXm2\">Viele Menschen zieht es bei den hohen Temperaturen in Berlins Freib\u00e4der. Wer sich nicht mit anderen B\u00e4deg\u00e4sten dr\u00e4ngen will oder bef\u00fcrchtet, gar nicht mehr ins \u00fcberf\u00fcllte Freibad gelassen zu werden, kann sich auf einer <a href=\"https:\/\/www.berlinerbaeder.de\/baeder\/sommerbaeder-auslastung\/\" target=\"_blank\" rel=\"noopener nofollow\" class=\"link link--external\" data-gtm-class=\"article-text-link\" data-gtm-val=\"external\" aria-describedby=\"message-target-blank\">Karte der Berliner B\u00e4der<\/a> \u00fcber die Auslastung informieren. Hier wird in Echtzeit angezeigt, wie voll es gerade ist.<\/p>\n<p class=\"tspBXm2\">Welche Strand- und Freib\u00e4der besonders gut mit den \u00d6ffis zu erreichen sind, l\u00e4sst sich <a href=\"https:\/\/www.visitberlin.de\/de\/blog\/berlin-bade-karte\" target=\"_blank\" rel=\"noopener nofollow\" class=\"link link--external\" data-gtm-class=\"article-text-link\" data-gtm-val=\"external\" aria-describedby=\"message-target-blank\">hier<\/a> herausfinden.<\/p>\n<p> 12.34 Uhr: Polizeigewerkschaft warnt vor \u201e\u00fcberfiebernden\u201c Beamten <\/p>\n<p class=\"tspBXm2\">Die Gewerkschaft der Polizei (GdP) in Berlin fordert einen besseren Hitzeschutz f\u00fcr die Einsatzkr\u00e4fte in der Hauptstadt. \u201eDie Temperaturen belasten unsere Kolleginnen und Kollegen bei Polizei und Feuerwehr immens\u201c, teilte GdP-Landeschef Stephan Weh am Mittwoch mit. \u201eJeder wei\u00df, dass uns der Klimawandel immer st\u00e4rker trifft, aber wir sehen in unseren Bereichen keine Ideen, wie wir darauf strukturell reagieren. Wir reden \u00fcber Berufsgruppen, die ihre Arbeit mitunter in der prallen Sonne leisten m\u00fcssen und die sich nicht mal eben in der Pause in Badeshorts ins Freibad begeben k\u00f6nnen.\u201c<\/p>\n<p class=\"tspBXm2\">Der Hitzeschutz auf den Dienststellen sei katastrophal, sagte Weh. Es fehle an Klimaanlagen und Ventilatoren in den Geb\u00e4uden, die Dienstwagen h\u00e4tten entweder gar keine Klimaanlage oder nur eine, die nicht wirklich funktioniere. \u201eGleichzeitig gelten bei der Polizei und Feuerwehr klare Kleidungsvorschriften, die zunehmend eine Belastung darstellen.\u201c<\/p>\n<p class=\"tspBXm2\">Weh forderte \u201eKlimaanlagen, Ventilatoren, hygienisch unbedenkliche Trinkwasserspender und Cooling-Down-R\u00e4ume\u201c in allen Dienststellen, weil die Beamten bei Eins\u00e4tzen sonst \u201e\u00fcberfiebern\u201c w\u00fcrden. \u201eZudem brauchen wir mit Blick auf die Hitze schnellstm\u00f6glich eine Reduzierung auf die gesetzlichen Kernaufgaben von Polizei und Feuerwehr und einen Verzicht politischer W\u00fcnsche.\u201c<\/p>\n<p> 12.25 Uhr: Sozialarbeiter versorgen Bed\u00fcrftige mit Getr\u00e4nken <\/p>\n<p class=\"tspBXm2\">Noch sitzt Reimer Bless in seinem Rollstuhl im Schatten vor der Decathlon-Filiale am Alexanderplatz. Um 14 Uhr wird an dieser Stelle auch die Sonne sein, das wei\u00df er genau. Bleiben wird er trotzdem: \u201eIm Park bekomme ich kein Geld. Hier kommen die Leute aus dem Decathlon raus\u201c, sagt der 70-J\u00e4hrige.<\/p>\n<p><img decoding=\"async\" src=\"https:\/\/www.europesays.com\/de\/wp-content\/uploads\/2026\/06\/img-7744.jpeg\"   alt=\"\" aria-labelledby=\"caption-15750934\" width=\"440\" height=\"330\" loading=\"lazy\" class=\"tspA0i9\"\/> Reimer Bless hofft auf Spenden von Passanten. <\/p>\n<p class=\"tspAAgb\"> \u00a9 Marie Nadler <\/p>\n<p class=\"tspBXm2\">Abk\u00fchlung findet er ab und zu durch kalte Getr\u00e4nke. Apfelschorle und Cola kauft er sich im Netto. Getr\u00e4nke bringt hin und wieder auch die \u201eStra\u00dfensozialarbeit\u201c vorbei, sagt er. Ob K\u00e4lte oder Hitze schlimmer ist? \u201eDas bleibt sich gleich. Wenn es sehr kalt ist, ist das f\u00fcr mich auch schlecht. Dann habe ich Schmerzen.\u201c<\/p>\n<p> 11.55 Uhr: \u201eDie Leute haben Angst vorm Wochenende\u201c <\/p>\n<p class=\"tspBXm2\">Nach zehn Jahren treffen sich Simone B. und Alex Ihde heute zum ersten Mal wieder. Die beiden kennen sich \u201evon fr\u00fcher\u201c. Sie k\u00fchlen ihre F\u00fc\u00dfe in den Wasserkaskaden am Fernsehturm und trinken dabei Eiskaffee und essen Erdbeereis. Ihre Meinungen \u00fcber die hohen Temperaturen gehen auseinander. Simone B. bezeichnet sich als \u201erichtigen Warm-Menschen\u201c: \u201eAb 25 Grad f\u00fchle ich mich wohl.\u201c Ihde mag die Hitze gar nicht: \u201eIch versuche es auszublenden. Die Leute haben Angst vorm Wochenende\u201c, sagt sie.<\/p>\n<p><img decoding=\"async\" src=\"https:\/\/www.europesays.com\/de\/wp-content\/uploads\/2026\/06\/img-7736.jpeg\"   alt=\"\" aria-labelledby=\"caption-15750461\" width=\"440\" height=\"330\" loading=\"lazy\" class=\"tspA0i9\"\/> Eine liebt Hitze, die andere nicht: Simone B. und Alex Ihde haben unterschiedliche Meinungen zum Hochsommerwetter. <\/p>\n<p class=\"tspAAgb\"> \u00a9 Marie Nadler <\/p>\n<p> 11.35 Uhr: Wenn es selbst zum Bootfahren zu hei\u00df ist <\/p>\n<p class=\"tspBXm2\">An der Anlegestelle f\u00fcr die Ausflugsschiffe auf der Museumsinsel ist es am Vormittag vergleichsweise ruhig. In seinem Verkaufsh\u00e4uschen sitzt Mitarbeiter Rudi Schlehahn. Voll ausgebucht seien die Fahrten heute nicht, sagt er. \u201eHeute ist ein ganz gew\u00f6hnlicher Tag.\u201c Im Schatten wartet nur eine gr\u00f6\u00dfere Schulklasse auf die n\u00e4chste Abfahrt.<\/p>\n<p><img decoding=\"async\" src=\"https:\/\/www.europesays.com\/de\/wp-content\/uploads\/2026\/06\/img-6460.jpeg\"   alt=\"\" aria-labelledby=\"caption-15750159\" width=\"440\" height=\"330\" loading=\"lazy\" class=\"tspA0i9\"\/> Rudi Schlehahn rechnet am Wochenende mit weniger Fahrg\u00e4sten auf den Ausflugsdampfern. <\/p>\n<p class=\"tspAAgb\"> \u00a9 Mia Veigel  <\/p>\n<p class=\"tspBXm2\">Sehr hei\u00dfe Tage seien f\u00fcr das Gesch\u00e4ft sogar eher nachteilig, sagt Schlehahn. Viele G\u00e4ste scheuten sich davor, eine Stunde lang in der prallen Sonne auf einem Schiff zu verbringen. Fr\u00fcher habe es auf dem Schiff Sonnenschirme gegeben, erz\u00e4hlt er. Nachdem jedoch nach jeder Saison ein gro\u00dfer Teil davon verschwunden sei, habe man darauf verzichtet. Die meisten Fahrg\u00e4ste br\u00e4chten auch selbst keinen Sonnenschutz mit.<\/p>\n<p class=\"tspBXm2\">F\u00fcr das Wochenende mit erwarteten Temperaturen von bis zu 40 Grad rechnet er deshalb eher mit weniger als mit mehr G\u00e4sten. Die Hitze sp\u00fcrt er auch in seiner kleinen Verkaufsbude. Dass es dort auszuhalten sei, liege vor allem an einem Luftk\u00fchler.<\/p>\n<p> 11.10 Uhr: Entspanntes Sommertreiben in Mitte <img decoding=\"async\" src=\"https:\/\/www.europesays.com\/de\/wp-content\/uploads\/2026\/06\/img-6440.jpeg\"   alt=\"\" aria-labelledby=\"caption-15749961\" width=\"440\" height=\"330\" loading=\"lazy\" class=\"tspA0i9\"\/> Erfrischung unterm Rasensprenger. <\/p>\n<p class=\"tspAAgb\"> \u00a9 Mia Veigel <\/p>\n<p class=\"tspBXm2\">In Mitte locken die steigenden Temperaturen viele Menschen nach drau\u00dfen. Rund um das Oranienburger Tor werben Caf\u00e9s mit kalten Getr\u00e4nken wie Matcha und Eiskaffee um Kundschaft. Im Monbijoupark suchen Freundesgruppen die schattigen Pl\u00e4tze unter den B\u00e4umen, w\u00e4hrend Hundebesitzer mit ihren Vierbeinern \u00fcber die Wiesen ziehen. Rasensprenger halten das Gr\u00fcn feucht und sorgen f\u00fcr Abk\u00fchlung: Immer wieder laufen Kinder durch die Wasserstrahlen und erfrischen sich. Daneben wird Frisbee gespielt, andere genie\u00dfen die Sonne oder machen es sich auf den Wiesen bequem. Die Stimmung wirkt entspannt und sommerlich.<\/p>\n<p> 11.02 Uhr: Fahrrad-Pride in Potsdam abgesagt <\/p>\n<p class=\"tspBXm2\">Der diesj\u00e4hrige Fahrrad-Pride in Potsdam, der am Samstag stattfinden sollte, wird aufgrund der Hitze abgesagt. Das teilte das Organisationsteam am Mittwoch mit.<\/p>\n<p class=\"tspBXm2\">Schweren Herzens habe man sich f\u00fcr die Absage entschieden\u00a0\u2013 doch die Sicherheit der Teilnehmenden und Veranstaltenden gehe vor. \u201eAufgeschoben ist aber nicht aufgehoben. Nach aktuellem Stand wird es im Herbst einen Nachholtermin f\u00fcr den Fahrrad-Pride und die Fu\u00dfdemo geben\u201c, teilte Julia Sergon vom Verein Regenbogen Potsdam mit. Das geplante After-Pride-Festival im studentischen Kulturzentrum KuZe mit Drag-Show, Konzerten und DJ-Sets finde jedoch wie geplant ab 18 Uhr statt.<\/p>\n<p class=\"tspBXm2\">Eigentlich sollte am Samstagnachmittag bereits zum siebten Mal in der Potsdamer Innenstadt ein sichtbares Zeichen f\u00fcr Vielfalt, Akzeptanz und gleiche Rechte f\u00fcr queere Menschen gesetzt werden. Auch die Queerbeauftragte der Bundesregierung, Sophie Koch, hatte sich angek\u00fcndigt.<\/p>\n<p class=\"tspBXm2\">Entstanden war die Idee einer Fahrrad-Demonstration 2020 w\u00e4hrend der Corona-Zeit \u2013 als pandemiekonforme Alternative zu traditionellen Pride-Veranstaltungen, nachdem viele CSDs abgesagt werden mussten. In den vergangenen Jahren demonstrierten Jahr f\u00fcr Jahr Hunderte mit Fahrr\u00e4dern, E-Bikes, Lastenr\u00e4dern, Rikschas, Inlinern \u2013 oder zu Fu\u00df.<\/p>\n<p class=\"tspBXm2\">Abgesagt ist auch das Fest des Regenbogencaf\u00e9s in Falkensee, das am Samstag von 16 bis 19 Uhr stattfinden sollte. \u201eEs ist zu hei\u00df am Wochenende! Wir verschieben in den September\u201c, hei\u00dft es auf Facebook. Unter anderem sollte bei dem Fest im Rahmen der Pride-Week der fr\u00fchere Berliner Kultursenator Klaus Lederer (parteilos) sprechen.<\/p>\n<p> 10.50 Uhr: \u201e30 Grad hier f\u00fchlen sich wie 45 Grad in Pakistan an\u201c <\/p>\n<p class=\"tspBXm2\">Auf dem Mariendorfer Damm in Tempelhof-Sch\u00f6neberg nutzen Menschen den Vormittag, um ihre Eink\u00e4ufe zu erledigen. Kristina H\u00fcbner verkauft mittwochs auf dem Markt K\u00e4se und W\u00fcrste. Der goldene Schriftzug \u201eK\u00e4se Tina\u201c glitzert in der Sonne. Ihr Stand steht in der prallen Sonne mitten auf dem Platz ohne B\u00e4ume. Sie rechne heute insgesamt mit weniger Kundschaft. Viele waren heute schon fr\u00fch da.<\/p>\n<p><img decoding=\"async\" src=\"https:\/\/www.europesays.com\/de\/wp-content\/uploads\/2026\/06\/img-7724.jpeg\"   alt=\"\" aria-labelledby=\"caption-15749856\" width=\"440\" height=\"330\" loading=\"lazy\" class=\"tspA0i9\"\/> Trotz Hochsommertemperaturen hat Kristina H\u00fcbner auch an diesem Mittwoch wieder ihren Stand aufgebaut. <\/p>\n<p class=\"tspAAgb\"> \u00a9 Marie Nadler <\/p>\n<p class=\"tspBXm2\">Wie sie selbst mit der Hitze klarkommt? Viel Wasser trinken, m\u00f6glichst wenig bewegen und versuchen, nicht viel dar\u00fcber nachzudenken. \u201eWir m\u00fcssen uns an die Temperaturen gew\u00f6hnen, das wird ja in Zukunft nicht weniger\u201c, sagt die 58-J\u00e4hrige.<\/p>\n<p><img decoding=\"async\" src=\"https:\/\/www.europesays.com\/de\/wp-content\/uploads\/2026\/06\/img-7722.jpeg\"   alt=\"\" aria-labelledby=\"caption-15749894\" width=\"440\" height=\"330\" loading=\"lazy\" class=\"tspA0i9\"\/> Kristina H\u00fcbner und ihr Standnachbar Iqbal Munawar auf dem Wochenmarkt am Mariendorfer Damm. <\/p>\n<p class=\"tspAAgb\"> \u00a9 Marie Nadler <\/p>\n<p class=\"tspBXm2\">Iqbal Munawar ist f\u00fcr einen Plausch zu H\u00fcbner gekommen. Er verkauft Kleidung auf dem Wochenmarkt, und das schon seit 20 Jahren. In seiner anderen Heimat Pakistan ist er andere Temperaturen gewohnt, sagt er. Dort werden es im Sommer 45 bis 50 Grad. Doch auch ihm setzt die Hitze in Deutschland zu. \u201eHier f\u00fchlt sich die Hitze anders an. 30 Grad hier f\u00fchlen sich wie 45 Grad in Pakistan an. Hier ist man klebriger.\u201c Auch er trinkt viel Wasser und versucht, nicht so viel \u00fcber die Temperaturen nachzudenken.<\/p>\n<p> 10.27 Uhr: Darf es noch ein bisschen hei\u00dfer sein? <\/p>\n<p class=\"tspBXm2\">Am Samstag ist Mittsommerfest in den Nordischen Botschaften. Wem es noch nicht hei\u00df genug ist: Man kann auch saunieren. Weitere Infos finden Sie <a href=\"https:\/\/www.nordischebotschaften.org\/veranstaltungen\/seriously-midsummer-festival-des-gluecks\/\" target=\"_blank\" rel=\"noopener nofollow\" class=\"link link--external\" data-gtm-class=\"article-text-link\" data-gtm-val=\"external\" aria-describedby=\"message-target-blank\">hier<\/a>.<\/p>\n<p> 10.25 Uhr: Auch die kommenden N\u00e4chte werden besonders warm <\/p>\n<p class=\"tspBXm2\">Auch die kommenden N\u00e4chte k\u00f6nnten so warm werden wie nie zuvor in Berlin. \u201eIn den langj\u00e4hrig vergleichbaren Reihen, in denen die Station Berlin-Alexanderplatz noch bis zum Juli 2011 enthalten ist, rangiert diese Station ganz vorn mit 24,6 Grad Celsius jeweils am 10. August 1992 sowie am 21. Juli 2006\u201c, sagt der Meteorologe Andreas Blei vom Dienst \u201eWettermanufaktur\u201c: Am Alex werde noch immer gemessen, allerdings nicht mehr nach den weltweiten Standards, sondern \u201eals sogenannte Stadtklimastation\u201c.<\/p>\n<p class=\"tspBXm2\">Von den amtlichen, den internationalen Normen entsprechenden Stationen stammten die h\u00f6chsten n\u00e4chtlichen Tiefsttemperaturen aus dem Jahr 2018: In der Nacht zum 1. August sei das Thermometer in Tempelhof und in Tegel\u00a0jeweils nur auf 24,4 Grad gesunken.<\/p>\n<p class=\"tspBXm2\">F\u00fcr die N\u00e4chte zum kommenden Sonntag und Montag prognostizieren die Wettermodelle Tiefstwerte zwischen 25 und 23 Grad. Bleibt es w\u00e4rmer als 20 Grad, sprechen Meteorologen von einer \u201eTropennacht\u201c. Derart hohe Werte gelten als kritisch, weil vor allem in dicht bebauten Stadtteilen die Wohnungen dann kaum noch abk\u00fchlen k\u00f6nnen. Statistisch erlebt Berlin nur 1,3 solcher N\u00e4chte im ganzen Jahr.<\/p>\n<p> 10.17 Uhr: Auf dem Leopoldplatz ist es noch aushaltbar <img decoding=\"async\" src=\"https:\/\/www.europesays.com\/de\/wp-content\/uploads\/2026\/06\/img-6431.jpeg\"   alt=\"\" aria-labelledby=\"caption-15749772\" width=\"440\" height=\"330\" loading=\"lazy\" class=\"tspA0i9\"\/> Sonnen auf dem \u201eLeo\u201c. <\/p>\n<p class=\"tspAAgb\"> \u00a9 Mia Veigel <\/p>\n<p class=\"tspBXm2\">Am Leopoldplatz nutzt ein Teil der Menschen die noch vergleichsweise angenehmen Morgenstunden f\u00fcr einen Kaffee im Freien. Vor Caf\u00e9s sitzen die G\u00e4ste \u00fcberwiegend im Schatten, w\u00e4hrend Gem\u00fcse- und Obsth\u00e4ndler ihre St\u00e4nde f\u00fcr den Tag vorbereiten. Gro\u00dfe Wassermelonen werden in Folie eingepackt, an einem Stand wird bereits Eiskaffee verkauft.<\/p>\n<p><img decoding=\"async\" src=\"https:\/\/www.europesays.com\/de\/wp-content\/uploads\/2026\/06\/img-6428.jpeg\"   alt=\"\" aria-labelledby=\"caption-15749773\" width=\"440\" height=\"330\" loading=\"lazy\" class=\"tspA0i9\"\/> Obsth\u00e4ndler verkaufen auf dem Leopoldplatz Melonen. <\/p>\n<p class=\"tspAAgb\"> \u00a9 Mia Veigel <\/p>\n<p> 10.08 Uhr: Berliner Hitzerekord k\u00f6nnte am Wochenende fallen <\/p>\n<p class=\"tspBXm2\">Die angek\u00fcndigte Hitzewelle d\u00fcrfte Berlin die h\u00f6chste je gemessene Temperatur seit Beginn der Wetteraufzeichnungen vor etwa 120 Jahren bringen. Der bisherige Rekord liegt nach Auskunft des Dienstes \u201eWettermanufaktur\u201c bei 38,6 Grad, gemessen am 30. Juni 2019 in Tegel. In Tempelhof wurden an demselben Tag 38,5 Grad gemessen.<\/p>\n<p class=\"tspBXm2\">Zwar wurden an anderen Stationen an manchen Tagen teils noch ein paar Zehntelgrad mehr gemessen, aber diese Messungen entsprachen nicht immer den internationalen Standards oder stammen von Stationen, die nicht mehr existieren. Gemessen wird die Temperatur in zwei Meter H\u00f6he an einem schattigen Ort, der nicht von Sondereffekten wie versiegeltem Boden oder Geb\u00e4uden beeinflusst sein soll.<\/p>\n<p> 9.52 Uhr: Ladenbetreiber bleibt gelassen \u2013 \u201eIn der T\u00fcrkei wird es noch deutlich hei\u00dfer\u201c <img decoding=\"async\" src=\"https:\/\/www.europesays.com\/de\/wp-content\/uploads\/2026\/06\/img-6422.jpeg\"   alt=\"Aydin betreibt einen Intershop an der Berliner M\u00fcllerstra\u00dfe. \" aria-labelledby=\"caption-15749567\" width=\"440\" height=\"330\" loading=\"lazy\" class=\"tspA0i9\"\/> Ladenbetreiber Aydin ist aus seiner Heimat deutlich h\u00f6here Temperaturen gewohnt. <\/p>\n<p class=\"tspAAgb\"> \u00a9 Mia Veigel <\/p>\n<p class=\"tspBXm2\">Die Hitze kennt Aydin aus seiner Heimat T\u00fcrkei. Dort arbeitete er fr\u00fcher als Lkw-Fahrer, heute betreibt er seit acht Jahren einen Laden in der M\u00fcllerstra\u00dfe in Wedding. Seit 30 Jahren lebt er in Deutschland. Ein kleiner Ventilator sorgt hinter der Theke f\u00fcr etwas Abk\u00fchlung. Die Temperaturen seien f\u00fcr ihn kein gro\u00dfes Problem, sagt er. In der T\u00fcrkei werde es oft noch deutlich hei\u00dfer. Nur beim Ventilator ist er kritisch: \u201eEigentlich ist er zu klein.\u201c<\/p>\n<p> 9.44 Uhr: Weddinger nutzen Morgenstunden zum Gie\u00dfen und G\u00e4rtnern <\/p>\n<p class=\"tspBXm2\">In der Londoner Stra\u00dfe in Wedding ist die Hitze schon am Morgen sp\u00fcrbar. Zwar zeigt das Thermometer gegen 9 Uhr erst 24 Grad, doch die Luft wirkt bereits warm und schwer. In den Vorg\u00e4rten laufen Sprinkleranlagen, in den Schreberg\u00e4rten sind die ersten Besitzerinnen und Besitzer schon bei der Arbeit. Viele nutzen die noch vergleichsweise k\u00fchlen Morgenstunden zum Gie\u00dfen und G\u00e4rtnern, bevor die Temperaturen im Laufe des Tages weiter steigen.<\/p>\n<p><img decoding=\"async\" src=\"https:\/\/www.europesays.com\/de\/wp-content\/uploads\/2026\/06\/img-6418.jpeg\"   alt=\"Gie\u00dfen in Wedding. \" width=\"440\" height=\"330\" loading=\"lazy\" class=\"tspA0i9\"\/><\/p>\n<p class=\"tspAAgb\"> \u00a9 Mia Veigel <\/p>\n<p> 9.15 Uhr: Florida Eis profitiert von der Hitze <\/p>\n<p class=\"tspBXm2\">W\u00e4hrend Berlin schwitzt, ist das Sommerwetter f\u00fcr Florida Eis in Spandau ein Genuss. Sein Team habe gerade richtig viel zu tun, erz\u00e4hlt Firmenchef Olaf H\u00f6hn. Welche Sorten gerade im Trend sind und wie der Tagesspiegel-Geschmackstest ausf\u00e4llt, lesen Sie im Checkpoint:<\/p>\n<p><a href=\"https:\/\/www.tagesspiegel.de\/checkpoint\/der-checkpoint-am-morgen-sozialstaat-kann-weg-mysteriose-wahlplakate-in-berlin-15749104.html?icid=single-topic_15747096___\" data-gtm-class=\"article-mzt-link\" class=\"tspC0qm\" rel=\"nofollow noopener\" target=\"_blank\">Der Checkpoint am Morgen \u201eSozialstaat? Kann weg\u201c\u2013 mysteri\u00f6se Wahlplakate in Berlin <\/a> 8.35 Uhr: Auch bei Hitze f\u00e4llt der Unterricht an Berlins Schulen nicht einfach aus <\/p>\n<p class=\"tspBXm2\">Auch bei Temperaturen deutlich jenseits der 30-Grad-Marke gibt es an den Berliner Schulen nicht automatisch hitzefrei. \u201eGrunds\u00e4tzlich besteht Schulpflicht. Unterrichtsausfall soll die Ausnahme bleiben\u201c, teilte die Senatsverwaltung f\u00fcr Bildung auf dpa-Anfrage mit. \u201eBerliner Schulen k\u00f6nnen jedoch flexibel auf extreme Wetterlagen reagieren und den Unterricht an die jeweiligen Bedingungen vor Ort anpassen.\u201c<\/p>\n<p class=\"tspBXm2\">Zum Beispiel k\u00f6nnten die Unterrichtsstunden verk\u00fcrzt werden. Wenn angesichts der Hitze eine angemessene Durchf\u00fchrung des Unterrichts im Einzelfall nicht m\u00f6glich sei, k\u00f6nne die Schulleitung auch einen Unterrichtsausfall anordnen. Was dann gilt und welche Rechte berufst\u00e4tige Eltern haben, lesen Sie <a href=\"https:\/\/www.tagesspiegel.de\/berlin\/bis-zu-35-grad-am-freitag-in-berlin-konnte-es-an-schulen-hitzefrei-geben--und-fur-eltern-ein-problem-15726839.html?icid=in-text-link_15747096\" class=\"link link--internal\" data-gtm-class=\"article-text-link\" data-gtm-val=\"internal\" rel=\"nofollow noopener\" target=\"_blank\">hier<\/a>. (dpa)<\/p>\n<p> 8.15 Uhr: Mini-WM f\u00fcr Kinder in Hellersdorf abgesagt <\/p>\n<p class=\"tspBXm2\">Wegen der extremen Hitze am Wochenende f\u00e4llt die Hellersdorfer Mini-WM f\u00fcr Kinder am Samstag aus. Angesichts der hohen Temperaturen sehe man keine verantwortbare M\u00f6glichkeit, das Turnier wie geplant durchzuf\u00fchren, teilte die landeseigene Wohnungsbaugesellschaft Stadt und Land mit. Diese Entscheidung h\u00e4tten der gastgebende Verein Eintracht Mahlsdorf und die Partner der Mini-WM, die Stadt und Land sowie die Wohnungsbaugenossenschaft Wuhletal, gemeinsam getroffen.<\/p>\n<p><img decoding=\"async\" src=\"https:\/\/www.europesays.com\/de\/wp-content\/uploads\/2026\/06\/1782298047_383_fu-ballplatz.jpeg\"   alt=\"ARCHIV - 25.02.2021, Bayern, M\u00fcnchen: Ein Fu\u00dfball liegt auf einem Fu\u00dfballplatz. (zu dpa: \u00abEltern streiten bei Fu\u00dfballspiel - Abbruch\u00bb) Foto: Tobias Hase\/dpa +++ dpa-Bildfunk +++\" aria-labelledby=\"caption-15749323\" width=\"440\" height=\"330\" loading=\"lazy\" class=\"tspA0i9\"\/> Die Hellersdorfer Mini-WM kann wegen der Hitze nicht stattfinden. (Symbolbild) <\/p>\n<p class=\"tspAAgb\"> \u00a9 dpa\/Tobias Hase <\/p>\n<p class=\"tspBXm2\">Bei dem Turnier sollten am Samstag 48 Teams aus Berlin und Brandenburg gem\u00e4\u00df dem Spielplan der Fu\u00dfball-WM in den USA, Kanada und Mexiko stellvertretend f\u00fcr die \u201egro\u00dfen\u201c Nationalmannschaften antreten. Auch ein Verein aus K\u00f6ln wollte daf\u00fcr anreisen.<\/p>\n<p class=\"tspBXm2\">\u201eDie Entscheidung ist uns allen nicht leichtgefallen. Die Vorfreude bei den Kindern, ihren Familien sowie allen Beteiligten war sp\u00fcrbar gro\u00df \u2013 umso schwerer wiegt dieser Schritt\u201c, teilte die Stadt und Land mit. Die Sicherheit der Teilnehmenden habe aber h\u00f6chste Priorit\u00e4t. Derzeit werde \u00fcber einen Ersatztermin beraten. Dass die Mini-WM zeitnah nachgeholt werden kann, sei wegen der anstehenden Sommerferien und des organisatorischen Aufwands aber nicht realistisch, hie\u00df es.<\/p>\n<p> 7.41 Uhr: Hitzewellen im Juni h\u00e4ufen sich <\/p>\n<p class=\"tspBXm2\">Hitzewellen mit f\u00fcnf bis sechs Tagen \u00fcber 30 Grad, teils sogar \u00fcber 35 Grad, gebe es eigentlich eher im Juli oder August, sagte Stefan Rubach, Meteorologe des Deutschen Wetterdienstes (DWD), der Deutschen Presse-Agentur (dpa). \u201eDa sind wir jetzt nat\u00fcrlich wieder sehr fr\u00fch dran.\u201c Die lange Sonnenscheindauer mache es unangenehmer, weil sie die Abk\u00fchlung nachts mindere. \u201eWenn wir im August diese Hitzewellen haben, dann geht die Sonne ja schon ein bisschen fr\u00fcher unter, das macht sich dann abends schon um 18 Uhr so ein bisschen bemerkbar\u201c, sagte Rubach.<\/p>\n<p class=\"tspBXm2\">Die Temperaturen werden in den kommenden Tagen voraussichtlich an den Berliner Juni-Hitzerekord von 2019 herankommen, als 38,6 Grad in Tegel gemessen wurden. \u201eIn dieser Gr\u00f6\u00dfenordnung werden wir landen\u201c, sagte Rubach mit Blick auf das Wochenende. Es werde \u201esehr hei\u00df, ungew\u00f6hnlich hei\u00df f\u00fcr Juni\u201c. Derartige Temperaturen im Juni h\u00e4ufen sich ihm zufolge in den letzten Jahren. (dpa)<\/p>\n<p> Dienstag, 23. Juni  17.54 Uhr: Berliner Pralinenhersteller k\u00fchlt Filialen herunter <img decoding=\"async\" src=\"https:\/\/www.europesays.com\/de\/wp-content\/uploads\/2026\/06\/20161002-bfs-sawade-229.jpeg\"   alt=\"Seit 140 Jahren stellt das Berliner Traditionsunternehmen Sawade Pralinen und Tr\u00fcffel nach traditioneller Rezeptur her. Nun ist Sawade insolvent. Doch die Produktion l\u00e4uft vorerst weiter. Foto: Sawade\" aria-labelledby=\"caption-15748667\" width=\"440\" height=\"330\" loading=\"lazy\" class=\"tspA0i9\"\/> Wird wegen der Hitze heruntergek\u00fchlt: Eine Filiale des Berliner Pralinenherstellers Sawade. (Archivbild) <\/p>\n<p class=\"tspAAgb\"> \u00a9 Promo\/Jordana Schramm <\/p>\n<p class=\"tspBXm2\">Dem Berliner Pralinenhersteller Sawade kann die Hitze nichts anhaben. \u201eWir produzieren fr\u00f6hlich weiter\u201c, sagt eine Sprecherin, auch f\u00fcr die kommende Herbstsaison. Es gebe f\u00fcr die hei\u00dfen Sommertage spezielle Kreationen mit Kokos oder Maracuja, am besten gek\u00fchlt zu verzehren. Die Produktion der Pralinen findet unter klimatisierten Bedingungen statt, auch die zw\u00f6lf Berliner Sawade-Filialen werden heruntergek\u00fchlt, damit sich Menschen und Schokoladen wohl f\u00fchlen.<\/p>\n<p class=\"tspBXm2\">Wer die Ware online bestellt, bekommt K\u00fchlelemente mitgeliefert, die einen Tag lang durchhalten. Sp\u00e4testens dann sollte die Ware aber beim Kunden sein. Gr\u00f6\u00dfere Lieferungen an Fachh\u00e4ndler in S\u00fcddeutschland w\u00fcrden verschoben, bis es wieder etwas k\u00fchler ist.<\/p>\n<p> 17.39 Uhr: So hat Berlin am Dienstag der Hitze getrotzt <\/p>\n<p class=\"tspBXm2\">Am Dienstag wurde die 30-Grad-Marke schon fast erreicht, und das ist erst der Anfang dieser Hitzewoche. Diese Bilder zeigen, wie Berlin der W\u00e4rme trotzt:<\/p>\n<p><img decoding=\"async\" src=\"https:\/\/www.europesays.com\/de\/wp-content\/uploads\/2026\/06\/1782283577_330_hitze-in-berlin.jpeg\"   alt=\"23.06.2026, Berlin: Ein Mann sitzt im Park am Gleisdreieck in der Sonne und trinkt Wasser. Foto: Sebastian Gollnow\/dpa +++ dpa-Bildfunk +++&#10;HitzeNeuJM\" aria-labelledby=\"caption-15745826\" width=\"440\" height=\"330\" loading=\"lazy\" class=\"tspA0i9\"\/> Auf offener Fl\u00e4che dr\u00fcckte die Hitze bereits am Dienstag: Ein Mann sitzt im Park am Gleisdreieck in der Sonne und trinkt Wasser. <\/p>\n<p class=\"tspAAgb\"> \u00a9 dpa\/Sebastian Gollnow <\/p>\n<p><img decoding=\"async\" src=\"https:\/\/www.europesays.com\/de\/wp-content\/uploads\/2026\/06\/1782283578_640_hitze-in-berlin.jpeg\"   alt=\"23.06.2026, Berlin: Die Stra\u00dfe des 17. Juni Richtung Brandenburger Tor flimmert in der Mittagshitze. Foto: Sebastian Gollnow\/dpa +++ dpa-Bildfunk +++\" aria-labelledby=\"caption-15747063\" width=\"440\" height=\"330\" loading=\"lazy\" class=\"tspA0i9\"\/> Nicht einmal bei praller Sonne verschwanden die E-Roller von der Stra\u00dfe: Die Stra\u00dfe des 17. Juni Richtung Brandenburger Tor flimmert in der Mittagshitze. <\/p>\n<p class=\"tspAAgb\"> \u00a9 dpa\/Sebastian Gollnow <\/p>\n<p><img decoding=\"async\" src=\"https:\/\/www.europesays.com\/de\/wp-content\/uploads\/2026\/06\/1782283579_145_hitze-in-berlin.jpeg\"   alt=\"23.06.2026, Berlin: Ein Mann sch\u00fctzt sich vor dem Brandenburger Tor mit einem Blatt Papier gegen die Sonne. Foto: Sebastian Gollnow\/dpa +++ dpa-Bildfunk +++\" aria-labelledby=\"caption-15747067\" width=\"440\" height=\"330\" loading=\"lazy\" class=\"tspA0i9\"\/> Wer ohne Hut und Sonnenschirm aus dem Haus ging, musste kreativ werden: Ein Mann sch\u00fctzt sich vor dem Brandenburger Tor mit einem Blatt Papier gegen die Sonne. <\/p>\n<p class=\"tspAAgb\"> \u00a9 dpa\/Sebastian Gollnow <\/p>\n<p> 17.16 Uhr: Wasserversorgung bleibt stabil <\/p>\n<p class=\"tspBXm2\">Trotz Hitzewelle bleibt die Wasserversorgung der Hauptstadt stabil. Das h\u00e4ngt auch mit einem ver\u00e4nderten Konsumverhalten der Berlinerinnen und Berliner zusammen:<\/p>\n<p><a href=\"https:\/\/www.tagesspiegel.de\/berlin\/trotz-hitze-bleibt-die-wasserversorgung-stabil-die-botschaft-ist-angekommen--berliner-sparsamer-mit-wasser-15746331.html?icid=single-topic_15747096___\" data-gtm-class=\"article-mzt-link\" class=\"tspC0qm\" rel=\"nofollow noopener\" target=\"_blank\">Trotz Hitze bleibt die Wasserversorgung stabil \u201eDie Botschaft ist angekommen\u201c \u2013 Berliner sparsamer mit Wasser <\/a> 16.20 Uhr: Kommende Nacht zum L\u00fcften nutzen <\/p>\n<p class=\"tspBXm2\">Der Deutsche Wetterdienst empfiehlt, die Nacht auf Mittwoch zum L\u00fcften zu nutzen. In der Fr\u00fch zum Sonnenaufgang w\u00fcrden die Tiefstwerte erreicht, sagte Stefan Rubach, Meteorologe des Deutschen Wetterdienstes, der dpa. \u201eDa kann man noch mal effektiv durchl\u00fcften.\u201c In den folgenden N\u00e4chten k\u00fchle es weniger ab.\u00a0<\/p>\n<p class=\"tspBXm2\">Die Nacht zu Mittwoch wird DWD-Angaben zufolge in Berlin und Brandenburg die k\u00fchlste der kommenden N\u00e4chte, mit Tiefstwerten von 13 bis 17 Grad, teilweise sogar nur 11 Grad. In der Nacht zu Donnerstag liegen die Tiefstwerte demnach eher zwischen 19 und 14 Grad, in der Nacht zu Freitag bei 16 bis 21 Grad. \u201eDa wird es schon etwas unangenehmer\u201c, sagte Rubach. \u201eDa kriegt man eigentlich kaum noch Abk\u00fchlung durchs L\u00fcften.\u201c\u00a0(dpa)<\/p>\n<p> 15.42 Uhr: Columbiabad und Prinzenbad \u00f6ffnen am Mittwoch wieder <img decoding=\"async\" src=\"https:\/\/www.europesays.com\/de\/wp-content\/uploads\/2026\/06\/1782225381_769_sommerliche-hitze-in-berlin-prinzenbad.jpeg\"   alt=\"19.06.2026, Berlin: Menschen stehen Schlange am Eingang vom Prinzenbad im Stadtteil Kreuzberg. In den kommenden Tagen steigt die Temperatur in Berlin voraussichtlich auf \u00fcber 30 Grad. Foto: Carsten Koall\/dpa +++ dpa-Bildfunk +++\" aria-labelledby=\"caption-15736571\" width=\"440\" height=\"330\" loading=\"lazy\" class=\"tspA0i9\"\/> Der Andrang nach der Wiederer\u00f6ffnung d\u00fcrfte hoch sein: Bereits am vergangenen Wochenende standen massenhaft Menschen in der Schlange vor dem Prinzenbad in Kreuzberg. <\/p>\n<p class=\"tspAAgb\"> \u00a9 dpa\/Carsten Koall <\/p>\n<p class=\"tspBXm2\">Rechtzeitig vor dem sehr hei\u00dfen Wochenende \u00f6ffnet fr\u00fcher als erwartet auch das Berliner Columbiabad in Neuk\u00f6lln wieder. Die technischen Probleme seien behoben und das gro\u00dfe Bad gehe an diesem Mittwoch an den Start, teilten die B\u00e4der-Betriebe mit. Zuletzt war der 3. Juli als Er\u00f6ffnungstag angegeben worden.\u00a0<\/p>\n<p class=\"tspBXm2\">Mit einer engen Kooperation und Kommunikation mit dem Bezirksamt Neuk\u00f6lln h\u00e4tten technische und formale Pr\u00fcfungen beschleunigt werden k\u00f6nnen, hie\u00df es. Probleme bei der Beschaffung von Filtermaterial h\u00e4tten zu der Verz\u00f6gerung beim Saisonstart gef\u00fchrt. Nun habe das Gesundheitsamt des Bezirks nach zwei Pr\u00fcfungen gr\u00fcnes Licht f\u00fcr den Betrieb gegeben.\u00a0<\/p>\n<p><img decoding=\"async\" src=\"https:\/\/www.europesays.com\/de\/wp-content\/uploads\/2026\/06\/1782283582_362_freibad-in-berlin-neukolln.jpeg\"   alt=\"ARCHIV - 18.07.2024, Berlin: Kinder springen im Sommerbad Neuk\u00f6lln ins Schwimmbecken.  (zu dpa: \u00abColumbiabad \u00f6ffnet am Mittwoch \u2013 Hitzewelle kann kommen\u00bb) Foto: Bernd von Jutrczenka\/dpa +++ dpa-Bildfunk +++\" aria-labelledby=\"caption-15747422\" width=\"440\" height=\"330\" loading=\"lazy\" class=\"tspA0i9\"\/> Kinder springen im Sommerbad Neuk\u00f6lln ins Schwimmbecken.  (Archivbild) <\/p>\n<p class=\"tspAAgb\"> \u00a9 dpa\/Bernd von Jutrczenka <\/p>\n<p class=\"tspBXm2\">Behoben ist auch der <a href=\"https:\/\/www.tagesspiegel.de\/berlin\/prinzenbad-in-kreuzberg-erneut-geschlossen-und-die-temperaturen-steigen-weiter-in-berlin-15743403.html?icid=in-text-link_15747096\" class=\"link link--internal\" data-gtm-class=\"article-text-link\" data-gtm-val=\"internal\" rel=\"nofollow noopener\" target=\"_blank\">technische Schaden im Kreuzberger Freibad Prinzenbad<\/a>: Das Bad \u00f6ffnete ab dem heutigen Vormittag wieder komplett. F\u00fcr beide B\u00e4der wurde gegen 16.30 Uhr online eine mittlere Auslastung angezeigt. (mit dpa)<\/p>\n<p> 15.15 Uhr: Blutreserven in der Hauptstadtregion werden knapp <\/p>\n<p class=\"tspBXm2\">Die Blutreserven des DRK-Blutspendedienstes Nord-Ost befinden sich nach Angaben der Hilfsorganisation auf einem kritischen Niveau. Der aktuelle Bestand liege deutlich unter der erforderlichen Tagesreichweite von vier bis f\u00fcnf Tagen, teilte der DRK-Blutspendedienst Nord-Ost am Dienstag in Berlin mit. Grund sei auch die Hitzewelle, die die Spendenbereitschaft sinken lasse. Daher werde zum Blutspenden aufgerufen.<\/p>\n<p class=\"tspBXm2\">Gerade in den Anfang Juli beginnenden Sommerferien fehlten viele Stammspenderinnen und Stammspender, hie\u00df es. Allein in Berlin und Brandenburg ben\u00f6tige der DRK-Blutspendedienst rund 600 Blutspenden an jedem Werktag.<\/p>\n<p class=\"tspBXm2\">Blut zu spenden sei auch an sehr hei\u00dfen Tagen m\u00f6glich, hie\u00df es. Die t\u00e4gliche Trinkmenge sollte jedoch auf rund drei Liter erh\u00f6ht werden. Gleichzeitig sollten l\u00e4ngere Aufenthalte und k\u00f6rperliche Anstrengungen in der Sonne vermieden werden.<\/p>\n<p class=\"tspBXm2\">Blut werde etwa nach Unf\u00e4llen, bei Operationen, Geburten und in der Krebstherapie ben\u00f6tigt, hie\u00df es. Blutpr\u00e4parate k\u00f6nnten jedoch nicht k\u00fcnstlich hergestellt werden und seien nur begrenzt haltbar. (dpa)<\/p>\n<p> 15.00 Uhr: Berliner Telefonservice warnt Senioren vor Extremwetter <\/p>\n<p class=\"tspBXm2\">Mit einem neuen Wetter-Service will der Verein Silbernetz \u00e4ltere Menschen in Berlin besser vor den Folgen von Extremwetter sch\u00fctzen. \u00dcber ein Infotelefon werden Nutzer automatisch informiert, wenn der Deutsche Wetterdienst (DWD) vor Hitze, Sturm oder Glatteis warnt. \u201eExtreme Wetterlagen k\u00f6nnen insbesondere f\u00fcr \u00e4ltere und alleinlebende Menschen zur Belastung werden\u201c, erkl\u00e4rte Silbernetz-Leiterin Kerstin Winkler. Ziel sei es, fr\u00fchzeitig zu informieren und konkrete Hilfe zu organisieren.\u00a0<\/p>\n<blockquote class=\"tspCLpf\">\n<p>Extreme Wetterlagen k\u00f6nnen insbesondere f\u00fcr \u00e4ltere und alleinlebende Menschen zur Belastung werden<\/p>\n<\/blockquote>\n<p class=\"tspCLpg\">Silbernetz-Leiterin Kerstin Winkler<\/p>\n<p class=\"tspBXm2\">Der Service eigne sich besonders f\u00fcr Menschen ohne Internetzugang, sagte Silbernetz-Sprecherin Amira Mahdi. \u00c4ltere Menschen k\u00f6nnen sich telefonisch f\u00fcr den Service anmelden und bekommen \u00fcber das Telefon auch Verhaltenstipps, etwa zum Schutz vor Hitze, zu k\u00fchlen Aufenthaltsorten oder zur sicheren Lagerung von Medikamenten. Bei Bedarf vermittelt Silbernetz zudem praktische Unterst\u00fctzung durch Ehrenamtliche, etwa f\u00fcr Eink\u00e4ufe oder die Besorgung von Medikamenten.\u00a0<\/p>\n<p class=\"tspBXm2\">F\u00fcr den Ausbau des Services sucht der Verein derzeit weitere ehrenamtliche Helfer. Das Angebot ist kostenfrei und wird von der Lotto-Stiftung Berlin gef\u00f6rdert. Anmeldungen sind \u00fcber das <a href=\"https:\/\/silbernetz.org\/infotelefon\/\" target=\"_blank\" rel=\"noopener nofollow\" class=\"link link--external\" data-gtm-class=\"article-text-link\" data-gtm-val=\"external\" aria-describedby=\"message-target-blank\">Infotelefon<\/a> m\u00f6glich. (dpa)<\/p>\n","protected":false},"excerpt":{"rendered":"Die Temperaturen klettern und klettern: Bis zu 41 Grad k\u00f6nnten es am Wochenende in der Hauptstadtregion werden. Die&hellip;\n","protected":false},"author":2,"featured_media":1121140,"comment_status":"","ping_status":"","sticky":false,"template":"","format":"standard","meta":{"footnotes":"","_share_on_mastodon":"0"},"categories":[1825],"tags":[17655,296,38197,1890,82894,29,30,1924,19524,3295,355,952,758,6486,8753,1351,4507,10670,966,101500,293,184,383,6500],"class_list":["post-1121139","post","type-post","status-publish","format-standard","has-post-thumbnail","category-berlin","tag-baustellen","tag-berlin","tag-berliner-philharmoniker","tag-brandenburg","tag-christopher-street-day-2025","tag-deutschland","tag-germany","tag-goerlitzer-park","tag-hilfsorganisationen","tag-hochschulen","tag-italien","tag-klimawandel","tag-lageso","tag-lotto","tag-mauerpark","tag-mecklenburg-vorpommern","tag-nachhaltigkeit","tag-pakistan","tag-schule","tag-schule-und-kita-in-potsdam","tag-schweiz","tag-spd","tag-umwelt","tag-zoo"],"share_on_mastodon":{"url":"","error":""},"_links":{"self":[{"href":"https:\/\/www.europesays.com\/de\/wp-json\/wp\/v2\/posts\/1121139","targetHints":{"allow":["GET"]}}],"collection":[{"href":"https:\/\/www.europesays.com\/de\/wp-json\/wp\/v2\/posts"}],"about":[{"href":"https:\/\/www.europesays.com\/de\/wp-json\/wp\/v2\/types\/post"}],"author":[{"embeddable":true,"href":"https:\/\/www.europesays.com\/de\/wp-json\/wp\/v2\/users\/2"}],"replies":[{"embeddable":true,"href":"https:\/\/www.europesays.com\/de\/wp-json\/wp\/v2\/comments?post=1121139"}],"version-history":[{"count":0,"href":"https:\/\/www.europesays.com\/de\/wp-json\/wp\/v2\/posts\/1121139\/revisions"}],"wp:featuredmedia":[{"embeddable":true,"href":"https:\/\/www.europesays.com\/de\/wp-json\/wp\/v2\/media\/1121140"}],"wp:attachment":[{"href":"https:\/\/www.europesays.com\/de\/wp-json\/wp\/v2\/media?parent=1121139"}],"wp:term":[{"taxonomy":"category","embeddable":true,"href":"https:\/\/www.europesays.com\/de\/wp-json\/wp\/v2\/categories?post=1121139"},{"taxonomy":"post_tag","embeddable":true,"href":"https:\/\/www.europesays.com\/de\/wp-json\/wp\/v2\/tags?post=1121139"}],"curies":[{"name":"wp","href":"https:\/\/api.w.org\/{rel}","templated":true}]}}