{"id":1121170,"date":"2026-06-25T16:28:25","date_gmt":"2026-06-25T16:28:25","guid":{"rendered":"https:\/\/www.europesays.com\/de\/1121170\/"},"modified":"2026-06-25T16:28:25","modified_gmt":"2026-06-25T16:28:25","slug":"kieler-woche-so-sorgen-awareness-teams-fuer-mehr-sicherheit","status":"publish","type":"post","link":"https:\/\/www.europesays.com\/de\/1121170\/","title":{"rendered":"Kieler Woche: So sorgen Awareness-Teams f\u00fcr mehr Sicherheit"},"content":{"rendered":"<p>\n                Stand: 25.06.2026 17:13 Uhr<\/p>\n<p class=\"preface\">Die Kieler Woche ist das gr\u00f6\u00dfte Volksfest Nordeuropas &#8211; an vielen Orten der Landeshauptstadt wird zehn Tage lang gefeiert. Nicht immer geht es dabei friedlich zu. Awareness-Teams bieten Hilfe an. <\/p>\n<p class=\"textauthor\">von Julia J\u00e4nisch<\/p>\n<p class=\"\">Fast 90 Prozent der jungen Menschen haben schon einmal grenz\u00fcberschreitende Erfahrungen mit M\u00e4nnern gemacht &#8211; so lautet das Ergebnis der Jugendtrendstudie des Instituts f\u00fcr Generationenforschung aus dem Jahr 2025. Auch Gro\u00dfveranstaltungen wie die <a href=\"https:\/\/www.ndr.de\/nachrichten\/schleswig-holstein\/Kiel-Aktuelle-Nachrichten-News-und-Videos,kiel7262.html\" title=\"Kiel - Aktuelle Nachrichten und Videos\" rel=\"nofollow noopener\" target=\"_blank\">Kieler <\/a>Woche werden h\u00e4ufig zum Ort f\u00fcr Bel\u00e4stigung, K.O.-Tropfen und sexuelle \u00dcbergriffe &#8211; belastbare Zahlen dazu fehlen, weil viele dieser Taten nicht erfasst werden.<\/p>\n<p>    Kaum eine Frau geht allein feiern<\/p>\n<p class=\"\">Fragt man junge Frauen auf der Kiellinie, ob sie sich deshalb besonders aufmerksam verhalten, sind die Antworten klar: Kaum eine geht demnach alleine auf das Volksfest, viele geben an, auf ihre Getr\u00e4nke zu achten und einige haben sogar schon Erfahrungen mit K.O.-Tropfen gemacht. Die meisten f\u00fchlen sich nach eigenen Angaben aber trotzdem sicher.<\/p>\n<p>    Die Kieler Woche soll sicher f\u00fcr alle sein<\/p>\n<p class=\"\">F\u00fcr die Sicherheit sorgen unter anderem die Awareness-Teams (Awareness bedeutet auf Deutsch &#8222;Bewusstsein&#8220;) der Firmen &#8222;Safer Spaces&#8220; und &#8222;Guardian Angels&#8220;. Unter der Woche sind sie zu sechst, am Wochenende zu acht. Ihre Aufgabe: Allen Menschen helfen, die sich aufgrund von Diskriminierung, Bel\u00e4stigung oder Rassismus unwohl f\u00fchlen &#8211; oder einfach eine Pause brauchen. Das ganze Team ist daf\u00fcr speziell geschult.<\/p>\n<p class=\"\">Lysann Parpart und Silke Golland sind abends rund um das Bayernzelt unterwegs &#8211; hier sei immer viel los. F\u00fcr die erste Hilfe haben sie immer Wasser, M\u00fcsliriegel, Getr\u00e4nkehauben, Menstruationsartikel und Aufkl\u00e4rungsmaterial \u00fcber K.O.-Tropfen dabei. &#8222;Das Wichtigste ist aber das Gespr\u00e4ch und der Person zu helfen&#8220;, erz\u00e4hlt Lysann Parpart.<\/p>\n<p>    Awareness-Team ist von \u00fcberall aus erreichbar<\/p>\n<p>                    <a href=\"https:\/\/www.europesays.com\/de\/wp-content\/uploads\/2026\/06\/awareness-110.webp\" class=\"zoomimage\" title=\"Bild vergr\u00f6\u00dfern\"><\/p>\n<p>        <img decoding=\"async\" src=\"https:\/\/www.europesays.com\/de\/wp-content\/uploads\/2026\/06\/awareness-110.webp\" alt=\"Ein Hilfepapier vom Awareness-Team auf der Kieler Woche.\" title=\"\u00dcberall in der Kieler Innenstadt sind Plakate mit QR-Codes. Durch Scannen kann ein Awareness-Team zur Hilfe gerufen werden. | NDR\" class=\"responsive\" loading=\"lazy\"\/><\/p>\n<p>                    <\/a><\/p>\n<p>                    \u00dcberall in der Kieler Innenstadt sind Plakate mit QR-Codes. Durch Scannen kann ein Awareness-Team zur Hilfe gerufen werden.<\/p>\n<p class=\"\">Hauptstandort der Teams ist der Awareness-Point an der Kiellinie &#8211; ein pinkes Zelt neben dem Segelcamp 24\/7. F\u00fcr unterwegs gibt&#8217;s dort sogenannte Support-B\u00e4ndchen f\u00fcrs Handgelenk. Auf dem Band ist ein QR-Code &#8211; einmal gescannt, kann direkt Kontakt zum Awareness-Team aufgenommen werden. Derselbe QR-Code ist auf zahlreichen Plakaten, die \u00fcberall in der Innenstadt h\u00e4ngen.<\/p>\n<p>                    So ist das Awareness-Team auf der Kieler Woche erreichbar<\/p>\n<p>&#8211; Vor Ort: Awareness-Point an der Kiellinie, D\u00fcsternbrooker Weg 46 \u2013 auf H\u00f6he der Rune-Sauna, direkt neben dem Camp 24\/7<br \/>&#8211; Telefon: (0152) 36 16 10 51<br \/>&#8211; Online: <a href=\"https:\/\/kiwo.saferspaces.io\/venue\/e17a066c-b6da-4daf-9267-327524f3d119\" title=\"Awareness-Team KiWo\" class=\"extlink-preface\" data-type=\"external\" rel=\"nofollow noopener\" target=\"_blank\">kiwo.saferspaces.io<\/a><br \/>&#8211; Einsatzzeiten: Sonntag bis Donnerstag 20 Uhr bis 0:30 Uhr; Freitag und Samstag 18 Uhr bis 1:30 Uhr<\/p>\n<p class=\"\">Wie viele Eins\u00e4tze sie pro Tag haben, wird nicht erfasst. Viele Besucher w\u00fcssten auch noch nicht, dass es die Teams gibt, vermuten die Helfer. Einigen Frauen an der Kiellinie sind das pinke Zelt und die Mitarbeiter in pinken Westen aber schon aufgefallen. Sie f\u00fchlten sich dadurch sicherer, erz\u00e4hlen sie im Gespr\u00e4ch.<\/p>\n<p>                    <a href=\"https:\/\/www.europesays.com\/de\/wp-content\/uploads\/2026\/06\/zeichen-102.webp\" class=\"zoomimage\" title=\"Bild vergr\u00f6\u00dfern\"><\/p>\n<p>        <img decoding=\"async\" src=\"https:\/\/www.europesays.com\/de\/wp-content\/uploads\/2026\/06\/zeichen-102.webp\" alt=\"Ein Handzeichen, das unauff\u00e4llig auf Hilfe &amp; h\u00e4usliche Gewalt aufmerksam macht.\" title=\"Das internationale Hilfe-Handzeichen zeigt, dass eine Person sich bedroht f\u00fchlt oder Hilfe ben\u00f6tigt.  | NDR, Julia J\u00e4nisch\" class=\"responsive\" loading=\"lazy\"\/><\/p>\n<p>                    <\/a><\/p>\n<p>                    Das internationale Hilfe-Handzeichen zeigt, dass eine Person sich bedroht f\u00fchlt oder Hilfe ben\u00f6tigt. <\/p>\n<p class=\"\">Wer sich unsicher f\u00fchlt oder bedroht wird und gerade nicht nach Hilfe fragen kann, kann das internationale Hilfe-Handzeichen benutzen. Dabei wird zuerst der Daumen auf die Handfl\u00e4che gelegt, dann die Finger wie zu einer Faust dar\u00fcber geklappt. Die Bewegung wird flie\u00dfend wiederholt. Beobachter sollten dann eingreifen.<\/p>\n<p>    Kieler-Woche-Bilanz bisher positiv<\/p>\n<p class=\"\">Bisher verl\u00e4uft die Kieler Woche aus polizeilicher Sicht \u00fcberwiegend friedlich. Im Vergleich zu den Vorjahren seien bislang weniger Straftaten bekannt geworden. Aufmerksam sein bleibt nach Meinung des Awareness-Teams jedoch trotzdem wichtig, damit sich alle Menschen sicher f\u00fchlen.<\/p>\n<p>        <img decoding=\"async\" src=\"https:\/\/www.europesays.com\/de\/wp-content\/uploads\/2026\/06\/screenshot-185020.webp\" alt=\"Menschen spauzieren \u00fcber die Kieler Woche\" title=\"Menschen spauzieren \u00fcber die Kieler Woche | Screenshot\" class=\"responsive\" loading=\"lazy\"\/><\/p>\n<p>Messerverbotszonen, Zufahrtssperren und ein Crowdmanagement mit Hilfe von Videokameras sollen die Sicherheit erh\u00f6hen.<\/p>\n<p>        <img decoding=\"async\" src=\"https:\/\/www.europesays.com\/de\/wp-content\/uploads\/2026\/06\/kiwo-266.webp\" alt=\"Besucher der Kieler Woche gehen an der Kiellinie entlang. Im Hintergrund liegt das Kreuzfahrtschiff AIDAnova.\" title=\"Besucher der Kieler Woche gehen an der Kiellinie entlang. Im Hintergrund liegt das Kreuzfahrtschiff AIDAnova. | picture alliance\/dpa | Daniel Bockwoldt\" class=\"responsive\" loading=\"lazy\"\/><\/p>\n<p>Bereits am ersten Wochenende kamen 1,1 Millionen Menschen nach Kiel. Dabei wurden weniger Straftaten angezeigt als im Vorjahr. <\/p>\n<p>        <img decoding=\"async\" src=\"https:\/\/www.europesays.com\/de\/wp-content\/uploads\/2026\/06\/sicherheitskonzept-102.webp\" alt=\"Polizeibeamte gehen Streife auf der Festmeile der Kieler Woche.\" title=\"Polizeibeamte gehen Streife auf der Festmeile der Kieler Woche. | picture alliance\/dpa | Frank Molter\" class=\"responsive\" loading=\"lazy\"\/><\/p>\n<p>Die Kieler Woche ist mit Millionen Besuchern das gr\u00f6\u00dfte Volksfest im Norden. Polizei und Stadt haben ihr Sicherheitskonzept vorgestellt.<\/p>\n<p>        Schlagw\u00f6rter zu diesem Artikel<\/p>\n<p>            <a href=\"https:\/\/www.ndr.de\/nachrichten\/schleswig-holstein\/Kiel-Aktuelle-Nachrichten-News-und-Videos,kiel7262.html\" rel=\"nofollow noopener\" target=\"_blank\">Kiel<\/a><\/p>\n","protected":false},"excerpt":{"rendered":"Stand: 25.06.2026 17:13 Uhr Die Kieler Woche ist das gr\u00f6\u00dfte Volksfest Nordeuropas &#8211; an vielen Orten der Landeshauptstadt&hellip;\n","protected":false},"author":2,"featured_media":1121171,"comment_status":"","ping_status":"","sticky":false,"template":"","format":"standard","meta":{"footnotes":"","_share_on_mastodon":"0"},"categories":[1852],"tags":[3364,29,548,663,3934,24396,3236,30,13,4949,23690,2315,14,15,12,1971,3931,3866],"class_list":["post-1121170","post","type-post","status-publish","format-standard","has-post-thumbnail","category-kiel","tag-de","tag-deutschland","tag-eu","tag-europa","tag-europe","tag-feiern","tag-frauen","tag-germany","tag-headlines","tag-kiel","tag-kieler-woche","tag-konzerte","tag-nachrichten","tag-news","tag-schlagzeilen","tag-schleswig-holstein","tag-sicherheit","tag-veranstaltungen"],"share_on_mastodon":{"url":"https:\/\/pubeurope.com\/@de\/116811696339952706","error":""},"_links":{"self":[{"href":"https:\/\/www.europesays.com\/de\/wp-json\/wp\/v2\/posts\/1121170","targetHints":{"allow":["GET"]}}],"collection":[{"href":"https:\/\/www.europesays.com\/de\/wp-json\/wp\/v2\/posts"}],"about":[{"href":"https:\/\/www.europesays.com\/de\/wp-json\/wp\/v2\/types\/post"}],"author":[{"embeddable":true,"href":"https:\/\/www.europesays.com\/de\/wp-json\/wp\/v2\/users\/2"}],"replies":[{"embeddable":true,"href":"https:\/\/www.europesays.com\/de\/wp-json\/wp\/v2\/comments?post=1121170"}],"version-history":[{"count":0,"href":"https:\/\/www.europesays.com\/de\/wp-json\/wp\/v2\/posts\/1121170\/revisions"}],"wp:featuredmedia":[{"embeddable":true,"href":"https:\/\/www.europesays.com\/de\/wp-json\/wp\/v2\/media\/1121171"}],"wp:attachment":[{"href":"https:\/\/www.europesays.com\/de\/wp-json\/wp\/v2\/media?parent=1121170"}],"wp:term":[{"taxonomy":"category","embeddable":true,"href":"https:\/\/www.europesays.com\/de\/wp-json\/wp\/v2\/categories?post=1121170"},{"taxonomy":"post_tag","embeddable":true,"href":"https:\/\/www.europesays.com\/de\/wp-json\/wp\/v2\/tags?post=1121170"}],"curies":[{"name":"wp","href":"https:\/\/api.w.org\/{rel}","templated":true}]}}