{"id":1121176,"date":"2026-06-25T16:31:15","date_gmt":"2026-06-25T16:31:15","guid":{"rendered":"https:\/\/www.europesays.com\/de\/1121176\/"},"modified":"2026-06-25T16:31:15","modified_gmt":"2026-06-25T16:31:15","slug":"projekt-in-willich-starterklasse-lernt-ihre-neue-schule-kennen","status":"publish","type":"post","link":"https:\/\/www.europesays.com\/de\/1121176\/","title":{"rendered":"Projekt in Willich: Starterklasse lernt ihre neue Schule kennen"},"content":{"rendered":"<p class=\"text_ohne_einzug richtext text-em-55 !leading-serif mx-6 desktop:mx-0\">  Angehende Erstkl\u00e4sslerinnen und Erstkl\u00e4ssler der Grundschule im M\u00fchlenfeld in Willich haben an mehreren Tagen die M\u00f6glichkeit gehabt, sich bereits vor Schulbeginn an den neuen Lernort zu gew\u00f6hnen. Insgesamt acht Termine standen den Kindern daf\u00fcr in den vergangenen Wochen zur Verf\u00fcgung, wie Rektorin Elke Husmann-Zich mitteilt. \u201eGemeinsam erkundeten sie das Schulgel\u00e4nde, lernten wichtige R\u00e4ume kennen und gewannen erste Eindr\u00fccke vom Schulalltag. So konnten Unsicherheiten abgebaut und die Vorfreude auf den ersten Schultag geweckt werden.\u201c<\/p>\n<p class=\"richtext text-em-55 !leading-serif mx-6 desktop:mx-0\">Ein weiterer Schwerpunkt der Starterklasse habe auf dem Kn\u00fcpfen erster Freundschaften gelegen, informiert die Rektorin weiterhin. \u201eDurch gemeinsame Spiele und kreative Angebote kamen die Kinder schnell miteinander in Kontakt. Auch die Bewegung kam nicht zu kurz: Angebote in der Turnhalle sorgten f\u00fcr Spa\u00df, st\u00e4rkten das Gemeinschaftsgef\u00fchl und f\u00f6rderten die motorischen F\u00e4higkeiten der Kinder.\u201c Auch die Eltern seien aktiv einbezogen worden, \u201esie erhielten praktische Tipps zur Lesef\u00f6rderung und zum Einbinden von Mathematik im Alltag sowie Anregungen, wie gemeinsame Familienzeit bewusst gestaltet werden kann\u201c. Das Projekt zielt darauf ab, Familien dabei zu unterst\u00fctzen, ihre Kinder auf dem Weg in die erste Klasse bestm\u00f6glich zu begleiten.<\/p>\n<p class=\"richtext text-em-55 !leading-serif mx-6 desktop:mx-0\">Zwei sozialp\u00e4dagogische Fachkr\u00e4fte haben die Starterklasse betreut: \u201eMit viel Engagement schufen sie einen Rahmen, in dem sich Kinder und Eltern willkommen f\u00fchlten und wertvolle Erfahrungen f\u00fcr den bevorstehenden Schulstart sammeln konnten\u201c, informiert die Rektorin. Das Projekt war eingebettet in das Startchancen-Programm des Landes. <\/p>\n","protected":false},"excerpt":{"rendered":"Angehende Erstkl\u00e4sslerinnen und Erstkl\u00e4ssler der Grundschule im M\u00fchlenfeld in Willich haben an mehreren Tagen die M\u00f6glichkeit gehabt, sich&hellip;\n","protected":false},"author":2,"featured_media":1121177,"comment_status":"","ping_status":"","sticky":false,"template":"","format":"standard","meta":{"footnotes":"","_share_on_mastodon":"0"},"categories":[1849],"tags":[9881,3364,29,548,663,3934,19525,30,13,17757,4455,14,15,1209,51159,12,236671,17289],"class_list":["post-1121176","post","type-post","status-publish","format-standard","has-post-thumbnail","category-moenchengladbach","tag-angebote","tag-de","tag-deutschland","tag-eu","tag-europa","tag-europe","tag-gemeinsame","tag-germany","tag-headlines","tag-informiert","tag-moenchengladbach","tag-nachrichten","tag-news","tag-nordrhein-westfalen","tag-rektorin","tag-schlagzeilen","tag-starterklasse","tag-willich"],"share_on_mastodon":{"url":"https:\/\/pubeurope.com\/@de\/116811706955562804","error":""},"_links":{"self":[{"href":"https:\/\/www.europesays.com\/de\/wp-json\/wp\/v2\/posts\/1121176","targetHints":{"allow":["GET"]}}],"collection":[{"href":"https:\/\/www.europesays.com\/de\/wp-json\/wp\/v2\/posts"}],"about":[{"href":"https:\/\/www.europesays.com\/de\/wp-json\/wp\/v2\/types\/post"}],"author":[{"embeddable":true,"href":"https:\/\/www.europesays.com\/de\/wp-json\/wp\/v2\/users\/2"}],"replies":[{"embeddable":true,"href":"https:\/\/www.europesays.com\/de\/wp-json\/wp\/v2\/comments?post=1121176"}],"version-history":[{"count":0,"href":"https:\/\/www.europesays.com\/de\/wp-json\/wp\/v2\/posts\/1121176\/revisions"}],"wp:featuredmedia":[{"embeddable":true,"href":"https:\/\/www.europesays.com\/de\/wp-json\/wp\/v2\/media\/1121177"}],"wp:attachment":[{"href":"https:\/\/www.europesays.com\/de\/wp-json\/wp\/v2\/media?parent=1121176"}],"wp:term":[{"taxonomy":"category","embeddable":true,"href":"https:\/\/www.europesays.com\/de\/wp-json\/wp\/v2\/categories?post=1121176"},{"taxonomy":"post_tag","embeddable":true,"href":"https:\/\/www.europesays.com\/de\/wp-json\/wp\/v2\/tags?post=1121176"}],"curies":[{"name":"wp","href":"https:\/\/api.w.org\/{rel}","templated":true}]}}