{"id":1121183,"date":"2026-06-25T16:35:22","date_gmt":"2026-06-25T16:35:22","guid":{"rendered":"https:\/\/www.europesays.com\/de\/1121183\/"},"modified":"2026-06-25T16:35:22","modified_gmt":"2026-06-25T16:35:22","slug":"suedwestklassiker-im-dfb-pokal-termin-fuer-mannheim-gegen-fck-bestaetigt","status":"publish","type":"post","link":"https:\/\/www.europesays.com\/de\/1121183\/","title":{"rendered":"S\u00fcdwestklassiker im DFB-Pokal: Termin f\u00fcr Mannheim gegen FCK best\u00e4tigt"},"content":{"rendered":"<p><a href=\"https:\/\/liga3-news.de\/wp-content\/uploads\/2026\/06\/Waldhof-Lautern-e1780765723783.jpg\" data-caption=\"\" rel=\"nofollow noopener\" target=\"_blank\"><img loading=\"lazy\" decoding=\"async\" onload=\"Wpfcll.r(this,true);\" src=\"https:\/\/liga3-news.de\/wp-content\/plugins\/wp-fastest-cache-premium\/pro\/images\/blank.gif\" width=\"696\" height=\"461\" class=\"entry-thumb td-modal-image\" data-wpfc-original-src=\"https:\/\/www.europesays.com\/de\/wp-content\/uploads\/2026\/06\/Waldhof-Lautern-696x461.jpg\" data-wpfc-original-  alt=\"\" title=\"Waldhof Mannheim - Kaiserslautern\"\/><\/a><\/p>\n<p class=\"ai-optimize-6 ai-optimize-introduction\"><strong>Das S\u00fcdwestderby im DFB-Pokal hat seinen festen Platz im Spielplan gefunden. Wenn der 1. FC Kaiserslautern auf Waldhof Mannheim trifft, ist Spannung garantiert. Nun steht auch fest, wann das traditionsreiche Duell \u00fcber die B\u00fchne geht und die Vorfreude auf ein stimmungsvolles Fu\u00dfballfest w\u00e4chst weiter.<\/strong><\/p>\n<p>  <strong>Pokalduell er\u00f6ffnet das Fu\u00dfballwochenende<\/strong><\/p>\n<p class=\"ai-optimize-8\">Jetzt herrscht Klarheit: Der 1. FC Kaiserslautern gastiert in der ersten Runde des DFB-Pokals am Freitagabend bei Waldhof Mannheim. Die Begegnung wird am 21. August um 18 Uhr angepfiffen und bildet damit einen attraktiven Auftakt in das Fu\u00dfballwochenende. Dass die Partie nicht im frei empfangbaren Fernsehen zu sehen sein wird, \u00fcberrascht kaum. F\u00fcr die wenigen ausgew\u00e4hlten Live\u00fcbertragungen entschied sich der Deutsche Fu\u00dfball-Bund f\u00fcr andere Begegnungen, die aus sportlicher Sicht noch st\u00e4rker im Fokus stehen. Dazu geh\u00f6ren unter anderem die Pokalspiele von Bayern M\u00fcnchen, Borussia Dortmund, dem VfB Stuttgart sowie Bundesliga-R\u00fcckkehrer Schalke 04.<\/p>\n<p><strong>Gro\u00dfe Kulisse in Mannheim erwartet<\/strong><\/p>\n<p class=\"ai-optimize-11\">Auch ohne bundesweite Free-TV-\u00dcbertragung verspricht das Derby eine besondere Atmosph\u00e4re. Im Carl-Benz-Stadion d\u00fcrfte sich eine eindrucksvolle Kulisse bilden, denn das traditionsreiche Duell besitzt f\u00fcr beide Fanlager einen hohen Stellenwert. Vieles spricht daf\u00fcr, dass die Arena bis auf den letzten Platz gef\u00fcllt sein wird.<\/p>\n<p class=\"ai-optimize-12\">Obwohl Ende August am fr\u00fchen Abend noch ausreichend Tageslicht vorhanden ist, d\u00fcrfte die besondere Stimmung auf den R\u00e4ngen dem Spiel einen passenden Rahmen verleihen. Gerade zum Start ins Wochenende verspricht die Begegnung ein echtes Highlight f\u00fcr Fu\u00dfballfans aus der Region zu werden.<\/p>\n<p><strong>Informationen zum Ticketverkauf folgen<\/strong><\/p>\n<p class=\"ai-optimize-14\">Wer das Derby live erleben m\u00f6chte, muss sich noch etwas gedulden. Der Vorverkauf ist bislang nicht gestartet. Beide Vereine wollen in den kommenden Tagen \u00fcber ihre offiziellen Kan\u00e4le bekanntgeben, wann und unter welchen Bedingungen Eintrittskarten erh\u00e4ltlich sein werden. Das traditionsreiche Duell zwischen Mannheim und Kaiserslautern geh\u00f6rt seit Jahren zu den emotionalsten Begegnungen im S\u00fcdwesten. Entsprechend gro\u00df ist die Vorfreude auf einen Pokalabend, der sportlich und atmosph\u00e4risch einiges verspricht.<\/p>\n<p class=\"ai-optimize-16\">Mit dem nun feststehenden Termin k\u00f6nnen Fans beider Lager ihre Planungen beginnen. Alles deutet darauf hin, dass die erste Pokalrunde mit einem intensiven Derby startet, das weit \u00fcber die Region hinaus f\u00fcr Aufmerksamkeit sorgen d\u00fcrfte.<\/p>\n","protected":false},"excerpt":{"rendered":"Das S\u00fcdwestderby im DFB-Pokal hat seinen festen Platz im Spielplan gefunden. Wenn der 1. FC Kaiserslautern auf Waldhof&hellip;\n","protected":false},"author":2,"featured_media":1121184,"comment_status":"","ping_status":"","sticky":false,"template":"","format":"standard","meta":{"footnotes":"","_share_on_mastodon":"0"},"categories":[1845],"tags":[1634,3364,29,548,663,3934,30,13,2096,14,15,12,17594],"class_list":["post-1121183","post","type-post","status-publish","format-standard","has-post-thumbnail","category-mannheim","tag-baden-wuerttemberg","tag-de","tag-deutschland","tag-eu","tag-europa","tag-europe","tag-germany","tag-headlines","tag-mannheim","tag-nachrichten","tag-news","tag-schlagzeilen","tag-waldhof-mannheim"],"share_on_mastodon":{"url":"https:\/\/pubeurope.com\/@de\/116811723466658683","error":""},"_links":{"self":[{"href":"https:\/\/www.europesays.com\/de\/wp-json\/wp\/v2\/posts\/1121183","targetHints":{"allow":["GET"]}}],"collection":[{"href":"https:\/\/www.europesays.com\/de\/wp-json\/wp\/v2\/posts"}],"about":[{"href":"https:\/\/www.europesays.com\/de\/wp-json\/wp\/v2\/types\/post"}],"author":[{"embeddable":true,"href":"https:\/\/www.europesays.com\/de\/wp-json\/wp\/v2\/users\/2"}],"replies":[{"embeddable":true,"href":"https:\/\/www.europesays.com\/de\/wp-json\/wp\/v2\/comments?post=1121183"}],"version-history":[{"count":0,"href":"https:\/\/www.europesays.com\/de\/wp-json\/wp\/v2\/posts\/1121183\/revisions"}],"wp:featuredmedia":[{"embeddable":true,"href":"https:\/\/www.europesays.com\/de\/wp-json\/wp\/v2\/media\/1121184"}],"wp:attachment":[{"href":"https:\/\/www.europesays.com\/de\/wp-json\/wp\/v2\/media?parent=1121183"}],"wp:term":[{"taxonomy":"category","embeddable":true,"href":"https:\/\/www.europesays.com\/de\/wp-json\/wp\/v2\/categories?post=1121183"},{"taxonomy":"post_tag","embeddable":true,"href":"https:\/\/www.europesays.com\/de\/wp-json\/wp\/v2\/tags?post=1121183"}],"curies":[{"name":"wp","href":"https:\/\/api.w.org\/{rel}","templated":true}]}}