{"id":1121237,"date":"2026-06-25T17:05:26","date_gmt":"2026-06-25T17:05:26","guid":{"rendered":"https:\/\/www.europesays.com\/de\/1121237\/"},"modified":"2026-06-25T17:05:26","modified_gmt":"2026-06-25T17:05:26","slug":"dresden-spielt-in-leimbach-ohne-ulf-kirsten-aber-mit-olympiasieger-bad-salzungen","status":"publish","type":"post","link":"https:\/\/www.europesays.com\/de\/1121237\/","title":{"rendered":"Dresden spielt in Leimbach: Ohne Ulf Kirsten, aber mit Olympiasieger &#8211; Bad Salzungen"},"content":{"rendered":"<p>Ein Fu\u00dfball-Olympiasieger in <a href=\"https:\/\/www.insuedthueringen.de\/thema\/Leimbach\" title=\"Leimbach\" class=\"art_thema\" rel=\"nofollow noopener\" target=\"_blank\">Leimbach<\/a>? Das hat Seltenheitswert. Denn nur 1976 in Montreal gelang einer deutschen Mannschaft dieser besondere Erfolg. Damals mittendrin im DDR-Team: Hartmut Schade von Dynamo <a href=\"https:\/\/www.insuedthueringen.de\/thema\/Dresden\" title=\"Dresden\" class=\"art_thema\" rel=\"nofollow noopener\" target=\"_blank\">Dresden<\/a>. Der 71-j\u00e4hrige, 31-maliger <a href=\"https:\/\/www.insuedthueringen.de\/thema\/Nationalspieler\" title=\"Nationalspieler\" class=\"art_thema\" rel=\"nofollow noopener\" target=\"_blank\">Nationalspieler<\/a>, wird am Samstag mit der Dynamo-Traditionself nach S\u00fcdth\u00fcringen reisen, weil dort zwei Fans der Schwarz-Gelben mit diesem Spiel ab 16 Uhr unter dem Motto \u201eLegenden treffen Leidenschaft\u201c ihren <a href=\"https:\/\/www.insuedthueringen.de\/thema\/Abschied\" title=\"Abschied\" class=\"art_thema\" rel=\"nofollow noopener\" target=\"_blank\">Abschied<\/a> vom aktiven Gro\u00dffeldfu\u00dfball im M\u00e4nnerbereich des FSV Leimbach nehmen wollen: Christian <a href=\"https:\/\/www.insuedthueringen.de\/thema\/Otto\" title=\"Otto\" class=\"art_thema\" rel=\"nofollow noopener\" target=\"_blank\">Otto<\/a> und Karol Napiorkowski \u2013 beide 38 Jahre alt. Otto spielte mit Bad Salzungen in der Landesklasse und mit Gumpelstadt in der Kreisoberliga. Napiorski lief etwa f\u00fcr den H\u00fcnfelder SV in der Oberliga Hessen und sp\u00e4ter f\u00fcr Gl\u00fccksbrunn Schweina bis zur Th\u00fcringenliga auf. <\/p>\n","protected":false},"excerpt":{"rendered":"Ein Fu\u00dfball-Olympiasieger in Leimbach? Das hat Seltenheitswert. Denn nur 1976 in Montreal gelang einer deutschen Mannschaft dieser besondere&hellip;\n","protected":false},"author":2,"featured_media":1121238,"comment_status":"","ping_status":"","sticky":false,"template":"","format":"standard","meta":{"footnotes":"","_share_on_mastodon":"0"},"categories":[1835],"tags":[3364,29,2386,30,23934,23089,192270,236682,236683,19709,859,236684,5900,17284],"class_list":["post-1121237","post","type-post","status-publish","format-standard","has-post-thumbnail","category-dresden","tag-de","tag-deutschland","tag-dresden","tag-germany","tag-kirsten","tag-legende","tag-leimbach","tag-lokalsport-badsalzungen","tag-napiorkowski","tag-otto","tag-sachsen","tag-schade","tag-themasport","tag-tradition"],"share_on_mastodon":{"url":"https:\/\/pubeurope.com\/@de\/116811839997381209","error":""},"_links":{"self":[{"href":"https:\/\/www.europesays.com\/de\/wp-json\/wp\/v2\/posts\/1121237","targetHints":{"allow":["GET"]}}],"collection":[{"href":"https:\/\/www.europesays.com\/de\/wp-json\/wp\/v2\/posts"}],"about":[{"href":"https:\/\/www.europesays.com\/de\/wp-json\/wp\/v2\/types\/post"}],"author":[{"embeddable":true,"href":"https:\/\/www.europesays.com\/de\/wp-json\/wp\/v2\/users\/2"}],"replies":[{"embeddable":true,"href":"https:\/\/www.europesays.com\/de\/wp-json\/wp\/v2\/comments?post=1121237"}],"version-history":[{"count":0,"href":"https:\/\/www.europesays.com\/de\/wp-json\/wp\/v2\/posts\/1121237\/revisions"}],"wp:featuredmedia":[{"embeddable":true,"href":"https:\/\/www.europesays.com\/de\/wp-json\/wp\/v2\/media\/1121238"}],"wp:attachment":[{"href":"https:\/\/www.europesays.com\/de\/wp-json\/wp\/v2\/media?parent=1121237"}],"wp:term":[{"taxonomy":"category","embeddable":true,"href":"https:\/\/www.europesays.com\/de\/wp-json\/wp\/v2\/categories?post=1121237"},{"taxonomy":"post_tag","embeddable":true,"href":"https:\/\/www.europesays.com\/de\/wp-json\/wp\/v2\/tags?post=1121237"}],"curies":[{"name":"wp","href":"https:\/\/api.w.org\/{rel}","templated":true}]}}