{"id":1121604,"date":"2026-06-25T20:38:49","date_gmt":"2026-06-25T20:38:49","guid":{"rendered":"https:\/\/www.europesays.com\/de\/1121604\/"},"modified":"2026-06-25T20:38:49","modified_gmt":"2026-06-25T20:38:49","slug":"unfall-bei-aachen-motorradfahrer-23-prallt-mit-auto-zusammen","status":"publish","type":"post","link":"https:\/\/www.europesays.com\/de\/1121604\/","title":{"rendered":"Unfall bei Aachen: Motorradfahrer (23) prallt mit Auto zusammen"},"content":{"rendered":"<p>Unfall bei W\u00fcrselen <\/p>\n<p>Motorradfahrer prallt mit abbiegendem Auto zusammen<\/p>\n<p>25.06.2026 &#8211; 15:44 UhrLesedauer: 1 Min.<\/p>\n<p><a href=\"#focus-0\" class=\"transition-colors block text-current relative\" data-sctrack=\"FocusGalleryImage.Reference\"><img fetchpriority=\"high\" data-testid=\"Opener.Image\"   loading=\"eager\" src=\"https:\/\/www.europesays.com\/de\/wp-content\/uploads\/2026\/06\/ein-budapester-krankentraeger-soll-laut-polizei-menschliche-leichenteile-gesammelt-und-teils-auch-ge.jpeg\" alt=\"Blaulicht\" title=\"Blaulicht\" width=\"2048\" height=\"1152\" class=\"bg-[url:var(--lqipURL)] bg-cover bg-center flex h-full w-full max-w-full\" style=\"--lqipURL:url('https:\/\/images.t-online.de\/2026\/06\/EiOG5nTFkVKq\/0x125:2048x1152\/fit-in\/150x0\/filters:blur(25)\/ein-budapester-krankentraeger-soll-laut-polizei-menschliche-leichenteile-gesammelt-und-teils-auch-gegessen-haben-symbolbild.jpg')\" decoding=\"async\"\/><img loading=\"lazy\" src=\"https:\/\/aachen.t-online.de\/s\/paper\/_next\/static\/media\/zoom-in.f7dae02f.svg\" alt=\"Vergr\u00f6\u00dfern des Bildes\" title=\"Vergr\u00f6\u00dfern des Bildes\" class=\"block h-[calc(var(--height)_\/_16_*_1rem)] w-[calc(var(--width)_\/_16_*_1rem)] max-w-none absolute right-8 bottom-8 rounded-4 bg-snow p-8\" style=\"--width:32;--height:32\" decoding=\"async\"\/><\/a><\/p>\n<p>Blaulicht (Symbolbild): Ersthelfer m\u00fcssen nach dem Crash auf der Neusener Stra\u00dfe eingreifen. (Quelle: Jens B\u00fcttner\/dpa\/dpa-bilder)<\/p>\n<p class=\"font-bold text-18 leading-17 user-text-lg:text-22 user-text-xl:text-24\">An einer Einm\u00fcndung zwischen W\u00fcrselen und Alsdorf kommt es zu einem Zusammensto\u00df. Ein 23-J\u00e4hriger landet im Krankenhaus.<\/p>\n<p class=\"text-18 leading-17 user-text-lg:text-22 user-text-xl:text-24\">Ein 23-j\u00e4hriger Motorradfahrer aus W\u00fcrselen ist am Nachmittag des 24. Juni 2026 bei einem Verkehrsunfall an der Einm\u00fcndung Neusener Stra\u00dfe\/Am Siefengraben schwer verletzt worden. Ein 58-j\u00e4hriger Autofahrer aus Alsdorf hatte beim Abbiegen den Motorradfahrer \u00fcbersehen, wie die Polizei Aachen mitteilte. Der Verletzte wurde mit einem Rettungswagen in ein Krankenhaus gebracht.<\/p>\n<p class=\"text-18 leading-17 user-text-lg:text-22 user-text-xl:text-24\">Der 58-J\u00e4hrige fuhr gegen 15.00 Uhr die Stra\u00dfe &#8222;Am Siefengraben&#8220; aus Richtung Broicher Siedlung entlang und bog an der Einm\u00fcndung nach links auf die Neusener Stra\u00dfe in Richtung Alsdorf ab. Dabei kam es zum Zusammensto\u00df mit dem Motorradfahrer, der die Neusener Stra\u00dfe in Richtung Linden-Neusen befuhr. Trotz einer sofort eingeleiteten Gefahrenbremsung konnte der 23-J\u00e4hrige den Aufprall nicht mehr verhindern. Die Stra\u00dfe war f\u00fcr rund zwei Stunden gesperrt.<\/p>\n<p class=\"text-18 leading-17 user-text-lg:text-22 user-text-xl:text-24\">Die Polizei Aachen lobte das Verhalten der Ersthelfer, die sofort Erste Hilfe leisteten und sich bis zum Eintreffen der Rettungskr\u00e4fte um den Verletzten k\u00fcmmerten. Da Ersthelfer als Zeugen in Betracht k\u00e4men, bittet das Verkehrskommissariat sie, sich telefonisch unter 0241 9577 42101 zu melden.<\/p>\n","protected":false},"excerpt":{"rendered":"Unfall bei W\u00fcrselen Motorradfahrer prallt mit abbiegendem Auto zusammen 25.06.2026 &#8211; 15:44 UhrLesedauer: 1 Min. Blaulicht (Symbolbild): Ersthelfer&hellip;\n","protected":false},"author":2,"featured_media":1121605,"comment_status":"","ping_status":"","sticky":false,"template":"","format":"standard","meta":{"footnotes":"","_share_on_mastodon":"0"},"categories":[1853],"tags":[722,17161,1424,18026,513,1950,3364,29,38496,548,663,3934,30,13,14,15,1209,121,12,1284,30436],"class_list":["post-1121604","post","type-post","status-publish","format-standard","has-post-thumbnail","category-aachen","tag-722","tag-17161","tag-aachen","tag-alsdorf","tag-auto","tag-blaulicht","tag-de","tag-deutschland","tag-einmuendung","tag-eu","tag-europa","tag-europe","tag-germany","tag-headlines","tag-nachrichten","tag-news","tag-nordrhein-westfalen","tag-polizei","tag-schlagzeilen","tag-unfall","tag-wuerselen"],"share_on_mastodon":{"url":"https:\/\/pubeurope.com\/@de\/116812677992542150","error":""},"_links":{"self":[{"href":"https:\/\/www.europesays.com\/de\/wp-json\/wp\/v2\/posts\/1121604","targetHints":{"allow":["GET"]}}],"collection":[{"href":"https:\/\/www.europesays.com\/de\/wp-json\/wp\/v2\/posts"}],"about":[{"href":"https:\/\/www.europesays.com\/de\/wp-json\/wp\/v2\/types\/post"}],"author":[{"embeddable":true,"href":"https:\/\/www.europesays.com\/de\/wp-json\/wp\/v2\/users\/2"}],"replies":[{"embeddable":true,"href":"https:\/\/www.europesays.com\/de\/wp-json\/wp\/v2\/comments?post=1121604"}],"version-history":[{"count":0,"href":"https:\/\/www.europesays.com\/de\/wp-json\/wp\/v2\/posts\/1121604\/revisions"}],"wp:featuredmedia":[{"embeddable":true,"href":"https:\/\/www.europesays.com\/de\/wp-json\/wp\/v2\/media\/1121605"}],"wp:attachment":[{"href":"https:\/\/www.europesays.com\/de\/wp-json\/wp\/v2\/media?parent=1121604"}],"wp:term":[{"taxonomy":"category","embeddable":true,"href":"https:\/\/www.europesays.com\/de\/wp-json\/wp\/v2\/categories?post=1121604"},{"taxonomy":"post_tag","embeddable":true,"href":"https:\/\/www.europesays.com\/de\/wp-json\/wp\/v2\/tags?post=1121604"}],"curies":[{"name":"wp","href":"https:\/\/api.w.org\/{rel}","templated":true}]}}