{"id":1121642,"date":"2026-06-25T21:02:10","date_gmt":"2026-06-25T21:02:10","guid":{"rendered":"https:\/\/www.europesays.com\/de\/1121642\/"},"modified":"2026-06-25T21:02:10","modified_gmt":"2026-06-25T21:02:10","slug":"ranking-die-20-besten-laender-der-welt-so-schneidet-deutschland-ab","status":"publish","type":"post","link":"https:\/\/www.europesays.com\/de\/1121642\/","title":{"rendered":"Ranking: Die 20 besten L\u00e4nder der Welt \u2013 so schneidet Deutschland ab"},"content":{"rendered":"<p>\t\t\t\t\t<img loading=\"lazy\" decoding=\"async\" width=\"2000\" height=\"1332\" src=\"https:\/\/www.europesays.com\/de\/wp-content\/uploads\/2026\/05\/schweiz.webp\" class=\"attachment-original size-original\" alt=\"Innenstadt von Genf, Schweiz.\"  data-portal-copyright=\" pawel.gaul\/Getty Images\" \/><\/p>\n<p>\n\t\t\t\t\t\t\t\t\tInnenstadt von Genf, Schweiz.<\/p>\n<p>\t\t\t\t\t\t\t\t\t pawel.gaul\/Getty Images\n\t\t\t\t\t\t\t<\/p>\n<p>Die Schweiz verteidigt im neuen L\u00e4nder-Ranking des US News &amp; World Report erneut Platz eins \u2013 Deutschland schafft es ebenfalls in die Top f\u00fcnf.<\/p>\n<p>F\u00fcr das Ranking wurden 100 Staaten anhand datenbasierter Kriterien wie Infrastruktur, Gesundheit, wirtschaftliche Entwicklung und Tourismus bewertet.<\/p>\n<p>Die USA verpassten trotz ihrer starken Wirtschaftskraft die Top 10 \u2013 unter anderem wegen schw\u00e4cherer Bewertungen bei Gesundheit und Infrastruktur.<\/p>\n<p>Erneut hat die Schweiz den Spitzenplatz als bestes Land der Welt erobert.<\/p>\n<p>Das Ranking f\u00fcr 2026 wurde vom US News &amp; World Report in Zusammenarbeit mit der Wharton School der University of Pennsylvania erstellt.<\/p>\n<p>Lest auch<\/p>\n<p>\t\t\t\t\t\t\t\t\t<img loading=\"lazy\" decoding=\"async\" width=\"200\" height=\"150\" src=\"https:\/\/www.europesays.com\/de\/wp-content\/uploads\/2026\/06\/1782421234_396_69f0ee823b4f7c3af2b7aaa9.jpg\" class=\"attachment-thumbnail-square size-thumbnail-square\" alt=\"\"  \/><\/p>\n<p>\t\t\t\t\t\t\t\t<a href=\"https:\/\/www.businessinsider.de\/panorama\/lebenserwartung-wo-menschen-am-aeltesten-werden-und-am-kurzesten-leben\/\" class=\"wp-block-inline-teaser__link tw-font-black \" rel=\"nofollow noopener\" target=\"_blank\"><br \/>\n\t\t\t\t\tDie 15 L\u00e4nder mit der h\u00f6chsten Lebenserwartung \u2013 und die 15 mit der niedrigsten<br \/>\n\t\t\t\t<\/a><\/p>\n<p>Diese Kategorien wurden im Ranking ber\u00fccksichtigt<\/p>\n<p>Im Gegensatz zu fr\u00fcheren Ausgaben der Liste verzichtete das diesj\u00e4hrige Ranking auf einen wahrnehmungsbasierten Ansatz, bei dem Experten und F\u00fchrungskr\u00e4fte aus der Wirtschaft befragt wurden, und verwendete stattdessen eine datengest\u00fctzte Methodik.<\/p>\n<p>Zur Ermittlung der Rangliste bewerteten die <a href=\"https:\/\/www.businessinsider.de\/themen\/forschung\/\" target=\"_blank\" rel=\"noreferrer noopener nofollow\">Forscher<\/a> 100 L\u00e4nder in acht Kategorien, darunter Regierungsf\u00fchrung, Kultur und <a href=\"https:\/\/www.businessinsider.de\/themen\/tourismus\/\" target=\"_blank\" rel=\"noreferrer noopener nofollow\">Tourismus<\/a>, zivilgesellschaftliche Gesundheit, <a href=\"https:\/\/www.businessinsider.de\/themen\/wirtschaft\/\" target=\"_blank\" rel=\"noreferrer noopener nofollow\">wirtschaftliche Entwicklung<\/a>, <a href=\"https:\/\/www.businessinsider.de\/themen\/gesundheit\/\" target=\"_blank\" rel=\"noreferrer noopener nofollow\">Gesundheit<\/a>, Infrastruktur, Chancen und die nat\u00fcrliche Umwelt. Das Ranking ber\u00fccksichtigte zudem 24 weitere Unterkategorien, darunter Gesundheitsversorgung, \u00f6ffentliche Sicherheit, Arbeitsm\u00e4rkte, Armut und Wohlstand.<\/p>\n<p>USA nicht unter den Top 10<\/p>\n<p>Die daraus resultierenden besten L\u00e4nder sind \u00fcberwiegend eine Mischung aus beliebten und eher untersch\u00e4tzten Reisezielen in ganz Europa. Einige der weltweit beliebtesten L\u00e4nder, darunter die Vereinigten Staaten und Japan, schafften es nicht unter die Top 10.<\/p>\n<p>Evan Comen, Senior Data Editor bei US News, erkl\u00e4rte gegen\u00fcber BUSINESS INSIDER (BI), dass der Grund daf\u00fcr, dass die <a href=\"https:\/\/www.businessinsider.de\/themen\/usa\/\" target=\"_blank\" rel=\"noreferrer noopener nofollow\">USA<\/a> es nicht unter die Top 10 geschafft haben, in ihrer uneinheitlichen Leistung in den acht Hauptkategorien liege.<\/p>\n<p>Lest auch<\/p>\n<p>\t\t\t\t\t\t\t\t\t<img loading=\"lazy\" decoding=\"async\" width=\"200\" height=\"200\" src=\"https:\/\/www.europesays.com\/de\/wp-content\/uploads\/2025\/04\/67e6f00063d72727e1989654-200x200.jpg\" class=\"attachment-thumbnail-square size-thumbnail-square\" alt=\"\"  \/><\/p>\n<p>\t\t\t\t\t\t\t\t<a href=\"https:\/\/www.businessinsider.de\/leben\/26-laender-bereist-dieser-urlaub-gehimtipp-gewinnt-ganz-klar\/\" class=\"wp-block-inline-teaser__link tw-font-black \" rel=\"nofollow noopener\" target=\"_blank\"><br \/>\n\t\t\t\t\tIch habe schon 26 L\u00e4nder bereist \u2013 dieses Urlaubsland \u00fcbertrifft sogar Italien und Griechenland<br \/>\n\t\t\t\t<\/a><\/p>\n<p>\u201eDie USA liegen bei der wirtschaftlichen Entwicklung auf Platz 2 und bei <a href=\"https:\/\/www.businessinsider.de\/themen\/kultur\/\" target=\"_blank\" rel=\"noreferrer noopener nofollow\">Kultur<\/a> und Tourismus auf Platz 1\u201c, sagte Comen. \u201eDiese Vorteile werden jedoch durch schw\u00e4chere Leistungen in einigen der datenintensiveren Kategorien ausgeglichen, die sich nicht wirklich in der Wahrnehmung widerspiegeln \u2013 Dinge wie Gesundheit, Infrastruktur und zivilgesellschaftliche Gesundheit.\u201c<\/p>\n<p>Nachfolgend sind die 20 besten L\u00e4nder der Welt laut US News &amp; World Report aufgef\u00fchrt.<\/p>\n<p>Die Bev\u00f6lkerungsdaten f\u00fcr jedes Land stammen vom US Census Bureau, und die Informationen zum Bruttoinlandsprodukt (BIP) wurden von der Organisation f\u00fcr wirtschaftliche Zusammenarbeit und Entwicklung (OECD) bereitgestellt.<\/p>\n<p class=\"has-text-align-right\"><a href=\"https:\/\/www.businessinsider.com\/20-best-countries-in-the-world-ranked-2026\" target=\"_blank\" rel=\"noreferrer noopener nofollow\">Lest den Originalartikel auf Business Insider US.<\/a><\/p>\n<p>\t\tDie 20 besten L\u00e4nder der Welt im Ranking<\/p>\n<p>\t\t<img decoding=\"async\" src=\"https:\/\/www.europesays.com\/de\/wp-content\/uploads\/2026\/05\/6a04a4bb58810e27922ad430-scaled.jpg\" alt=\"Dongdaemun traditional gate at night in Seoul, South Korea.\" loading=\"lazy\"\/><\/p>\n<p>\n\t\t\t\t\tSayan  Uranan \/Getty Images\n\t\t\t<\/p>\n<p>\t\t\t\t\t\t\t\t20. S\u00fcdkorea<\/p>\n<p>\tExterner Inhalt nicht verf\u00fcgbar<\/p>\n<p class=\"tw-text-sm tw-text-granite tw-mb-4 tw-font-lab-grotesque\">Um eingebettete Inhalte anzuzeigen, ist deine jederzeit widerrufliche Einwilligung (\u00fcber den Schalter oder \u00fcber  \u201eWiderruf Tracking und Cookies\u201c am Seitenende) zur Verarbeitung personenbezogener Daten n\u00f6tig. Dabei k\u00f6nnen Daten in Drittl\u00e4nder wie die USA \u00fcbermittelt werden (Art. 49 Abs. 1 lit. a DSGVO). Mit dem Umschalten auf \u201ean\u201c stimmst du zu. Weitere Infos findest du in unserer Datenschutzerkl\u00e4rung.<\/p>\n<p>\tAn<\/p>\n<p>\t\t<img decoding=\"async\" src=\"https:\/\/www.europesays.com\/de\/wp-content\/uploads\/2026\/05\/6a04a52e7c7e83f26041b4c2-scaled.jpg\" alt=\"The Toronto city skyline from Lake Ontario, Canada.\" loading=\"lazy\"\/><\/p>\n<p>\n\t\t\t\t\tRoberto Machado Noa\/Getty Images\n\t\t\t<\/p>\n<p>\t\t\t\t\t\t\t\t19. Kanada<\/p>\n<p>\tExterner Inhalt nicht verf\u00fcgbar<\/p>\n<p class=\"tw-text-sm tw-text-granite tw-mb-4 tw-font-lab-grotesque\">Um eingebettete Inhalte anzuzeigen, ist deine jederzeit widerrufliche Einwilligung (\u00fcber den Schalter oder \u00fcber  \u201eWiderruf Tracking und Cookies\u201c am Seitenende) zur Verarbeitung personenbezogener Daten n\u00f6tig. Dabei k\u00f6nnen Daten in Drittl\u00e4nder wie die USA \u00fcbermittelt werden (Art. 49 Abs. 1 lit. a DSGVO). Mit dem Umschalten auf \u201ean\u201c stimmst du zu. Weitere Infos findest du in unserer Datenschutzerkl\u00e4rung.<\/p>\n<p>\tAn<\/p>\n<p>\t\t<img decoding=\"async\" src=\"https:\/\/www.europesays.com\/de\/wp-content\/uploads\/2026\/06\/1782421250_667_6a04a58095396a3b6e417fce.jpg\" alt=\"Downtown Chicago.\" loading=\"lazy\"\/><\/p>\n<p>\n\t\t\t\t\talso The Mag Mile\n\t\t\t<\/p>\n<p>\t\t\t\t\t\t\t\t18. USA<\/p>\n<p>\tExterner Inhalt nicht verf\u00fcgbar<\/p>\n<p class=\"tw-text-sm tw-text-granite tw-mb-4 tw-font-lab-grotesque\">Um eingebettete Inhalte anzuzeigen, ist deine jederzeit widerrufliche Einwilligung (\u00fcber den Schalter oder \u00fcber  \u201eWiderruf Tracking und Cookies\u201c am Seitenende) zur Verarbeitung personenbezogener Daten n\u00f6tig. Dabei k\u00f6nnen Daten in Drittl\u00e4nder wie die USA \u00fcbermittelt werden (Art. 49 Abs. 1 lit. a DSGVO). Mit dem Umschalten auf \u201ean\u201c stimmst du zu. Weitere Infos findest du in unserer Datenschutzerkl\u00e4rung.<\/p>\n<p>\tAn<\/p>\n<p>\t\t<img decoding=\"async\" src=\"https:\/\/www.europesays.com\/de\/wp-content\/uploads\/2026\/06\/1782421258_498_69c257e15b58f1f0f93367fd.jpg\" alt=\"shibuya scramble crossing in tokyo\" loading=\"lazy\"\/><\/p>\n<p>\n\t\t\t\t\tFrancesco Riccardo Iacomino\/Getty Images\n\t\t\t<\/p>\n<p>\t\t\t\t\t\t\t\t17. Japan<\/p>\n<p>\tExterner Inhalt nicht verf\u00fcgbar<\/p>\n<p class=\"tw-text-sm tw-text-granite tw-mb-4 tw-font-lab-grotesque\">Um eingebettete Inhalte anzuzeigen, ist deine jederzeit widerrufliche Einwilligung (\u00fcber den Schalter oder \u00fcber  \u201eWiderruf Tracking und Cookies\u201c am Seitenende) zur Verarbeitung personenbezogener Daten n\u00f6tig. Dabei k\u00f6nnen Daten in Drittl\u00e4nder wie die USA \u00fcbermittelt werden (Art. 49 Abs. 1 lit. a DSGVO). Mit dem Umschalten auf \u201ean\u201c stimmst du zu. Weitere Infos findest du in unserer Datenschutzerkl\u00e4rung.<\/p>\n<p>\tAn<\/p>\n<p>\t\t<img decoding=\"async\" src=\"https:\/\/www.europesays.com\/de\/wp-content\/uploads\/2026\/05\/6a04a5fb7c7e83f26041b4cc-scaled.jpg\" alt=\"An aerial view of the Singapore skyline.\" loading=\"lazy\"\/><\/p>\n<p>\n\t\t\t\t\tCalvin Chan Wai Meng\/Getty Images\n\t\t\t<\/p>\n<p>\t\t\t\t\t\t\t\t16. Singapur<\/p>\n<p>\tExterner Inhalt nicht verf\u00fcgbar<\/p>\n<p class=\"tw-text-sm tw-text-granite tw-mb-4 tw-font-lab-grotesque\">Um eingebettete Inhalte anzuzeigen, ist deine jederzeit widerrufliche Einwilligung (\u00fcber den Schalter oder \u00fcber  \u201eWiderruf Tracking und Cookies\u201c am Seitenende) zur Verarbeitung personenbezogener Daten n\u00f6tig. Dabei k\u00f6nnen Daten in Drittl\u00e4nder wie die USA \u00fcbermittelt werden (Art. 49 Abs. 1 lit. a DSGVO). Mit dem Umschalten auf \u201ean\u201c stimmst du zu. Weitere Infos findest du in unserer Datenschutzerkl\u00e4rung.<\/p>\n<p>\tAn<\/p>\n<p>\t\t<img decoding=\"async\" src=\"https:\/\/www.europesays.com\/de\/wp-content\/uploads\/2026\/06\/1782421269_505_6a04a67895396a3b6e417fdf.jpg\" alt=\"A seaside village in Iceland.\" loading=\"lazy\"\/><\/p>\n<p>\n\t\t\t\t\tFlottmynd\/Getty Images\n\t\t\t<\/p>\n<p>\t\t\t\t\t\t\t\t15. Island<\/p>\n<p>\tExterner Inhalt nicht verf\u00fcgbar<\/p>\n<p class=\"tw-text-sm tw-text-granite tw-mb-4 tw-font-lab-grotesque\">Um eingebettete Inhalte anzuzeigen, ist deine jederzeit widerrufliche Einwilligung (\u00fcber den Schalter oder \u00fcber  \u201eWiderruf Tracking und Cookies\u201c am Seitenende) zur Verarbeitung personenbezogener Daten n\u00f6tig. Dabei k\u00f6nnen Daten in Drittl\u00e4nder wie die USA \u00fcbermittelt werden (Art. 49 Abs. 1 lit. a DSGVO). Mit dem Umschalten auf \u201ean\u201c stimmst du zu. Weitere Infos findest du in unserer Datenschutzerkl\u00e4rung.<\/p>\n<p>\tAn<\/p>\n<p>\t\t<img decoding=\"async\" src=\"https:\/\/www.europesays.com\/de\/wp-content\/uploads\/2026\/05\/6a04a6c07c7e83f26041b4dd-scaled.jpg\" alt=\"Aerial view of the Sydney cityscape.\" loading=\"lazy\"\/><\/p>\n<p>\n\t\t\t\t\tzetter\/Getty Images\n\t\t\t<\/p>\n<p>\t\t\t\t\t\t\t\t14. Australien<\/p>\n<p>\tExterner Inhalt nicht verf\u00fcgbar<\/p>\n<p class=\"tw-text-sm tw-text-granite tw-mb-4 tw-font-lab-grotesque\">Um eingebettete Inhalte anzuzeigen, ist deine jederzeit widerrufliche Einwilligung (\u00fcber den Schalter oder \u00fcber  \u201eWiderruf Tracking und Cookies\u201c am Seitenende) zur Verarbeitung personenbezogener Daten n\u00f6tig. Dabei k\u00f6nnen Daten in Drittl\u00e4nder wie die USA \u00fcbermittelt werden (Art. 49 Abs. 1 lit. a DSGVO). Mit dem Umschalten auf \u201ean\u201c stimmst du zu. Weitere Infos findest du in unserer Datenschutzerkl\u00e4rung.<\/p>\n<p>\tAn<\/p>\n<p>\t\t<img decoding=\"async\" src=\"https:\/\/www.europesays.com\/de\/wp-content\/uploads\/2026\/05\/6a04a70b95396a3b6e417fe0-scaled.jpg\" alt=\"A cathedral in the background with a row of colorful homes in the foreground.\" loading=\"lazy\"\/><\/p>\n<p>\n\t\t\t\t\tby Andrea Pucci\/Getty Images\n\t\t\t<\/p>\n<p>\t\t\t\t\t\t\t\t13. Irland<\/p>\n<p>\tExterner Inhalt nicht verf\u00fcgbar<\/p>\n<p class=\"tw-text-sm tw-text-granite tw-mb-4 tw-font-lab-grotesque\">Um eingebettete Inhalte anzuzeigen, ist deine jederzeit widerrufliche Einwilligung (\u00fcber den Schalter oder \u00fcber  \u201eWiderruf Tracking und Cookies\u201c am Seitenende) zur Verarbeitung personenbezogener Daten n\u00f6tig. Dabei k\u00f6nnen Daten in Drittl\u00e4nder wie die USA \u00fcbermittelt werden (Art. 49 Abs. 1 lit. a DSGVO). Mit dem Umschalten auf \u201ean\u201c stimmst du zu. Weitere Infos findest du in unserer Datenschutzerkl\u00e4rung.<\/p>\n<p>\tAn<\/p>\n<p>\t\t<img decoding=\"async\" src=\"https:\/\/www.europesays.com\/de\/wp-content\/uploads\/2026\/05\/6a04a72e7c7e83f26041b4df-scaled.jpg\" alt=\"French flag with the Eiffel Tower in the background.\" loading=\"lazy\"\/><\/p>\n<p>\n\t\t\t\t\tquerbeet\/Getty Images\n\t\t\t<\/p>\n<p>\t\t\t\t\t\t\t\t12. Frankreich<\/p>\n<p>\tExterner Inhalt nicht verf\u00fcgbar<\/p>\n<p class=\"tw-text-sm tw-text-granite tw-mb-4 tw-font-lab-grotesque\">Um eingebettete Inhalte anzuzeigen, ist deine jederzeit widerrufliche Einwilligung (\u00fcber den Schalter oder \u00fcber  \u201eWiderruf Tracking und Cookies\u201c am Seitenende) zur Verarbeitung personenbezogener Daten n\u00f6tig. Dabei k\u00f6nnen Daten in Drittl\u00e4nder wie die USA \u00fcbermittelt werden (Art. 49 Abs. 1 lit. a DSGVO). Mit dem Umschalten auf \u201ean\u201c stimmst du zu. Weitere Infos findest du in unserer Datenschutzerkl\u00e4rung.<\/p>\n<p>\tAn<\/p>\n<p>\t\t<img decoding=\"async\" src=\"https:\/\/www.europesays.com\/de\/wp-content\/uploads\/2026\/05\/6a04a75595396a3b6e417fe4-scaled.jpg\" alt=\"Graslei quay on the right bank of the Leie river in the historic city center of Ghent, Belgium.\" loading=\"lazy\"\/><\/p>\n<p>\n\t\t\t\t\talxpin\/Getty Images\n\t\t\t<\/p>\n<p>\t\t\t\t\t\t\t\t11. Belgien<\/p>\n<p>\tExterner Inhalt nicht verf\u00fcgbar<\/p>\n<p class=\"tw-text-sm tw-text-granite tw-mb-4 tw-font-lab-grotesque\">Um eingebettete Inhalte anzuzeigen, ist deine jederzeit widerrufliche Einwilligung (\u00fcber den Schalter oder \u00fcber  \u201eWiderruf Tracking und Cookies\u201c am Seitenende) zur Verarbeitung personenbezogener Daten n\u00f6tig. Dabei k\u00f6nnen Daten in Drittl\u00e4nder wie die USA \u00fcbermittelt werden (Art. 49 Abs. 1 lit. a DSGVO). Mit dem Umschalten auf \u201ean\u201c stimmst du zu. Weitere Infos findest du in unserer Datenschutzerkl\u00e4rung.<\/p>\n<p>\tAn<\/p>\n<p>\t\t<img decoding=\"async\" src=\"https:\/\/www.europesays.com\/de\/wp-content\/uploads\/2026\/05\/6a0352c058810e27922acbd3-scaled.jpg\" alt=\"A view of Hallstatter Lake in Austria with surrounding homes.\" loading=\"lazy\"\/><\/p>\n<p>\n\t\t\t\t\tAnton Petrus\/Getty Images\n\t\t\t<\/p>\n<p>\t\t\t\t\t\t\t\t10. \u00d6sterreich<\/p>\n<p>\tExterner Inhalt nicht verf\u00fcgbar<\/p>\n<p class=\"tw-text-sm tw-text-granite tw-mb-4 tw-font-lab-grotesque\">Um eingebettete Inhalte anzuzeigen, ist deine jederzeit widerrufliche Einwilligung (\u00fcber den Schalter oder \u00fcber  \u201eWiderruf Tracking und Cookies\u201c am Seitenende) zur Verarbeitung personenbezogener Daten n\u00f6tig. Dabei k\u00f6nnen Daten in Drittl\u00e4nder wie die USA \u00fcbermittelt werden (Art. 49 Abs. 1 lit. a DSGVO). Mit dem Umschalten auf \u201ean\u201c stimmst du zu. Weitere Infos findest du in unserer Datenschutzerkl\u00e4rung.<\/p>\n<p>\tAn<\/p>\n<p>\t\t<img decoding=\"async\" src=\"https:\/\/www.europesays.com\/de\/wp-content\/uploads\/2026\/05\/6a0353227c7e83f26041acb4-scaled.jpg\" alt=\"An overview of Luxembourg at sunset.\" loading=\"lazy\"\/><\/p>\n<p>\n\t\t\t\t\tquerbeet\/Getty Images\n\t\t\t<\/p>\n<p>\t\t\t\t\t\t\t\t9. Luxemburg<\/p>\n<p>\tExterner Inhalt nicht verf\u00fcgbar<\/p>\n<p class=\"tw-text-sm tw-text-granite tw-mb-4 tw-font-lab-grotesque\">Um eingebettete Inhalte anzuzeigen, ist deine jederzeit widerrufliche Einwilligung (\u00fcber den Schalter oder \u00fcber  \u201eWiderruf Tracking und Cookies\u201c am Seitenende) zur Verarbeitung personenbezogener Daten n\u00f6tig. Dabei k\u00f6nnen Daten in Drittl\u00e4nder wie die USA \u00fcbermittelt werden (Art. 49 Abs. 1 lit. a DSGVO). Mit dem Umschalten auf \u201ean\u201c stimmst du zu. Weitere Infos findest du in unserer Datenschutzerkl\u00e4rung.<\/p>\n<p>\tAn<\/p>\n<p>\t\t<img decoding=\"async\" src=\"https:\/\/www.europesays.com\/de\/wp-content\/uploads\/2026\/05\/6a03539495396a3b6e417759-scaled.jpg\" alt=\"An overview of Helsinki.\" loading=\"lazy\"\/><\/p>\n<p>\n\t\t\t\t\tShaoChen Yang\/Getty Images\n\t\t\t<\/p>\n<p>\t\t\t\t\t\t\t\t8. Finnland<\/p>\n<p>\tExterner Inhalt nicht verf\u00fcgbar<\/p>\n<p class=\"tw-text-sm tw-text-granite tw-mb-4 tw-font-lab-grotesque\">Um eingebettete Inhalte anzuzeigen, ist deine jederzeit widerrufliche Einwilligung (\u00fcber den Schalter oder \u00fcber  \u201eWiderruf Tracking und Cookies\u201c am Seitenende) zur Verarbeitung personenbezogener Daten n\u00f6tig. Dabei k\u00f6nnen Daten in Drittl\u00e4nder wie die USA \u00fcbermittelt werden (Art. 49 Abs. 1 lit. a DSGVO). Mit dem Umschalten auf \u201ean\u201c stimmst du zu. Weitere Infos findest du in unserer Datenschutzerkl\u00e4rung.<\/p>\n<p>\tAn<\/p>\n<p>\t\t<img decoding=\"async\" src=\"https:\/\/www.europesays.com\/de\/wp-content\/uploads\/2026\/06\/1782421302_290_6a03548895396a3b6e417765.jpg\" alt=\"A skyline view of London.\" loading=\"lazy\"\/><\/p>\n<p>\n\t\t\t\t\tKarl Hendon\/Getty Images\n\t\t\t<\/p>\n<p>\t\t\t\t\t\t\t\t7. Vereinigtes K\u00f6nigreich<\/p>\n<p>\tExterner Inhalt nicht verf\u00fcgbar<\/p>\n<p class=\"tw-text-sm tw-text-granite tw-mb-4 tw-font-lab-grotesque\">Um eingebettete Inhalte anzuzeigen, ist deine jederzeit widerrufliche Einwilligung (\u00fcber den Schalter oder \u00fcber  \u201eWiderruf Tracking und Cookies\u201c am Seitenende) zur Verarbeitung personenbezogener Daten n\u00f6tig. Dabei k\u00f6nnen Daten in Drittl\u00e4nder wie die USA \u00fcbermittelt werden (Art. 49 Abs. 1 lit. a DSGVO). Mit dem Umschalten auf \u201ean\u201c stimmst du zu. Weitere Infos findest du in unserer Datenschutzerkl\u00e4rung.<\/p>\n<p>\tAn<\/p>\n<p>\t\t<img decoding=\"async\" src=\"https:\/\/www.europesays.com\/de\/wp-content\/uploads\/2026\/06\/1782421310_922_6a0354f858810e27922acbea.jpg\" alt=\"An overview of Norway.\" loading=\"lazy\"\/><\/p>\n<p>\n\t\t\t\t\tSergio Formoso\/Getty Images\n\t\t\t<\/p>\n<p>\t\t\t\t\t\t\t\t6. Norwegen<\/p>\n<p>\tExterner Inhalt nicht verf\u00fcgbar<\/p>\n<p class=\"tw-text-sm tw-text-granite tw-mb-4 tw-font-lab-grotesque\">Um eingebettete Inhalte anzuzeigen, ist deine jederzeit widerrufliche Einwilligung (\u00fcber den Schalter oder \u00fcber  \u201eWiderruf Tracking und Cookies\u201c am Seitenende) zur Verarbeitung personenbezogener Daten n\u00f6tig. Dabei k\u00f6nnen Daten in Drittl\u00e4nder wie die USA \u00fcbermittelt werden (Art. 49 Abs. 1 lit. a DSGVO). Mit dem Umschalten auf \u201ean\u201c stimmst du zu. Weitere Infos findest du in unserer Datenschutzerkl\u00e4rung.<\/p>\n<p>\tAn<\/p>\n<p>\t\t<img decoding=\"async\" src=\"https:\/\/www.europesays.com\/de\/wp-content\/uploads\/2026\/05\/6a03554f58810e27922acbec-scaled.jpg\" alt=\"A channel in Amsterdam with colorful boats and homes.\" loading=\"lazy\"\/><\/p>\n<p>\n\t\t\t\t\tYasonya\/Getty Images\n\t\t\t<\/p>\n<p>\t\t\t\t\t\t\t\t5. Niederlande<\/p>\n<p>\tExterner Inhalt nicht verf\u00fcgbar<\/p>\n<p class=\"tw-text-sm tw-text-granite tw-mb-4 tw-font-lab-grotesque\">Um eingebettete Inhalte anzuzeigen, ist deine jederzeit widerrufliche Einwilligung (\u00fcber den Schalter oder \u00fcber  \u201eWiderruf Tracking und Cookies\u201c am Seitenende) zur Verarbeitung personenbezogener Daten n\u00f6tig. Dabei k\u00f6nnen Daten in Drittl\u00e4nder wie die USA \u00fcbermittelt werden (Art. 49 Abs. 1 lit. a DSGVO). Mit dem Umschalten auf \u201ean\u201c stimmst du zu. Weitere Infos findest du in unserer Datenschutzerkl\u00e4rung.<\/p>\n<p>\tAn<\/p>\n<p>\t\t<img decoding=\"async\" src=\"https:\/\/www.europesays.com\/de\/wp-content\/uploads\/2026\/05\/6a03560395396a3b6e41777a-scaled.jpg\" alt=\"An overview of Frankfurt am Main\" loading=\"lazy\"\/><\/p>\n<p>\n\t\t\t\t\tHaussmann Visuals\/Getty Images\n\t\t\t<\/p>\n<p>\t\t\t\t\t\t\t\t4. Deutschland<\/p>\n<p>\tExterner Inhalt nicht verf\u00fcgbar<\/p>\n<p class=\"tw-text-sm tw-text-granite tw-mb-4 tw-font-lab-grotesque\">Um eingebettete Inhalte anzuzeigen, ist deine jederzeit widerrufliche Einwilligung (\u00fcber den Schalter oder \u00fcber  \u201eWiderruf Tracking und Cookies\u201c am Seitenende) zur Verarbeitung personenbezogener Daten n\u00f6tig. Dabei k\u00f6nnen Daten in Drittl\u00e4nder wie die USA \u00fcbermittelt werden (Art. 49 Abs. 1 lit. a DSGVO). Mit dem Umschalten auf \u201ean\u201c stimmst du zu. Weitere Infos findest du in unserer Datenschutzerkl\u00e4rung.<\/p>\n<p>\tAn<\/p>\n<p>\t\t<img decoding=\"async\" src=\"https:\/\/www.europesays.com\/de\/wp-content\/uploads\/2026\/05\/6a03567b58810e27922acbf6-scaled.jpg\" alt=\"A view of the river in Stockholm: a boat with the Swedish flag.\" loading=\"lazy\"\/><\/p>\n<p>\n\t\t\t\t\tf11photo\/Getty Images\/iStockphoto\n\t\t\t<\/p>\n<p>\t\t\t\t\t\t\t\t3. Schweden<\/p>\n<p>\tExterner Inhalt nicht verf\u00fcgbar<\/p>\n<p class=\"tw-text-sm tw-text-granite tw-mb-4 tw-font-lab-grotesque\">Um eingebettete Inhalte anzuzeigen, ist deine jederzeit widerrufliche Einwilligung (\u00fcber den Schalter oder \u00fcber  \u201eWiderruf Tracking und Cookies\u201c am Seitenende) zur Verarbeitung personenbezogener Daten n\u00f6tig. Dabei k\u00f6nnen Daten in Drittl\u00e4nder wie die USA \u00fcbermittelt werden (Art. 49 Abs. 1 lit. a DSGVO). Mit dem Umschalten auf \u201ean\u201c stimmst du zu. Weitere Infos findest du in unserer Datenschutzerkl\u00e4rung.<\/p>\n<p>\tAn<\/p>\n<p>\t\t<img decoding=\"async\" src=\"https:\/\/www.europesays.com\/de\/wp-content\/uploads\/2026\/05\/69d7ca44f976785dcb18fd67-scaled.jpg\" alt=\"An aerial view of Copenhagen.\" loading=\"lazy\"\/><\/p>\n<p>\n\t\t\t\t\tSW Photography\/Getty Images\n\t\t\t<\/p>\n<p>\t\t\t\t\t\t\t\t2. D\u00e4nemark<\/p>\n<p>\tExterner Inhalt nicht verf\u00fcgbar<\/p>\n<p class=\"tw-text-sm tw-text-granite tw-mb-4 tw-font-lab-grotesque\">Um eingebettete Inhalte anzuzeigen, ist deine jederzeit widerrufliche Einwilligung (\u00fcber den Schalter oder \u00fcber  \u201eWiderruf Tracking und Cookies\u201c am Seitenende) zur Verarbeitung personenbezogener Daten n\u00f6tig. Dabei k\u00f6nnen Daten in Drittl\u00e4nder wie die USA \u00fcbermittelt werden (Art. 49 Abs. 1 lit. a DSGVO). Mit dem Umschalten auf \u201ean\u201c stimmst du zu. Weitere Infos findest du in unserer Datenschutzerkl\u00e4rung.<\/p>\n<p>\tAn<\/p>\n<p>\t\t<img decoding=\"async\" src=\"https:\/\/www.europesays.com\/de\/wp-content\/uploads\/2026\/05\/6a0357c058810e27922acc07-scaled.jpg\" alt=\"An overview of Lucerne in Switzerland\" loading=\"lazy\"\/><\/p>\n<p>\n\t\t\t\t\tquerbeet\/Getty Images\n\t\t\t<\/p>\n<p>\t\t\t\t\t\t\t\t1. Schweiz<\/p>\n<p>\tExterner Inhalt nicht verf\u00fcgbar<\/p>\n<p class=\"tw-text-sm tw-text-granite tw-mb-4 tw-font-lab-grotesque\">Um eingebettete Inhalte anzuzeigen, ist deine jederzeit widerrufliche Einwilligung (\u00fcber den Schalter oder \u00fcber  \u201eWiderruf Tracking und Cookies\u201c am Seitenende) zur Verarbeitung personenbezogener Daten n\u00f6tig. Dabei k\u00f6nnen Daten in Drittl\u00e4nder wie die USA \u00fcbermittelt werden (Art. 49 Abs. 1 lit. a DSGVO). Mit dem Umschalten auf \u201ean\u201c stimmst du zu. Weitere Infos findest du in unserer Datenschutzerkl\u00e4rung.<\/p>\n<p>\tAn<\/p>\n<p>Lest auch<\/p>\n<p>\t\t\t\t\t\t\t\t\t<img loading=\"lazy\" decoding=\"async\" width=\"200\" height=\"200\" src=\"https:\/\/www.europesays.com\/de\/wp-content\/uploads\/2025\/04\/67e6f00063d72727e1989654-200x200.jpg\" class=\"attachment-thumbnail-square size-thumbnail-square\" alt=\"\"  \/><\/p>\n<p>\t\t\t\t\t\t\t\t<a href=\"https:\/\/www.businessinsider.de\/leben\/26-laender-bereist-dieser-urlaub-gehimtipp-gewinnt-ganz-klar\/\" class=\"wp-block-inline-teaser__link tw-font-black \" rel=\"nofollow noopener\" target=\"_blank\"><br \/>\n\t\t\t\t\tIch habe schon 26 L\u00e4nder bereist \u2013 dieses Urlaubsland \u00fcbertrifft sogar Italien und Griechenland<br \/>\n\t\t\t\t<\/a><\/p>\n","protected":false},"excerpt":{"rendered":"Innenstadt von Genf, Schweiz. pawel.gaul\/Getty Images Die Schweiz verteidigt im neuen L\u00e4nder-Ranking des US News &amp; World Report&hellip;\n","protected":false},"author":2,"featured_media":1040229,"comment_status":"","ping_status":"","sticky":false,"template":"","format":"standard","meta":{"footnotes":"","_share_on_mastodon":"0"},"categories":[3977],"tags":[331,332,29,4723,141,13,20429,14,15,12,4017,4018,4016,64,4019,4020],"class_list":["post-1121642","post","type-post","status-publish","format-standard","has-post-thumbnail","category-usa","tag-aktuelle-nachrichten","tag-aktuelle-news","tag-deutschland","tag-forscher","tag-gesundheit","tag-headlines","tag-laender","tag-nachrichten","tag-news","tag-schlagzeilen","tag-united-states","tag-united-states-of-america","tag-us","tag-usa","tag-vereinigte-staaten","tag-vereinigte-staaten-von-amerika"],"share_on_mastodon":{"url":"https:\/\/pubeurope.com\/@de\/116812775364551117","error":""},"_links":{"self":[{"href":"https:\/\/www.europesays.com\/de\/wp-json\/wp\/v2\/posts\/1121642","targetHints":{"allow":["GET"]}}],"collection":[{"href":"https:\/\/www.europesays.com\/de\/wp-json\/wp\/v2\/posts"}],"about":[{"href":"https:\/\/www.europesays.com\/de\/wp-json\/wp\/v2\/types\/post"}],"author":[{"embeddable":true,"href":"https:\/\/www.europesays.com\/de\/wp-json\/wp\/v2\/users\/2"}],"replies":[{"embeddable":true,"href":"https:\/\/www.europesays.com\/de\/wp-json\/wp\/v2\/comments?post=1121642"}],"version-history":[{"count":0,"href":"https:\/\/www.europesays.com\/de\/wp-json\/wp\/v2\/posts\/1121642\/revisions"}],"wp:featuredmedia":[{"embeddable":true,"href":"https:\/\/www.europesays.com\/de\/wp-json\/wp\/v2\/media\/1040229"}],"wp:attachment":[{"href":"https:\/\/www.europesays.com\/de\/wp-json\/wp\/v2\/media?parent=1121642"}],"wp:term":[{"taxonomy":"category","embeddable":true,"href":"https:\/\/www.europesays.com\/de\/wp-json\/wp\/v2\/categories?post=1121642"},{"taxonomy":"post_tag","embeddable":true,"href":"https:\/\/www.europesays.com\/de\/wp-json\/wp\/v2\/tags?post=1121642"}],"curies":[{"name":"wp","href":"https:\/\/api.w.org\/{rel}","templated":true}]}}