{"id":1121690,"date":"2026-06-25T21:31:14","date_gmt":"2026-06-25T21:31:14","guid":{"rendered":"https:\/\/www.europesays.com\/de\/1121690\/"},"modified":"2026-06-25T21:31:14","modified_gmt":"2026-06-25T21:31:14","slug":"abschiedsinterview-mit-wilfried-schulz","status":"publish","type":"post","link":"https:\/\/www.europesays.com\/de\/1121690\/","title":{"rendered":"Abschiedsinterview mit Wilfried Schulz"},"content":{"rendered":"<p class=\" richtext text-em-55 !leading-serif mx-6 desktop:mx-0\">Schulz: Zahllose. Was soll man hervorheben aus 275 Inszenierungen in zehn Jahren? Andr\u00e9 Kaczmarczyk als gro\u00dfartigen Schauspieler in vielen Rollen, der in dieser Zeit auch zu einem wunderbaren Regisseur wurde, Roger Vontobels \u201eGilgamesch\u201c im Zelt auf der K\u00f6, sein geliebter \u201eHamlet\u201c mit Christian Friedel und dessen Band, die Shakespeare Trilogie von Evgeny Titov, gesellschaftspolitisch und \u00e4sthetisch starke Inszenierungen von Bernadette Sonnenbichler, Luise Voigt, Laura Linnenbaum und Christina Tscharyiski, die Wucht und die W\u00fcrde Robert Wilsons, die \u201eGro\u00dfbaustelle\u201c von Rimini Protokoll, Texte von Elfriede Jelinek, Rainald Goetz, Lutz H\u00fcbner und Sarah Nemitz, Wolfgang Herrndorf, die Perspektiven von Lara Foot aus S\u00fcdafrika und Toshiki Okada aus Japan, den russische Regisseur Kyrill Serebrennikov und den ukrainischen Regisseur Stas Zhyrkov, beide jetzt in Deutschland zuhause, die hier in D\u00fcsseldorf nebeneinander arbeiteten und von ihren Welten erz\u00e4hlten, das Gro\u00dffestival \u201eTheater der Welt\u201c zu Gast bei uns, die Riesenbedeutung und Erfindungskraft, die Junges Schauspiel und Stadt:Kollektiv auszeichneten, das \u201eTheater to go\u201c in ganz D\u00fcsseldorf, unsere Open-Air-Produktionen und, und, und\u2026 Jeder soll seine eigene Wahl treffen und \u201eSeins\u201c im Kopf und im Herzen behalten.<\/p>\n","protected":false},"excerpt":{"rendered":"Schulz: Zahllose. Was soll man hervorheben aus 275 Inszenierungen in zehn Jahren? Andr\u00e9 Kaczmarczyk als gro\u00dfartigen Schauspieler in&hellip;\n","protected":false},"author":2,"featured_media":1121691,"comment_status":"","ping_status":"","sticky":false,"template":"","format":"standard","meta":{"footnotes":"","_share_on_mastodon":"0"},"categories":[1831],"tags":[3364,29,31204,31202,3405,29137,30,5213,8755,2134,31201,1209,4739,6903,5711,236753,236756,5725,94,236754,60236,236755,31199,31200,18432],"class_list":["post-1121690","post","type-post","status-publish","format-standard","has-post-thumbnail","category-duesseldorf","tag-de","tag-deutschland","tag-dhaus","tag-dick","tag-duesseldorf","tag-ensemble","tag-germany","tag-haus","tag-intendant","tag-interview","tag-moby","tag-nordrhein-westfalen","tag-robert","tag-schauspiel","tag-schauspielhaus","tag-schauspielhaeuser","tag-schauspiels","tag-spiel","tag-theater","tag-theaterintendant","tag-theatermacher","tag-theatermann","tag-wilfried-schulz","tag-wilson","tag-zuhause"],"share_on_mastodon":{"url":"https:\/\/pubeurope.com\/@de\/116812885945886912","error":""},"_links":{"self":[{"href":"https:\/\/www.europesays.com\/de\/wp-json\/wp\/v2\/posts\/1121690","targetHints":{"allow":["GET"]}}],"collection":[{"href":"https:\/\/www.europesays.com\/de\/wp-json\/wp\/v2\/posts"}],"about":[{"href":"https:\/\/www.europesays.com\/de\/wp-json\/wp\/v2\/types\/post"}],"author":[{"embeddable":true,"href":"https:\/\/www.europesays.com\/de\/wp-json\/wp\/v2\/users\/2"}],"replies":[{"embeddable":true,"href":"https:\/\/www.europesays.com\/de\/wp-json\/wp\/v2\/comments?post=1121690"}],"version-history":[{"count":0,"href":"https:\/\/www.europesays.com\/de\/wp-json\/wp\/v2\/posts\/1121690\/revisions"}],"wp:featuredmedia":[{"embeddable":true,"href":"https:\/\/www.europesays.com\/de\/wp-json\/wp\/v2\/media\/1121691"}],"wp:attachment":[{"href":"https:\/\/www.europesays.com\/de\/wp-json\/wp\/v2\/media?parent=1121690"}],"wp:term":[{"taxonomy":"category","embeddable":true,"href":"https:\/\/www.europesays.com\/de\/wp-json\/wp\/v2\/categories?post=1121690"},{"taxonomy":"post_tag","embeddable":true,"href":"https:\/\/www.europesays.com\/de\/wp-json\/wp\/v2\/tags?post=1121690"}],"curies":[{"name":"wp","href":"https:\/\/api.w.org\/{rel}","templated":true}]}}