{"id":1121692,"date":"2026-06-25T21:32:22","date_gmt":"2026-06-25T21:32:22","guid":{"rendered":"https:\/\/www.europesays.com\/de\/1121692\/"},"modified":"2026-06-25T21:32:22","modified_gmt":"2026-06-25T21:32:22","slug":"duesseldorf-interview-mit-roncalli-gruender-bernhard-paul","status":"publish","type":"post","link":"https:\/\/www.europesays.com\/de\/1121692\/","title":{"rendered":"D\u00fcsseldorf: Interview mit Roncalli-Gr\u00fcnder Bernhard Paul"},"content":{"rendered":"<p class=\"text_ohne_einzug richtext text-em-55 !leading-serif mx-6 desktop:mx-0\">Bernhard Paul hat die Welt des <a href=\"https:\/\/rp-online.de\/thema\/zirkus\/\" rel=\"nofollow noopener\" target=\"_blank\">Zirkus<\/a> in den vergangenen 50 Jahren stark gepr\u00e4gt. Mehrere Wochen lang konnten die Besucher im Rheinpark in die Nostalgiewelt eintauchen, die auf der gesamten Tournee nur in D\u00fcsseldorf aufgebaut wurde. Wenige Tage, bevor die Spielzeit in D\u00fcsseldorf endet, nimmt sich der Roncalli-Gr\u00fcnder Zeit, in Erinnerungen zu schwelgen.<\/p>\n","protected":false},"excerpt":{"rendered":"Bernhard Paul hat die Welt des Zirkus in den vergangenen 50 Jahren stark gepr\u00e4gt. Mehrere Wochen lang konnten&hellip;\n","protected":false},"author":2,"featured_media":1121693,"comment_status":"","ping_status":"","sticky":false,"template":"","format":"standard","meta":{"footnotes":"","_share_on_mastodon":"0"},"categories":[1831],"tags":[44058,18778,3364,29,3405,30,153032,236757,4189,17881,36119,1209,1889],"class_list":["post-1121692","post","type-post","status-publish","format-standard","has-post-thumbnail","category-duesseldorf","tag-bernhard-paul","tag-besonderes","tag-de","tag-deutschland","tag-duesseldorf","tag-germany","tag-gleichen","tag-intellektuelle","tag-kleinkind","tag-lachen","tag-moment","tag-nordrhein-westfalen","tag-zukunft"],"share_on_mastodon":{"url":"https:\/\/pubeurope.com\/@de\/116812889954347810","error":""},"_links":{"self":[{"href":"https:\/\/www.europesays.com\/de\/wp-json\/wp\/v2\/posts\/1121692","targetHints":{"allow":["GET"]}}],"collection":[{"href":"https:\/\/www.europesays.com\/de\/wp-json\/wp\/v2\/posts"}],"about":[{"href":"https:\/\/www.europesays.com\/de\/wp-json\/wp\/v2\/types\/post"}],"author":[{"embeddable":true,"href":"https:\/\/www.europesays.com\/de\/wp-json\/wp\/v2\/users\/2"}],"replies":[{"embeddable":true,"href":"https:\/\/www.europesays.com\/de\/wp-json\/wp\/v2\/comments?post=1121692"}],"version-history":[{"count":0,"href":"https:\/\/www.europesays.com\/de\/wp-json\/wp\/v2\/posts\/1121692\/revisions"}],"wp:featuredmedia":[{"embeddable":true,"href":"https:\/\/www.europesays.com\/de\/wp-json\/wp\/v2\/media\/1121693"}],"wp:attachment":[{"href":"https:\/\/www.europesays.com\/de\/wp-json\/wp\/v2\/media?parent=1121692"}],"wp:term":[{"taxonomy":"category","embeddable":true,"href":"https:\/\/www.europesays.com\/de\/wp-json\/wp\/v2\/categories?post=1121692"},{"taxonomy":"post_tag","embeddable":true,"href":"https:\/\/www.europesays.com\/de\/wp-json\/wp\/v2\/tags?post=1121692"}],"curies":[{"name":"wp","href":"https:\/\/api.w.org\/{rel}","templated":true}]}}