{"id":1121777,"date":"2026-06-25T22:21:00","date_gmt":"2026-06-25T22:21:00","guid":{"rendered":"https:\/\/www.europesays.com\/de\/1121777\/"},"modified":"2026-06-25T22:21:00","modified_gmt":"2026-06-25T22:21:00","slug":"vermisster-der-dringend-gesuchte-siebenjaehrige-schueler-aus-bielefeld-ist-wieder-da","status":"publish","type":"post","link":"https:\/\/www.europesays.com\/de\/1121777\/","title":{"rendered":"Vermisster: Der dringend gesuchte siebenj\u00e4hrige Sch\u00fcler aus Bielefeld ist wieder da"},"content":{"rendered":"<p id=\"absatz1\" class=\"em_text\">Bielefeld. Die Polizei Bielefeld bat seit Donnerstagnachmittag, 25. Juni, die Bev\u00f6lkerung dringend um Mithilfe. Vermisst wurde ein siebenj\u00e4hriger Junge, der sich am Hauptbahnhof mit seinen Br\u00fcdern treffen sollte. Doch dort war der Grundsch\u00fcler nicht aufgetaucht.<\/p>\n<p id=\"absatz2\" class=\"em_text\">Wie die Polizei Bielefeld mitteilt, besuchte der Siebenj\u00e4hrige am Donnerstag bis 12 Uhr seine Schule, die B\u00fcltmannhofschule an der Kurt-Schumacher-Stra\u00dfe 45 (H\u00f6he Polizeipr\u00e4sidium). Anschlie\u00dfend sollte er eigentlich von der Schule zum Hauptbahnhof fahren, um sich dort mit seinen Br\u00fcdern zu treffen. Von dort sollte er gemeinsam mit den Br\u00fcdern im Bus nach Hause zu fahren. Doch am Bahnhof warteten seine Br\u00fcder vergebens.<\/p>\n<p id=\"absatz3\" class=\"em_text\">Weil erste Suchma\u00dfnahme der Polizei ohne Erfolg blieben, ver\u00f6ffentlichte die Polizei Fahndungsfotos des Jungen. Um 17.50 Uhr \u2013 nur eine Stunde nach Ver\u00f6ffentlichung der \u00d6ffentlichkeitsfahndung \u2013 kam dann die erl\u00f6sende Nachricht: Der Junge ist wieder da und ihm geht es gut\u201c, sagte eine Polizeibeamtin der Leitstelle. Er sei schlicht in den falschen Bus eingestiegen und deshalb nicht am Bahnhof angekommen.<\/p>\n","protected":false},"excerpt":{"rendered":"Bielefeld. Die Polizei Bielefeld bat seit Donnerstagnachmittag, 25. Juni, die Bev\u00f6lkerung dringend um Mithilfe. Vermisst wurde ein siebenj\u00e4hriger&hellip;\n","protected":false},"author":2,"featured_media":1121048,"comment_status":"","ping_status":"","sticky":false,"template":"","format":"standard","meta":{"footnotes":"","_share_on_mastodon":"0"},"categories":[1841],"tags":[2037,1605,102404,3364,29,30,3601,100560,16392,16463,1611,729,1608,198079,736,164252,26866,16384,1613,1209,121],"class_list":["post-1121777","post","type-post","status-publish","format-standard","has-post-thumbnail","category-bielefeld","tag-bahnhof","tag-bielefeld","tag-cnt_top-artikel","tag-de","tag-deutschland","tag-germany","tag-hauptbahnhof","tag-kurt-schumacher-strasse","tag-label_blaulicht","tag-label_dringend","tag-label_informiere-mich","tag-label_s-50","tag-label_top-news","tag-meta_artikelklasse_seo","tag-meta_copyrights_nw","tag-meta_eo_zusammenfassung","tag-meta_no_paywall","tag-meta_themen_blaulicht_sicherheit","tag-meta_userneeds_informieremich","tag-nordrhein-westfalen","tag-polizei"],"share_on_mastodon":{"url":"https:\/\/pubeurope.com\/@de\/116813082638882089","error":""},"_links":{"self":[{"href":"https:\/\/www.europesays.com\/de\/wp-json\/wp\/v2\/posts\/1121777","targetHints":{"allow":["GET"]}}],"collection":[{"href":"https:\/\/www.europesays.com\/de\/wp-json\/wp\/v2\/posts"}],"about":[{"href":"https:\/\/www.europesays.com\/de\/wp-json\/wp\/v2\/types\/post"}],"author":[{"embeddable":true,"href":"https:\/\/www.europesays.com\/de\/wp-json\/wp\/v2\/users\/2"}],"replies":[{"embeddable":true,"href":"https:\/\/www.europesays.com\/de\/wp-json\/wp\/v2\/comments?post=1121777"}],"version-history":[{"count":0,"href":"https:\/\/www.europesays.com\/de\/wp-json\/wp\/v2\/posts\/1121777\/revisions"}],"wp:featuredmedia":[{"embeddable":true,"href":"https:\/\/www.europesays.com\/de\/wp-json\/wp\/v2\/media\/1121048"}],"wp:attachment":[{"href":"https:\/\/www.europesays.com\/de\/wp-json\/wp\/v2\/media?parent=1121777"}],"wp:term":[{"taxonomy":"category","embeddable":true,"href":"https:\/\/www.europesays.com\/de\/wp-json\/wp\/v2\/categories?post=1121777"},{"taxonomy":"post_tag","embeddable":true,"href":"https:\/\/www.europesays.com\/de\/wp-json\/wp\/v2\/tags?post=1121777"}],"curies":[{"name":"wp","href":"https:\/\/api.w.org\/{rel}","templated":true}]}}