{"id":1121894,"date":"2026-06-25T23:30:32","date_gmt":"2026-06-25T23:30:32","guid":{"rendered":"https:\/\/www.europesays.com\/de\/1121894\/"},"modified":"2026-06-25T23:30:32","modified_gmt":"2026-06-25T23:30:32","slug":"fussball-heute-live-ergebnisse-tabellen","status":"publish","type":"post","link":"https:\/\/www.europesays.com\/de\/1121894\/","title":{"rendered":"Fu\u00dfball heute Live Ergebnisse &#038; Tabellen"},"content":{"rendered":"<p class=\"toc_title\">Inhaltsverzeichnis &#8211; das findest du hier<\/p>\n<p><a href=\"https:\/\/www.fussballnationalmannschaft.net\/fussball-wm-2026\/wm-2026-spielplan-chronologisch-nach-wm-spieltagen\" rel=\"nofollow noopener\" target=\"_blank\">Der dritte und letzte Spieltag der WM-2026-Gruppenphase<\/a> biegt auf die Zielgerade ein: Heute am Donnerstag, den 25. Juni 2026, fallen in gleich drei Gruppen die Entscheidungen, hier die <a href=\"https:\/\/www.fussballnationalmannschaft.net\/fussball-heute-wm-spielplan-24-6-8-123255736.html\" rel=\"nofollow noopener\" target=\"_blank\">Ergebnisse von gestern.<\/a> Das Besondere am finalen Gruppenspieltag ist, dass die beiden Partien einer Gruppe stets zeitgleich angepfiffen werden und damit parallel laufen. So kann keine Mannschaft aus einem sp\u00e4teren Ansto\u00df einen Vorteil ziehen, und wer weiterkommt, entscheidet sich oft erst im Fernduell mit dem Parallelspiel. <a href=\"https:\/\/www.fussballnationalmannschaft.net\/welche-wm-spiele-zeigt-4-123255910.html\" rel=\"nofollow noopener\" target=\"_blank\">Dabei kommen gleich vier WM-Spiele nur bei MagentaTV<\/a>, lediglich Marokko gegen Haiti sieht man im ZDF, <a href=\"https:\/\/www.fussballnationalmannschaft.net\/fussball-deutschland-ecuador-wann-2-123255410.html\" rel=\"nofollow noopener\" target=\"_blank\">das deutsche Spiel gegen Ecuador ist in der ARD zu sehen.<\/a><\/p>\n<p><a href=\"https:\/\/www.fussballnationalmannschaft.net\/wp-content\/uploads\/2026\/06\/fussball-heute-wm-2026-25-juni-ergebnisse.png\" rel=\"nofollow noopener\" target=\"_blank\"><img fetchpriority=\"high\" decoding=\"async\" class=\"size-large wp-image-257347\" src=\"data:image\/svg+xml,%3Csvg%20xmlns=\" http:=\"\" alt=\"Fu\u00dfball heute am Donnerstag, 25. Juni 2026: alle Ergebnisse der WM 2026. Marokko 4:2 Haiti, Schottland 0:3 Brasilien, S\u00fcdafrika 1:0 S\u00fcdkorea, Tschechien 0:3 Mexiko, Cura\u00e7ao 0:2 Elfenbeink\u00fcste, Ecuador 2:1 Deutschland.\" width=\"670\" height=\"377\" data-lazy- data-lazy- data-lazy-src=\"https:\/\/www.europesays.com\/de\/wp-content\/uploads\/2026\/06\/fussball-heute-wm-2026-25-juni-ergebnisse-670x377.png\"\/><\/a>Die Ergebnisse des 25. Juni 2026 bei der WM 2026 im \u00dcberblick.<\/p>\n<p>Stand: 26. Juni 2026, 00:52 Uhr<\/p>\n<p>In der Nacht machte die Gruppe C den Anfang: Ab 0.00 Uhr MESZ stiegen zeitgleich <a href=\"https:\/\/www.fussballnationalmannschaft.net\/spiel\/marokko-haiti-2026-06-25\" rel=\"nofollow noopener\" target=\"_blank\">Marokko gegen Haiti<\/a> und <a href=\"https:\/\/www.fussballnationalmannschaft.net\/spiel\/schottland-brasilien-2026-06-25\" rel=\"nofollow noopener\" target=\"_blank\">Schottland gegen Brasilien<\/a>, wobei sich Brasilien und Marokko im direkten Fernduell um den Gruppensieg befanden. Um 3.00 Uhr MESZ folgt edie Gruppe A mit <a href=\"https:\/\/www.fussballnationalmannschaft.net\/spiel\/tschechien-mexiko-2026-06-25\" rel=\"nofollow noopener\" target=\"_blank\">Tschechien gegen Mexiko<\/a> und <a href=\"https:\/\/www.fussballnationalmannschaft.net\/spiel\/s%c3%bcdafrika-s%c3%bcdkorea-2026-06-25\" rel=\"nofollow noopener\" target=\"_blank\">S\u00fcdafrika gegen S\u00fcdkorea<\/a>, die ebenfalls parallel ausgetragen wurden. Am Abend r\u00fcckt schlie\u00dflich die Gruppe E mit der deutschen Mannschaft in den Fokus: Ab 22.00 Uhr MESZ greift Deutschland bei <a href=\"https:\/\/www.fussballnationalmannschaft.net\/spiel\/ecuador-deutschland-2026-06-25\" rel=\"nofollow noopener\" target=\"_blank\">Ecuador gegen Deutschland<\/a> ein, zeitgleich spielt <a href=\"https:\/\/www.fussballnationalmannschaft.net\/spiel\/cura%c3%a7ao-elfenbeink%c3%bcste-2026-06-25\" rel=\"nofollow noopener\" target=\"_blank\">Cura\u00e7ao gegen Elfenbeink\u00fcste<\/a> um das zweite Ticket der Gruppe. <a href=\"https:\/\/www.fussballnationalmannschaft.net\/fussball-heute-wm-spielplan-26-6-123256769.html\" rel=\"nofollow noopener\" target=\"_blank\">Morgen am 26.6. geht es weiter mit noch mehr Spielen!<\/a><\/p>\n<p>Alle sechs Spiele, die Ansto\u00dfzeiten, die aktuellen Tabellen und die komplette TV-\u00dcbertragung in ARD, ZDF und bei MagentaTV findest du in dieser \u00dcbersicht.<\/p>\n<p><img loading=\"lazy\" decoding=\"async\" class=\"size-large wp-image-252972\" src=\"data:image\/svg+xml,%3Csvg%20xmlns=\" http:=\"\" alt=\"Bundestrainer Julian Nagelsmann auf der Pressekonferenz der deutschen Nationalmannschaft einen Tag vor dem WM-2026-Gruppenspiel gegen Cura\u00e7ao am 13. Juni 2026 im Houston Stadium. (Molly Darlington \/ Getty Images)\" width=\"670\" height=\"476\" data-lazy- data-lazy- data-lazy-src=\"https:\/\/www.europesays.com\/de\/wp-content\/uploads\/2026\/06\/julian-nagelsmann-dfb-pressekonferenz-curacao-wm-2026-1-670x476.jpg\"\/>Bundestrainer Julian Nagelsmann auf der Pressekonferenz der deutschen Nationalmannschaft einen Tag vor dem WM-2026-Gruppenspiel gegen Cura\u00e7ao am 13. Juni 2026 im Houston Stadium. (Molly Darlington \/ Getty Images)<br \/>\n22:00 Uhr: Ecuador gegen Deutschland (WM 2026 Gruppe E)<\/p>\n<p>F\u00fcr die deutsche Mannschaft geht es im MetLife Stadium von New York um nichts mehr und doch um einiges: Der Gruppensieg in der Gruppe E ist f\u00fcr <a href=\"https:\/\/www.fussballnationalmannschaft.net\/team\/deutschland\" rel=\"nofollow noopener\" target=\"_blank\">Deutschland<\/a> nach dem 7:1 gegen Cura\u00e7ao und dem 2:1 gegen die Elfenbeink\u00fcste (sechs Punkte, 9:2 Tore) bereits gesichert. Trotzdem warnte Nationalspieler Jamie Leweling davor, im letzten Gruppenspiel etwas herzuschenken: Man wolle \u201ekein Spiel mit 90 Prozent angehen, sondern wie jedes andere mit 100, 110 Prozent\u201c. Bundestrainer Julian Nagelsmann d\u00fcrfte rotieren, auch weil die Verletzung von Nico Schlotterbeck schmerzt. Pikant: An diesem Sehnsuchtsort steigt am 19. Juli das WM-Finale, an diesem Donnerstag geht es f\u00fcr die DFB-Elf aber erst einmal um deutlich weniger. \u201eEs wird wohl ein Mix werden\u201c, k\u00fcndigte Nagelsmann mit Blick auf seine Aufstellung an.<\/p>\n<p><a href=\"https:\/\/www.fussballnationalmannschaft.net\/team\/ecuador\" rel=\"nofollow noopener\" target=\"_blank\">Ecuador<\/a> steht mit nur einem Punkt unter Zugzwang und braucht einen Sieg gegen den Gruppensieger, um als m\u00f6glicher Gruppendritter noch auf das Weiterkommen zu hoffen. Die Partie l\u00e4uft parallel zu Cura\u00e7ao gegen Elfenbeink\u00fcste, in dem die zweite K.o.-Karte der Gruppe E vergeben wird. Ecuador muss beim Blick auf die Tabelle also stets auch das Parallelspiel im Auge behalten.<\/p>\n<p>Ansto\u00df ist um 22:00 Uhr MESZ im <a href=\"https:\/\/www.fussballnationalmannschaft.net\/fussballstadion\/metlife-stadium-new-york-wm-2026-stadion\" rel=\"nofollow noopener\" target=\"_blank\">MetLife Stadium New York<\/a> in East Rutherford. Alle Infos zur Begegnung findest du auf der Seite zum <a href=\"https:\/\/www.fussballnationalmannschaft.net\/spiel\/ecuador-deutschland-2026-06-25\" rel=\"nofollow noopener\" target=\"_blank\">WM 2026 Spiel Ecuador gegen Deutschland<\/a>, die Aufstellungen gibt es hier, sobald sie offiziell sind:<\/p>\n<p>WM 2026 Tabelle der Gruppe E<\/p>\n<p>So sieht es aktuell in der Gruppe E aus:<\/p>\n<p>\n\t\t\t\t\t#\n\t\t\t\t<\/p>\n<p>\n\t\t\t\t\tTeam\t\t\t\t<\/p>\n<p>\n\t\t\t\t\t\tB\t\t\t\t\t<\/p>\n<p>\n\t\t\t\t\t\tS\t\t\t\t\t<\/p>\n<p>\n\t\t\t\t\t\tU\t\t\t\t\t<\/p>\n<p>\n\t\t\t\t\t\tN\t\t\t\t\t<\/p>\n<p>\n\t\t\t\t\t\tTore\t\t\t\t\t<\/p>\n<p>\n\t\t\t\t\t\tGT\t\t\t\t\t<\/p>\n<p>\n\t\t\t\t\t\tTD\t\t\t\t\t<\/p>\n<p>\n\t\t\t\t\t\tPkt.\t\t\t\t\t<\/p>\n<p>\n\t\t\t\t\t\t1\t\t\t\t\t\t\t\t\t\t\t<\/p>\n<p>\t\t\t\t\t\t\t\t\t\t\t\t\t<img loading=\"lazy\" decoding=\"async\" width=\"25\" height=\"25\" class=\"anwp-object-contain mr-2 anwp-w-25 anwp-h-25\" src=\"data:image\/svg+xml,%3Csvg%20xmlns=\" http:=\"\" alt=\"Deutschland\" data-lazy-src=\"https:\/\/www.europesays.com\/de\/wp-content\/uploads\/2026\/06\/25.png\"\/><\/p>\n<p>\n\t\t\t\t\t\t\t\t\t\t\t\t\t\t\t2\t\t\t\t\t\t\t\t\t\t\t\t\t<\/p>\n<p>\n\t\t\t\t\t\t\t\t\t\t\t\t\t\t\t0\t\t\t\t\t\t\t\t\t\t\t\t\t<\/p>\n<p>\n\t\t\t\t\t\t\t\t\t\t\t\t\t\t\t1\t\t\t\t\t\t\t\t\t\t\t\t\t<\/p>\n<p>\n\t\t\t\t\t\t\t\t\t\t\t\t\t\t\t10\t\t\t\t\t\t\t\t\t\t\t\t\t<\/p>\n<p>\n\t\t\t\t\t\t\t\t\t\t\t\t\t\t\t4\t\t\t\t\t\t\t\t\t\t\t\t\t<\/p>\n<p>\n\t\t\t\t\t\t\t\t\t\t\t\t\t\t\t6\t\t\t\t\t\t\t\t\t\t\t\t\t<\/p>\n<p>\n\t\t\t\t\t\t\t\t\t\t\t\t\t\t\t6\t\t\t\t\t\t\t\t\t\t\t\t\t<\/p>\n<p>\n\t\t\t\t\t\t2\t\t\t\t\t\t\t\t\t\t\t<\/p>\n<p>\t\t\t\t\t\t\t\t\t\t\t\t\t<img loading=\"lazy\" decoding=\"async\" width=\"25\" height=\"25\" class=\"anwp-object-contain mr-2 anwp-w-25 anwp-h-25\" src=\"data:image\/svg+xml,%3Csvg%20xmlns=\" http:=\"\" alt=\"Elfenbeink\u00fcste\" data-lazy-src=\"https:\/\/www.europesays.com\/de\/wp-content\/uploads\/2026\/06\/1501-1.png\"\/><\/p>\n<p>\n\t\t\t\t\t\t\t\t\t\t\t\t\t\t\t2\t\t\t\t\t\t\t\t\t\t\t\t\t<\/p>\n<p>\n\t\t\t\t\t\t\t\t\t\t\t\t\t\t\t0\t\t\t\t\t\t\t\t\t\t\t\t\t<\/p>\n<p>\n\t\t\t\t\t\t\t\t\t\t\t\t\t\t\t1\t\t\t\t\t\t\t\t\t\t\t\t\t<\/p>\n<p>\n\t\t\t\t\t\t\t\t\t\t\t\t\t\t\t4\t\t\t\t\t\t\t\t\t\t\t\t\t<\/p>\n<p>\n\t\t\t\t\t\t\t\t\t\t\t\t\t\t\t2\t\t\t\t\t\t\t\t\t\t\t\t\t<\/p>\n<p>\n\t\t\t\t\t\t\t\t\t\t\t\t\t\t\t2\t\t\t\t\t\t\t\t\t\t\t\t\t<\/p>\n<p>\n\t\t\t\t\t\t\t\t\t\t\t\t\t\t\t6\t\t\t\t\t\t\t\t\t\t\t\t\t<\/p>\n<p>\n\t\t\t\t\t\t3\t\t\t\t\t\t\t\t\t\t\t<\/p>\n<p>\t\t\t\t\t\t\t\t\t\t\t\t\t<img loading=\"lazy\" decoding=\"async\" width=\"25\" height=\"25\" class=\"anwp-object-contain mr-2 anwp-w-25 anwp-h-25\" src=\"data:image\/svg+xml,%3Csvg%20xmlns=\" http:=\"\" alt=\"Ecuador\" data-lazy-src=\"https:\/\/www.europesays.com\/de\/wp-content\/uploads\/2026\/06\/2382-6.png\"\/><\/p>\n<p>\n\t\t\t\t\t\t\t\t\t\t\t\t\t\t\t1\t\t\t\t\t\t\t\t\t\t\t\t\t<\/p>\n<p>\n\t\t\t\t\t\t\t\t\t\t\t\t\t\t\t1\t\t\t\t\t\t\t\t\t\t\t\t\t<\/p>\n<p>\n\t\t\t\t\t\t\t\t\t\t\t\t\t\t\t1\t\t\t\t\t\t\t\t\t\t\t\t\t<\/p>\n<p>\n\t\t\t\t\t\t\t\t\t\t\t\t\t\t\t2\t\t\t\t\t\t\t\t\t\t\t\t\t<\/p>\n<p>\n\t\t\t\t\t\t\t\t\t\t\t\t\t\t\t2\t\t\t\t\t\t\t\t\t\t\t\t\t<\/p>\n<p>\n\t\t\t\t\t\t\t\t\t\t\t\t\t\t\t0\t\t\t\t\t\t\t\t\t\t\t\t\t<\/p>\n<p>\n\t\t\t\t\t\t\t\t\t\t\t\t\t\t\t4\t\t\t\t\t\t\t\t\t\t\t\t\t<\/p>\n<p>\n\t\t\t\t\t\t4\t\t\t\t\t\t\t\t\t\t\t<\/p>\n<p>\t\t\t\t\t\t\t\t\t\t\t\t\t<img loading=\"lazy\" decoding=\"async\" width=\"25\" height=\"25\" class=\"anwp-object-contain mr-2 anwp-w-25 anwp-h-25\" src=\"data:image\/svg+xml,%3Csvg%20xmlns=\" http:=\"\" alt=\"Cura\u00e7ao\" data-lazy-src=\"https:\/\/www.europesays.com\/de\/wp-content\/uploads\/2026\/06\/5530.png\"\/><\/p>\n<p>\n\t\t\t\t\t\t\t\t\t\t\t\t\t\t\t0\t\t\t\t\t\t\t\t\t\t\t\t\t<\/p>\n<p>\n\t\t\t\t\t\t\t\t\t\t\t\t\t\t\t1\t\t\t\t\t\t\t\t\t\t\t\t\t<\/p>\n<p>\n\t\t\t\t\t\t\t\t\t\t\t\t\t\t\t2\t\t\t\t\t\t\t\t\t\t\t\t\t<\/p>\n<p>\n\t\t\t\t\t\t\t\t\t\t\t\t\t\t\t1\t\t\t\t\t\t\t\t\t\t\t\t\t<\/p>\n<p>\n\t\t\t\t\t\t\t\t\t\t\t\t\t\t\t9\t\t\t\t\t\t\t\t\t\t\t\t\t<\/p>\n<p>\n\t\t\t\t\t\t\t\t\t\t\t\t\t\t\t-8\t\t\t\t\t\t\t\t\t\t\t\t\t<\/p>\n<p>\n\t\t\t\t\t\t\t\t\t\t\t\t\t\t\t1\t\t\t\t\t\t\t\t\t\t\t\t\t<\/p>\n<p>22:00 Uhr: Cura\u00e7ao gegen Elfenbeink\u00fcste (WM 2026 Gruppe E)<\/p>\n<p>Curacao \u2013 Elfenbeink\u00fcsteE<\/p>\n<p>Do 25.06. \u00b7 22:00 Uhr \u00b7 MagentaTV<\/p>\n<p>Im Parallelspiel zu Ecuador gegen Deutschland k\u00e4mpfen <a href=\"https:\/\/www.fussballnationalmannschaft.net\/team\/curacao\" rel=\"nofollow noopener\" target=\"_blank\">Cura\u00e7ao<\/a> und die <a href=\"https:\/\/www.fussballnationalmannschaft.net\/team\/elfenbeinkueste\" rel=\"nofollow noopener\" target=\"_blank\">Elfenbeink\u00fcste<\/a> in Philadelphia um den zweiten Sechzehntelfinalplatz der Gruppe E. Die Elfenbeink\u00fcste hat nach dem 1:0 gegen Ecuador und der knappen 1:2-Niederlage gegen Deutschland mit drei Punkten die besseren Karten. Afrika-Experte Gernot Rohr traut den Elefanten bei dieser WM sogar eine gro\u00dfe \u00dcberraschung zu und sieht den gesamten Kontinent im Aufwind.<\/p>\n<p>Cura\u00e7ao, mit rund 150.000 Einwohnern der kleinste WM-Teilnehmer der Geschichte, hat mit dem \u00fcberraschenden 0:0 gegen Ecuador bereits f\u00fcr eine Sensation gesorgt und mischt mit einem Punkt weiter mit. F\u00fcr den Sprung in die K.o.-Runde braucht der Karibik-Inselstaat aber wohl einen Sieg und muss zugleich auf das Resultat aus dem Parallelspiel Ecuador gegen Deutschland schielen. Da beide Gruppe-E-Spiele zeitgleich laufen, bleibt es bis zum Schlusspfiff ein Rechenspiel. Immerhin hat Cura\u00e7ao das Weiterkommen weitgehend in der eigenen Hand: Ein Sieg \u00fcber die Elfenbeink\u00fcste w\u00fcrde dem Team um den zuletzt \u00fcberragenden Torh\u00fcter Eloy Room wohl gen\u00fcgen. \u201eWir m\u00fcssen weiterhin daran glauben. Wir m\u00fcssen es schaffen\u201c, sagte Livano Comenencia, der erste WM-Torsch\u00fctze der Landesgeschichte. In Philadelphia ist sogar ein Fanmarsch geplant.<\/p>\n<p><strong>Was w\u00e4re wenn? Die Ausgangslage in der Gruppe E:<\/strong> Deutschland steht als Gruppensieger bereits fest. Die Elfenbeink\u00fcste (3 Punkte, 2:2 Tore) ist bei einem Sieg oder Unentschieden gegen Cura\u00e7ao sicher Gruppenzweiter; bei einer Niederlage kann sie noch auf Platz drei zur\u00fcckfallen. Ecuador (1 Punkt, 0:1 Tore) und Cura\u00e7ao (1 Punkt, 1:7 Tore) brauchen jeweils einen eigenen Sieg, um als Gruppendritter \u00fcberhaupt noch auf die K.o.-Runde zu hoffen, wobei Cura\u00e7aos schwache Tordifferenz zum Nachteil werden kann. Bei Punktgleichheit von zwei Mannschaften z\u00e4hlt zun\u00e4chst der direkte Vergleich, dann die Tordifferenz aus allen Spielen.<\/p>\n<p>Ansto\u00df ist um 22:00 Uhr MESZ im <a href=\"https:\/\/www.fussballnationalmannschaft.net\/fussballstadion\/philadelphia-lincoln-financial-field-wm-2026-stadion\" rel=\"nofollow noopener\" target=\"_blank\">Philadelphia Lincoln Financial Field<\/a> in Philadelphia. Alle Infos zur Begegnung findest du auf der Seite zum <a href=\"https:\/\/www.fussballnationalmannschaft.net\/spiel\/cura%c3%a7ao-elfenbeink%c3%bcste-2026-06-25\" rel=\"nofollow noopener\" target=\"_blank\">WM 2026 Spiel Cura\u00e7ao gegen Elfenbeink\u00fcste<\/a>, die Aufstellungen gibt es hier, sobald sie offiziell sind:<\/p>\n<p><img loading=\"lazy\" decoding=\"async\" class=\"size-large wp-image-251681\" src=\"data:image\/svg+xml,%3Csvg%20xmlns=\" http:=\"\" alt=\"Marokkos Ismael Saibari (Nummer 11) bejubelt das erste Tor seiner Mannschaft im WM-Gruppenspiel der Gruppe C gegen Brasilien. Die Partie fand am 13. Juni 2026 im New York New Jersey Stadium in East Rutherford statt. Dan Mullan \/ Getty Images\" width=\"670\" height=\"421\" data-lazy- data-lazy- data-lazy-src=\"https:\/\/www.europesays.com\/de\/wp-content\/uploads\/2026\/06\/ismael-saibari-marokko-brasilien-wm-2026-670x421.jpg\"\/>Marokkos Ismael Saibari (Nummer 11) bejubelt das erste Tor seiner Mannschaft im WM-Gruppenspiel der Gruppe C gegen Brasilien. Die Partie fand am 13. Juni 2026 im New York New Jersey Stadium in East Rutherford statt. Dan Mullan \/ Getty Images<br \/>\n4:2 Marokko gegen Haiti (WM 2026 Gruppe C)<\/p>\n<p>Marokko \u2013 HaitiC<\/p>\n<p>Do 25.06. \u00b7 00:00 Uhr \u00b7 ZDF<\/p>\n<p><a href=\"https:\/\/www.fussballnationalmannschaft.net\/team\/marokko\" rel=\"nofollow noopener\" target=\"_blank\">Marokko<\/a> reist mit breiter Brust nach Atlanta: Nach dem 1:1 gegen Brasilien und dem 1:0 gegen Schottland f\u00fchrt der WM-Vierte von 2022 die Gruppe C punktgleich mit Brasilien an (jeweils vier Punkte) und hat das <a href=\"https:\/\/www.fussballnationalmannschaft.net\/fussball-wm-2026\/wm-2026-sechzehntelfinale-spielplan-termine-anstosszeiten\" rel=\"nofollow noopener\" target=\"_blank\">Sechzehntelfinale<\/a> fest im Visier. Im Mittelpunkt steht Marokkos Wunderkind Ayyoub Bouaddi: Der erst 18 Jahre alte Sechser, der neben dem Profifu\u00dfball Mathematik studiert und von Freunden fr\u00fcher \u201eEinstein\u201c genannt wurde, verteilte schon gegen Brasilien die B\u00e4lle mit der Pr\u00e4zision eines Hochleistungscomputers (90,7 Prozent angekommene P\u00e4sse). Gegen das bereits ausgeschiedene <a href=\"https:\/\/www.fussballnationalmannschaft.net\/team\/haiti\" rel=\"nofollow noopener\" target=\"_blank\">Haiti<\/a> (0 Punkte) soll in Atlanta die n\u00e4chste Gala folgen.<\/p>\n<p>Entscheidend ist der Blick aufs Parallelspiel: Weil Marokko gegen Haiti zeitgleich zu Schottland gegen Brasilien l\u00e4uft, duellieren sich Marokko und Brasilien im Fernduell um den Gruppensieg. In Atlanta z\u00e4hlt deshalb jeder Treffer auch mit Blick auf die Tordifferenz. Bei einem Sieg h\u00e4tte Marokko den Gruppensieg in der eigenen Hand.<\/p>\n<p><strong>Was w\u00e4re wenn? Die Ausgangslage in der Gruppe C:<\/strong> Brasilien (4 Punkte, +3 Tore) und Marokko (4 Punkte, +1 Tor) k\u00e4mpfen im Fernduell um den Gruppensieg und sind beide weiter, sofern Schottland nicht gegen Brasilien gewinnt. Schottland (3 Punkte) hat selbst noch Chancen auf Platz eins, und zwar bei einem Sieg gegen Brasilien und maximal einem Remis Marokkos gegen Haiti; dann w\u00e4re Marokko Zweiter und Brasilien als Gruppendritter mit guten Karten ausgestattet. Haiti ist bereits ausgeschieden. Bei Punktgleichheit von zwei Mannschaften z\u00e4hlt zun\u00e4chst der direkte Vergleich, dann die Tordifferenz aus allen Spielen.<\/p>\n<p>Ansto\u00df ist um 00:00 Uhr MESZ im <a href=\"https:\/\/www.fussballnationalmannschaft.net\/fussballstadion\/atlanta-stadium\" rel=\"nofollow noopener\" target=\"_blank\">Atlanta Stadium<\/a> in Atlanta. Alle Infos zur Begegnung findest du auf der Seite zum <a href=\"https:\/\/www.fussballnationalmannschaft.net\/spiel\/marokko-haiti-2026-06-25\" rel=\"nofollow noopener\" target=\"_blank\">WM 2026 Spiel Marokko gegen Haiti<\/a>, die Aufstellungen gibt es hier, sobald sie offiziell sind:<\/p>\n<p>WM 2026 Tabelle der Gruppe C<\/p>\n<p>So sieht es aktuell in der Gruppe C aus:<\/p>\n<p>\n\t\t\t\t\t#\n\t\t\t\t<\/p>\n<p>\n\t\t\t\t\tTeam\t\t\t\t<\/p>\n<p>\n\t\t\t\t\t\tB\t\t\t\t\t<\/p>\n<p>\n\t\t\t\t\t\tS\t\t\t\t\t<\/p>\n<p>\n\t\t\t\t\t\tU\t\t\t\t\t<\/p>\n<p>\n\t\t\t\t\t\tN\t\t\t\t\t<\/p>\n<p>\n\t\t\t\t\t\tTore\t\t\t\t\t<\/p>\n<p>\n\t\t\t\t\t\tGT\t\t\t\t\t<\/p>\n<p>\n\t\t\t\t\t\tTD\t\t\t\t\t<\/p>\n<p>\n\t\t\t\t\t\tPkt.\t\t\t\t\t<\/p>\n<p>\n\t\t\t\t\t\t1\t\t\t\t\t\t\t\t\t\t\t<\/p>\n<p>\t\t\t\t\t\t\t\t\t\t\t\t\t<img loading=\"lazy\" decoding=\"async\" width=\"25\" height=\"25\" class=\"anwp-object-contain mr-2 anwp-w-25 anwp-h-25\" src=\"data:image\/svg+xml,%3Csvg%20xmlns=\" http:=\"\" alt=\"Brasilien\" data-lazy-src=\"https:\/\/www.europesays.com\/de\/wp-content\/uploads\/2026\/06\/6-9.png\"\/><\/p>\n<p>\n\t\t\t\t\t\t\t\t\t\t\t\t\t\t\t2\t\t\t\t\t\t\t\t\t\t\t\t\t<\/p>\n<p>\n\t\t\t\t\t\t\t\t\t\t\t\t\t\t\t1\t\t\t\t\t\t\t\t\t\t\t\t\t<\/p>\n<p>\n\t\t\t\t\t\t\t\t\t\t\t\t\t\t\t0\t\t\t\t\t\t\t\t\t\t\t\t\t<\/p>\n<p>\n\t\t\t\t\t\t\t\t\t\t\t\t\t\t\t7\t\t\t\t\t\t\t\t\t\t\t\t\t<\/p>\n<p>\n\t\t\t\t\t\t\t\t\t\t\t\t\t\t\t1\t\t\t\t\t\t\t\t\t\t\t\t\t<\/p>\n<p>\n\t\t\t\t\t\t\t\t\t\t\t\t\t\t\t6\t\t\t\t\t\t\t\t\t\t\t\t\t<\/p>\n<p>\n\t\t\t\t\t\t\t\t\t\t\t\t\t\t\t7\t\t\t\t\t\t\t\t\t\t\t\t\t<\/p>\n<p>\n\t\t\t\t\t\t2\t\t\t\t\t\t\t\t\t\t\t<\/p>\n<p>\t\t\t\t\t\t\t\t\t\t\t\t\t<img loading=\"lazy\" decoding=\"async\" width=\"25\" height=\"25\" class=\"anwp-object-contain mr-2 anwp-w-25 anwp-h-25\" src=\"data:image\/svg+xml,%3Csvg%20xmlns=\" http:=\"\" alt=\"Marokko\" data-lazy-src=\"https:\/\/www.europesays.com\/de\/wp-content\/uploads\/2026\/06\/31-1.png\"\/><\/p>\n<p>\n\t\t\t\t\t\t\t\t\t\t\t\t\t\t\t2\t\t\t\t\t\t\t\t\t\t\t\t\t<\/p>\n<p>\n\t\t\t\t\t\t\t\t\t\t\t\t\t\t\t1\t\t\t\t\t\t\t\t\t\t\t\t\t<\/p>\n<p>\n\t\t\t\t\t\t\t\t\t\t\t\t\t\t\t0\t\t\t\t\t\t\t\t\t\t\t\t\t<\/p>\n<p>\n\t\t\t\t\t\t\t\t\t\t\t\t\t\t\t6\t\t\t\t\t\t\t\t\t\t\t\t\t<\/p>\n<p>\n\t\t\t\t\t\t\t\t\t\t\t\t\t\t\t3\t\t\t\t\t\t\t\t\t\t\t\t\t<\/p>\n<p>\n\t\t\t\t\t\t\t\t\t\t\t\t\t\t\t3\t\t\t\t\t\t\t\t\t\t\t\t\t<\/p>\n<p>\n\t\t\t\t\t\t\t\t\t\t\t\t\t\t\t7\t\t\t\t\t\t\t\t\t\t\t\t\t<\/p>\n<p>\n\t\t\t\t\t\t3\t\t\t\t\t\t\t\t\t\t\t<\/p>\n<p>\t\t\t\t\t\t\t\t\t\t\t\t\t<img loading=\"lazy\" decoding=\"async\" width=\"25\" height=\"25\" class=\"anwp-object-contain mr-2 anwp-w-25 anwp-h-25\" src=\"data:image\/svg+xml,%3Csvg%20xmlns=\" http:=\"\" alt=\"Schottland\" data-lazy-src=\"https:\/\/www.europesays.com\/de\/wp-content\/uploads\/2026\/06\/1108-6.png\"\/><\/p>\n<p>\n\t\t\t\t\t\t\t\t\t\t\t\t\t\t\t1\t\t\t\t\t\t\t\t\t\t\t\t\t<\/p>\n<p>\n\t\t\t\t\t\t\t\t\t\t\t\t\t\t\t0\t\t\t\t\t\t\t\t\t\t\t\t\t<\/p>\n<p>\n\t\t\t\t\t\t\t\t\t\t\t\t\t\t\t2\t\t\t\t\t\t\t\t\t\t\t\t\t<\/p>\n<p>\n\t\t\t\t\t\t\t\t\t\t\t\t\t\t\t1\t\t\t\t\t\t\t\t\t\t\t\t\t<\/p>\n<p>\n\t\t\t\t\t\t\t\t\t\t\t\t\t\t\t4\t\t\t\t\t\t\t\t\t\t\t\t\t<\/p>\n<p>\n\t\t\t\t\t\t\t\t\t\t\t\t\t\t\t-3\t\t\t\t\t\t\t\t\t\t\t\t\t<\/p>\n<p>\n\t\t\t\t\t\t\t\t\t\t\t\t\t\t\t3\t\t\t\t\t\t\t\t\t\t\t\t\t<\/p>\n<p>\n\t\t\t\t\t\t4\t\t\t\t\t\t\t\t\t\t\t<\/p>\n<p>\t\t\t\t\t\t\t\t\t\t\t\t\t<img loading=\"lazy\" decoding=\"async\" width=\"25\" height=\"25\" class=\"anwp-object-contain mr-2 anwp-w-25 anwp-h-25\" src=\"data:image\/svg+xml,%3Csvg%20xmlns=\" http:=\"\" alt=\"Haiti\" data-lazy-src=\"https:\/\/www.europesays.com\/de\/wp-content\/uploads\/2026\/06\/2386.png\"\/><\/p>\n<p>\n\t\t\t\t\t\t\t\t\t\t\t\t\t\t\t0\t\t\t\t\t\t\t\t\t\t\t\t\t<\/p>\n<p>\n\t\t\t\t\t\t\t\t\t\t\t\t\t\t\t0\t\t\t\t\t\t\t\t\t\t\t\t\t<\/p>\n<p>\n\t\t\t\t\t\t\t\t\t\t\t\t\t\t\t3\t\t\t\t\t\t\t\t\t\t\t\t\t<\/p>\n<p>\n\t\t\t\t\t\t\t\t\t\t\t\t\t\t\t2\t\t\t\t\t\t\t\t\t\t\t\t\t<\/p>\n<p>\n\t\t\t\t\t\t\t\t\t\t\t\t\t\t\t8\t\t\t\t\t\t\t\t\t\t\t\t\t<\/p>\n<p>\n\t\t\t\t\t\t\t\t\t\t\t\t\t\t\t-6\t\t\t\t\t\t\t\t\t\t\t\t\t<\/p>\n<p>\n\t\t\t\t\t\t\t\t\t\t\t\t\t\t\t0\t\t\t\t\t\t\t\t\t\t\t\t\t<\/p>\n<p><img loading=\"lazy\" decoding=\"async\" class=\"size-large wp-image-250043\" src=\"data:image\/svg+xml,%3Csvg%20xmlns=\" http:=\"\" alt=\"Vinicius Junior von Brasilien f\u00fchrt den Ball w\u00e4hrend des WM-2026-Gruppenspiels der Gruppe C gegen Marokko im New York New Jersey Stadium in East Rutherford, New Jersey, am 13. Juni 2026. Darrian Traynor \/ Getty Images\" width=\"670\" height=\"446\" data-lazy- data-lazy- data-lazy-src=\"https:\/\/www.europesays.com\/de\/wp-content\/uploads\/2026\/06\/vinicius-junior-brasilien-am-ball-marokko-wm-2026-670x446.jpg\"\/>Vinicius Junior von Brasilien f\u00fchrt den Ball w\u00e4hrend des WM-2026-Gruppenspiels der Gruppe C gegen Marokko im New York New Jersey Stadium in East Rutherford, New Jersey, am 13. Juni 2026. Darrian Traynor \/ Getty Images<br \/>\n0:3 Schottland gegen Brasilien (WM 2026 Gruppe C)<\/p>\n<p>Schottland \u2013 BrasilienC<\/p>\n<p>Do 25.06. \u00b7 00:00 Uhr \u00b7 MagentaTV<\/p>\n<p>In Miami dreht sich vor dem Gruppenfinale alles um eine Personalie: Superstar Neymar steht bei Rekordweltmeister <a href=\"https:\/\/www.fussballnationalmannschaft.net\/team\/brasilien\" rel=\"nofollow noopener\" target=\"_blank\">Brasilien<\/a> vor dem Comeback. Trainer Carlo Ancelotti erkl\u00e4rte den 34-J\u00e4hrigen, der die ersten beiden Spiele gegen Marokko (1:1) und Haiti (3:0) wegen Wadenproblemen verpasst hatte, f\u00fcr \u201ebereit\u201c. Ob der seit Oktober 2023 ohne L\u00e4nderspiel gebliebene Offensivk\u00fcnstler wirklich spielt, lie\u00df Ancelotti offen, doch ganz Brasilien fiebert mit. Mit vier Punkten hat die Selecao den Einzug ins Sechzehntelfinale so gut wie sicher.<\/p>\n<p><a href=\"https:\/\/www.fussballnationalmannschaft.net\/team\/schottland\" rel=\"nofollow noopener\" target=\"_blank\">Schottland<\/a> dagegen tr\u00e4umt vom historischen Coup. \u201eWenn wir Brasilien schlagen, werden ein paar Bier getrunken\u201c, scherzte Kapit\u00e4n Andrew Robertson mit Blick auf die feierfreudige Tartan Army. Mit drei Punkten auf Platz drei w\u00fcrden die Bravehearts mit einem Sieg erstmals \u00fcberhaupt die WM-Gruppenphase \u00fcberstehen. Weil diesmal acht von zw\u00f6lf <a href=\"https:\/\/www.fussballnationalmannschaft.net\/wm-2026-aktuelle-tabelle-wm-2026-gruppendritten-deutschland-gegner-4-123254869.html\" rel=\"nofollow noopener\" target=\"_blank\">Gruppendritten<\/a> weiterkommen, k\u00f6nnte am Ende sogar weniger reichen. Parallel k\u00e4mpft Brasilien im Fernduell mit Marokko (gegen Haiti) um den Gruppensieg, weshalb auch in Miami stets das andere Ergebnis mitgerechnet wird.<\/p>\n<p>Ansto\u00df ist um 00:00 Uhr MESZ im <a href=\"https:\/\/www.fussballnationalmannschaft.net\/fussballstadion\/miami-hard-rock-stadium-wm-2026-stadion\" rel=\"nofollow noopener\" target=\"_blank\">Miami Hard Rock Stadium<\/a> in Miami. Alle Infos zur Begegnung findest du auf der Seite zum <a href=\"https:\/\/www.fussballnationalmannschaft.net\/spiel\/schottland-brasilien-2026-06-25\" rel=\"nofollow noopener\" target=\"_blank\">WM 2026 Spiel Schottland gegen Brasilien<\/a>, die Aufstellungen gibt es hier, sobald sie offiziell sind:<\/p>\n<p>WM 2026 Tabelle der Gruppe C<\/p>\n<p>So sieht es aktuell in der Gruppe C aus:<\/p>\n<p>\n\t\t\t\t\t#\n\t\t\t\t<\/p>\n<p>\n\t\t\t\t\tTeam\t\t\t\t<\/p>\n<p>\n\t\t\t\t\t\tB\t\t\t\t\t<\/p>\n<p>\n\t\t\t\t\t\tS\t\t\t\t\t<\/p>\n<p>\n\t\t\t\t\t\tU\t\t\t\t\t<\/p>\n<p>\n\t\t\t\t\t\tN\t\t\t\t\t<\/p>\n<p>\n\t\t\t\t\t\tTore\t\t\t\t\t<\/p>\n<p>\n\t\t\t\t\t\tGT\t\t\t\t\t<\/p>\n<p>\n\t\t\t\t\t\tTD\t\t\t\t\t<\/p>\n<p>\n\t\t\t\t\t\tPkt.\t\t\t\t\t<\/p>\n<p>\n\t\t\t\t\t\t1\t\t\t\t\t\t\t\t\t\t\t<\/p>\n<p>\t\t\t\t\t\t\t\t\t\t\t\t\t<img loading=\"lazy\" decoding=\"async\" width=\"25\" height=\"25\" class=\"anwp-object-contain mr-2 anwp-w-25 anwp-h-25\" src=\"data:image\/svg+xml,%3Csvg%20xmlns=\" http:=\"\" alt=\"Brasilien\" data-lazy-src=\"https:\/\/www.europesays.com\/de\/wp-content\/uploads\/2026\/06\/6-9.png\"\/><\/p>\n<p>\n\t\t\t\t\t\t\t\t\t\t\t\t\t\t\t2\t\t\t\t\t\t\t\t\t\t\t\t\t<\/p>\n<p>\n\t\t\t\t\t\t\t\t\t\t\t\t\t\t\t1\t\t\t\t\t\t\t\t\t\t\t\t\t<\/p>\n<p>\n\t\t\t\t\t\t\t\t\t\t\t\t\t\t\t0\t\t\t\t\t\t\t\t\t\t\t\t\t<\/p>\n<p>\n\t\t\t\t\t\t\t\t\t\t\t\t\t\t\t7\t\t\t\t\t\t\t\t\t\t\t\t\t<\/p>\n<p>\n\t\t\t\t\t\t\t\t\t\t\t\t\t\t\t1\t\t\t\t\t\t\t\t\t\t\t\t\t<\/p>\n<p>\n\t\t\t\t\t\t\t\t\t\t\t\t\t\t\t6\t\t\t\t\t\t\t\t\t\t\t\t\t<\/p>\n<p>\n\t\t\t\t\t\t\t\t\t\t\t\t\t\t\t7\t\t\t\t\t\t\t\t\t\t\t\t\t<\/p>\n<p>\n\t\t\t\t\t\t2\t\t\t\t\t\t\t\t\t\t\t<\/p>\n<p>\t\t\t\t\t\t\t\t\t\t\t\t\t<img loading=\"lazy\" decoding=\"async\" width=\"25\" height=\"25\" class=\"anwp-object-contain mr-2 anwp-w-25 anwp-h-25\" src=\"data:image\/svg+xml,%3Csvg%20xmlns=\" http:=\"\" alt=\"Marokko\" data-lazy-src=\"https:\/\/www.europesays.com\/de\/wp-content\/uploads\/2026\/06\/31-1.png\"\/><\/p>\n<p>\n\t\t\t\t\t\t\t\t\t\t\t\t\t\t\t2\t\t\t\t\t\t\t\t\t\t\t\t\t<\/p>\n<p>\n\t\t\t\t\t\t\t\t\t\t\t\t\t\t\t1\t\t\t\t\t\t\t\t\t\t\t\t\t<\/p>\n<p>\n\t\t\t\t\t\t\t\t\t\t\t\t\t\t\t0\t\t\t\t\t\t\t\t\t\t\t\t\t<\/p>\n<p>\n\t\t\t\t\t\t\t\t\t\t\t\t\t\t\t6\t\t\t\t\t\t\t\t\t\t\t\t\t<\/p>\n<p>\n\t\t\t\t\t\t\t\t\t\t\t\t\t\t\t3\t\t\t\t\t\t\t\t\t\t\t\t\t<\/p>\n<p>\n\t\t\t\t\t\t\t\t\t\t\t\t\t\t\t3\t\t\t\t\t\t\t\t\t\t\t\t\t<\/p>\n<p>\n\t\t\t\t\t\t\t\t\t\t\t\t\t\t\t7\t\t\t\t\t\t\t\t\t\t\t\t\t<\/p>\n<p>\n\t\t\t\t\t\t3\t\t\t\t\t\t\t\t\t\t\t<\/p>\n<p>\t\t\t\t\t\t\t\t\t\t\t\t\t<img loading=\"lazy\" decoding=\"async\" width=\"25\" height=\"25\" class=\"anwp-object-contain mr-2 anwp-w-25 anwp-h-25\" src=\"data:image\/svg+xml,%3Csvg%20xmlns=\" http:=\"\" alt=\"Schottland\" data-lazy-src=\"https:\/\/www.europesays.com\/de\/wp-content\/uploads\/2026\/06\/1108-6.png\"\/><\/p>\n<p>\n\t\t\t\t\t\t\t\t\t\t\t\t\t\t\t1\t\t\t\t\t\t\t\t\t\t\t\t\t<\/p>\n<p>\n\t\t\t\t\t\t\t\t\t\t\t\t\t\t\t0\t\t\t\t\t\t\t\t\t\t\t\t\t<\/p>\n<p>\n\t\t\t\t\t\t\t\t\t\t\t\t\t\t\t2\t\t\t\t\t\t\t\t\t\t\t\t\t<\/p>\n<p>\n\t\t\t\t\t\t\t\t\t\t\t\t\t\t\t1\t\t\t\t\t\t\t\t\t\t\t\t\t<\/p>\n<p>\n\t\t\t\t\t\t\t\t\t\t\t\t\t\t\t4\t\t\t\t\t\t\t\t\t\t\t\t\t<\/p>\n<p>\n\t\t\t\t\t\t\t\t\t\t\t\t\t\t\t-3\t\t\t\t\t\t\t\t\t\t\t\t\t<\/p>\n<p>\n\t\t\t\t\t\t\t\t\t\t\t\t\t\t\t3\t\t\t\t\t\t\t\t\t\t\t\t\t<\/p>\n<p>\n\t\t\t\t\t\t4\t\t\t\t\t\t\t\t\t\t\t<\/p>\n<p>\t\t\t\t\t\t\t\t\t\t\t\t\t<img loading=\"lazy\" decoding=\"async\" width=\"25\" height=\"25\" class=\"anwp-object-contain mr-2 anwp-w-25 anwp-h-25\" src=\"data:image\/svg+xml,%3Csvg%20xmlns=\" http:=\"\" alt=\"Haiti\" data-lazy-src=\"https:\/\/www.europesays.com\/de\/wp-content\/uploads\/2026\/06\/2386.png\"\/><\/p>\n<p>\n\t\t\t\t\t\t\t\t\t\t\t\t\t\t\t0\t\t\t\t\t\t\t\t\t\t\t\t\t<\/p>\n<p>\n\t\t\t\t\t\t\t\t\t\t\t\t\t\t\t0\t\t\t\t\t\t\t\t\t\t\t\t\t<\/p>\n<p>\n\t\t\t\t\t\t\t\t\t\t\t\t\t\t\t3\t\t\t\t\t\t\t\t\t\t\t\t\t<\/p>\n<p>\n\t\t\t\t\t\t\t\t\t\t\t\t\t\t\t2\t\t\t\t\t\t\t\t\t\t\t\t\t<\/p>\n<p>\n\t\t\t\t\t\t\t\t\t\t\t\t\t\t\t8\t\t\t\t\t\t\t\t\t\t\t\t\t<\/p>\n<p>\n\t\t\t\t\t\t\t\t\t\t\t\t\t\t\t-6\t\t\t\t\t\t\t\t\t\t\t\t\t<\/p>\n<p>\n\t\t\t\t\t\t\t\t\t\t\t\t\t\t\t0\t\t\t\t\t\t\t\t\t\t\t\t\t<\/p>\n<p>1:0 S\u00fcdafrika gegen S\u00fcdkorea (WM 2026 Gruppe A)<\/p>\n<p>S\u00fcdafrika \u2013 S\u00fcdkoreaA<\/p>\n<p>Do 25.06. \u00b7 03:00 Uhr \u00b7 MagentaTV<\/p>\n<p><a href=\"https:\/\/www.fussballnationalmannschaft.net\/team\/suedkorea\" rel=\"nofollow noopener\" target=\"_blank\">S\u00fcdkorea<\/a> hat das Sechzehntelfinale in eigener Hand: Mit drei Punkten reicht dem Team um Kapit\u00e4n Heung-Min Son gegen <a href=\"https:\/\/www.fussballnationalmannschaft.net\/team\/south-africa\" rel=\"nofollow noopener\" target=\"_blank\">S\u00fcdafrika<\/a> ein Remis oder Sieg, um als Gruppenzweiter sicher weiterzukommen. Selbst bei einer Niederlage bleibt die Hintert\u00fcr offen, sofern Mexiko im Parallelspiel nicht gegen Tschechien verliert, dann sind die \u201eTaeguk Warriors\u201c mindestens Gruppendritter. Pikant: Gespielt wird in Monterrey, wo der koreanische Einfluss durch Industrie und K-Pop besonders gro\u00df ist, sodass S\u00fcdkorea dank der engen Freundschaft mit den Gastgebern quasi ein Heimspiel erwartet.<\/p>\n<p>S\u00fcdafrika (ein Punkt) braucht dagegen einen Sieg und muss zugleich auf das Ergebnis aus dem Aztekenstadion schielen. Weil beide Gruppe-A-Partien zeitgleich laufen, f\u00e4llt die Entscheidung \u00fcber Platz zwei und drei erst im direkten Fernduell der beiden Parallelspiele.<\/p>\n<p><strong>Was w\u00e4re wenn? Die Ausgangslage in der Gruppe A:<\/strong> Mexiko steht nach zwei Siegen aus zwei Spielen als Gruppensieger fest. S\u00fcdkorea (3 Punkte, 2:2 Tore) ist bei einem Sieg oder Unentschieden gegen S\u00fcdafrika sicher Gruppenzweiter; verliert es und gewinnt zugleich Tschechien gegen Mexiko, kann S\u00fcdkorea sogar als Gruppenletzter ausscheiden. Tschechien (1 Punkt, 2:3 Tore) wird Zweiter, wenn es Mexiko schl\u00e4gt und S\u00fcdkorea gegen S\u00fcdafrika verliert. S\u00fcdafrika (1 Punkt, 1:3 Tore) kann bei einem Sieg gegen S\u00fcdkorea und maximal einem Remis Tschechiens gegen Mexiko ebenfalls noch Gruppenzweiter werden. Bei Punktgleichheit von zwei Mannschaften z\u00e4hlt zun\u00e4chst der direkte Vergleich, dann die Tordifferenz aus allen Spielen.<\/p>\n<p>Ansto\u00df ist um 03:00 Uhr MESZ im <a href=\"https:\/\/www.fussballnationalmannschaft.net\/fussballstadion\/estadio-bbva\" rel=\"nofollow noopener\" target=\"_blank\">Estadio BBVA<\/a> in Guadalupe. Alle Infos zur Begegnung findest du auf der Seite zum <a href=\"https:\/\/www.fussballnationalmannschaft.net\/spiel\/s%c3%bcdafrika-s%c3%bcdkorea-2026-06-25\" rel=\"nofollow noopener\" target=\"_blank\">WM 2026 Spiel S\u00fcdafrika gegen S\u00fcdkorea<\/a>, die Aufstellungen gibt es hier, sobald sie offiziell sind:<\/p>\n<p>WM 2026 Tabelle der Gruppe A<\/p>\n<p>So sieht es aktuell in der Gruppe A aus:<\/p>\n<p>\n\t\t\t\t\t#\n\t\t\t\t<\/p>\n<p>\n\t\t\t\t\tTeam\t\t\t\t<\/p>\n<p>\n\t\t\t\t\t\tB\t\t\t\t\t<\/p>\n<p>\n\t\t\t\t\t\tS\t\t\t\t\t<\/p>\n<p>\n\t\t\t\t\t\tU\t\t\t\t\t<\/p>\n<p>\n\t\t\t\t\t\tN\t\t\t\t\t<\/p>\n<p>\n\t\t\t\t\t\tTore\t\t\t\t\t<\/p>\n<p>\n\t\t\t\t\t\tGT\t\t\t\t\t<\/p>\n<p>\n\t\t\t\t\t\tTD\t\t\t\t\t<\/p>\n<p>\n\t\t\t\t\t\tPkt.\t\t\t\t\t<\/p>\n<p>\n\t\t\t\t\t\t1\t\t\t\t\t\t\t\t\t\t\t<\/p>\n<p>\t\t\t\t\t\t\t\t\t\t\t\t\t<img loading=\"lazy\" decoding=\"async\" width=\"25\" height=\"25\" class=\"anwp-object-contain mr-2 anwp-w-25 anwp-h-25\" src=\"data:image\/svg+xml,%3Csvg%20xmlns=\" http:=\"\" alt=\"Mexiko\" data-lazy-src=\"https:\/\/www.europesays.com\/de\/wp-content\/uploads\/2026\/06\/16-6.png\"\/><\/p>\n<p>\n\t\t\t\t\t\t\t\t\t\t\t\t\t\t\t3\t\t\t\t\t\t\t\t\t\t\t\t\t<\/p>\n<p>\n\t\t\t\t\t\t\t\t\t\t\t\t\t\t\t0\t\t\t\t\t\t\t\t\t\t\t\t\t<\/p>\n<p>\n\t\t\t\t\t\t\t\t\t\t\t\t\t\t\t0\t\t\t\t\t\t\t\t\t\t\t\t\t<\/p>\n<p>\n\t\t\t\t\t\t\t\t\t\t\t\t\t\t\t6\t\t\t\t\t\t\t\t\t\t\t\t\t<\/p>\n<p>\n\t\t\t\t\t\t\t\t\t\t\t\t\t\t\t0\t\t\t\t\t\t\t\t\t\t\t\t\t<\/p>\n<p>\n\t\t\t\t\t\t\t\t\t\t\t\t\t\t\t6\t\t\t\t\t\t\t\t\t\t\t\t\t<\/p>\n<p>\n\t\t\t\t\t\t\t\t\t\t\t\t\t\t\t9\t\t\t\t\t\t\t\t\t\t\t\t\t<\/p>\n<p>\n\t\t\t\t\t\t2<br \/>\n\t\t\t\t\t\t\t\u25b2\n\t\t\t\t\t\t\t\t\t\t\t<\/p>\n<p>\t\t\t\t\t\t\t\t\t\t\t\t\t<img loading=\"lazy\" decoding=\"async\" width=\"25\" height=\"25\" class=\"anwp-object-contain mr-2 anwp-w-25 anwp-h-25\" src=\"data:image\/svg+xml,%3Csvg%20xmlns=\" http:=\"\" alt=\"S\u00fcdafrika\" data-lazy-src=\"https:\/\/www.europesays.com\/de\/wp-content\/uploads\/2026\/06\/1531-1.png\"\/><\/p>\n<p>\n\t\t\t\t\t\t\t\t\t\t\t\t\t\t\t1\t\t\t\t\t\t\t\t\t\t\t\t\t<\/p>\n<p>\n\t\t\t\t\t\t\t\t\t\t\t\t\t\t\t1\t\t\t\t\t\t\t\t\t\t\t\t\t<\/p>\n<p>\n\t\t\t\t\t\t\t\t\t\t\t\t\t\t\t1\t\t\t\t\t\t\t\t\t\t\t\t\t<\/p>\n<p>\n\t\t\t\t\t\t\t\t\t\t\t\t\t\t\t2\t\t\t\t\t\t\t\t\t\t\t\t\t<\/p>\n<p>\n\t\t\t\t\t\t\t\t\t\t\t\t\t\t\t3\t\t\t\t\t\t\t\t\t\t\t\t\t<\/p>\n<p>\n\t\t\t\t\t\t\t\t\t\t\t\t\t\t\t-1\t\t\t\t\t\t\t\t\t\t\t\t\t<\/p>\n<p>\n\t\t\t\t\t\t\t\t\t\t\t\t\t\t\t4\t\t\t\t\t\t\t\t\t\t\t\t\t<\/p>\n<p>\n\t\t\t\t\t\t3<br \/>\n\t\t\t\t\t\t\t\u25bc\n\t\t\t\t\t\t\t\t\t\t\t<\/p>\n<p>\t\t\t\t\t\t\t\t\t\t\t\t\t<img loading=\"lazy\" decoding=\"async\" width=\"25\" height=\"25\" class=\"anwp-object-contain mr-2 anwp-w-25 anwp-h-25\" src=\"data:image\/svg+xml,%3Csvg%20xmlns=\" http:=\"\" alt=\"S\u00fcdkorea\" data-lazy-src=\"https:\/\/www.europesays.com\/de\/wp-content\/uploads\/2026\/06\/17.png\"\/><\/p>\n<p>\n\t\t\t\t\t\t\t\t\t\t\t\t\t\t\t1\t\t\t\t\t\t\t\t\t\t\t\t\t<\/p>\n<p>\n\t\t\t\t\t\t\t\t\t\t\t\t\t\t\t0\t\t\t\t\t\t\t\t\t\t\t\t\t<\/p>\n<p>\n\t\t\t\t\t\t\t\t\t\t\t\t\t\t\t2\t\t\t\t\t\t\t\t\t\t\t\t\t<\/p>\n<p>\n\t\t\t\t\t\t\t\t\t\t\t\t\t\t\t2\t\t\t\t\t\t\t\t\t\t\t\t\t<\/p>\n<p>\n\t\t\t\t\t\t\t\t\t\t\t\t\t\t\t3\t\t\t\t\t\t\t\t\t\t\t\t\t<\/p>\n<p>\n\t\t\t\t\t\t\t\t\t\t\t\t\t\t\t-1\t\t\t\t\t\t\t\t\t\t\t\t\t<\/p>\n<p>\n\t\t\t\t\t\t\t\t\t\t\t\t\t\t\t3\t\t\t\t\t\t\t\t\t\t\t\t\t<\/p>\n<p>\n\t\t\t\t\t\t4<br \/>\n\t\t\t\t\t\t\t\u25bc\n\t\t\t\t\t\t\t\t\t\t\t<\/p>\n<p>\t\t\t\t\t\t\t\t\t\t\t\t\t<img loading=\"lazy\" decoding=\"async\" width=\"25\" height=\"25\" class=\"anwp-object-contain mr-2 anwp-w-25 anwp-h-25\" src=\"data:image\/svg+xml,%3Csvg%20xmlns=\" http:=\"\" alt=\"Tschechien\" data-lazy-src=\"https:\/\/www.europesays.com\/de\/wp-content\/uploads\/2026\/06\/770.png\"\/><\/p>\n<p>\n\t\t\t\t\t\t\t\t\t\t\t\t\t\t\t0\t\t\t\t\t\t\t\t\t\t\t\t\t<\/p>\n<p>\n\t\t\t\t\t\t\t\t\t\t\t\t\t\t\t1\t\t\t\t\t\t\t\t\t\t\t\t\t<\/p>\n<p>\n\t\t\t\t\t\t\t\t\t\t\t\t\t\t\t2\t\t\t\t\t\t\t\t\t\t\t\t\t<\/p>\n<p>\n\t\t\t\t\t\t\t\t\t\t\t\t\t\t\t2\t\t\t\t\t\t\t\t\t\t\t\t\t<\/p>\n<p>\n\t\t\t\t\t\t\t\t\t\t\t\t\t\t\t6\t\t\t\t\t\t\t\t\t\t\t\t\t<\/p>\n<p>\n\t\t\t\t\t\t\t\t\t\t\t\t\t\t\t-4\t\t\t\t\t\t\t\t\t\t\t\t\t<\/p>\n<p>\n\t\t\t\t\t\t\t\t\t\t\t\t\t\t\t1\t\t\t\t\t\t\t\t\t\t\t\t\t<\/p>\n<p>0:3 Tschechien gegen Mexiko (WM 2026 Gruppe A)<\/p>\n<p>Tschechien \u2013 MexikoA<\/p>\n<p>Do 25.06. \u00b7 03:00 Uhr \u00b7 MagentaTV<\/p>\n<p>Im legend\u00e4ren Aztekenstadion empf\u00e4ngt der bereits feststehende Gruppensieger <a href=\"https:\/\/www.fussballnationalmannschaft.net\/team\/mexico\" rel=\"nofollow noopener\" target=\"_blank\">Mexiko<\/a> (sechs Punkte aus zwei Siegen) ein <a href=\"https:\/\/www.fussballnationalmannschaft.net\/team\/tschechien\" rel=\"nofollow noopener\" target=\"_blank\">Tschechien<\/a> unter Zugzwang. F\u00fcr die Tschechen um Leverkusens St\u00fcrmer Patrik Schick l\u00e4uft es bislang \u00fcberhaupt nicht: nur ein Punkt, gerade einmal zwei eigene Tore und noch kein Sieg. Gegen die Mexikaner m\u00fcssen am letzten Spieltag drei Punkte her, um \u00fcberhaupt noch eine Chance auf das Weiterkommen als Gruppendritter zu wahren.<\/p>\n<p>Mexiko kann befreit aufspielen und seinen koreanischen Freunden sogar Sch\u00fctzenhilfe leisten: Verlieren die Gastgeber nicht gegen Tschechien, ist S\u00fcdkorea im Parallelspiel gegen S\u00fcdafrika in jedem Fall mindestens Gruppendritter. Beide Gruppe-A-Spiele werden zeitgleich angepfiffen und h\u00e4ngen deshalb eng zusammen. Mexikos Wunderkind Gilberto Mora (17) gibt das Ziel ohnehin klar vor: \u201eWir haben alles, um Weltmeister zu werden. Wir spielen zu Hause.\u201c<\/p>\n<p>Ansto\u00df ist um 03:00 Uhr MESZ im <a href=\"https:\/\/www.fussballnationalmannschaft.net\/fussballstadion\/estadio-azteca\" rel=\"nofollow noopener\" target=\"_blank\">Estadio Azteca (Aztekenstadion)<\/a> in Mexiko City. Alle Infos zur Begegnung findest du auf der Seite zum <a href=\"https:\/\/www.fussballnationalmannschaft.net\/spiel\/tschechien-mexiko-2026-06-25\" rel=\"nofollow noopener\" target=\"_blank\">WM 2026 Spiel Tschechien gegen Mexiko<\/a>, die Aufstellungen gibt es hier, sobald sie offiziell sind:<\/p>\n<p>WM 2026 Tabelle der Gruppe A<\/p>\n<p>So sieht es aktuell in der Gruppe A aus:<\/p>\n<p>\n\t\t\t\t\t#\n\t\t\t\t<\/p>\n<p>\n\t\t\t\t\tTeam\t\t\t\t<\/p>\n<p>\n\t\t\t\t\t\tB\t\t\t\t\t<\/p>\n<p>\n\t\t\t\t\t\tS\t\t\t\t\t<\/p>\n<p>\n\t\t\t\t\t\tU\t\t\t\t\t<\/p>\n<p>\n\t\t\t\t\t\tN\t\t\t\t\t<\/p>\n<p>\n\t\t\t\t\t\tTore\t\t\t\t\t<\/p>\n<p>\n\t\t\t\t\t\tGT\t\t\t\t\t<\/p>\n<p>\n\t\t\t\t\t\tTD\t\t\t\t\t<\/p>\n<p>\n\t\t\t\t\t\tPkt.\t\t\t\t\t<\/p>\n<p>\n\t\t\t\t\t\t1\t\t\t\t\t\t\t\t\t\t\t<\/p>\n<p>\t\t\t\t\t\t\t\t\t\t\t\t\t<img loading=\"lazy\" decoding=\"async\" width=\"25\" height=\"25\" class=\"anwp-object-contain mr-2 anwp-w-25 anwp-h-25\" src=\"data:image\/svg+xml,%3Csvg%20xmlns=\" http:=\"\" alt=\"Mexiko\" data-lazy-src=\"https:\/\/www.europesays.com\/de\/wp-content\/uploads\/2026\/06\/16-6.png\"\/><\/p>\n<p>\n\t\t\t\t\t\t\t\t\t\t\t\t\t\t\t3\t\t\t\t\t\t\t\t\t\t\t\t\t<\/p>\n<p>\n\t\t\t\t\t\t\t\t\t\t\t\t\t\t\t0\t\t\t\t\t\t\t\t\t\t\t\t\t<\/p>\n<p>\n\t\t\t\t\t\t\t\t\t\t\t\t\t\t\t0\t\t\t\t\t\t\t\t\t\t\t\t\t<\/p>\n<p>\n\t\t\t\t\t\t\t\t\t\t\t\t\t\t\t6\t\t\t\t\t\t\t\t\t\t\t\t\t<\/p>\n<p>\n\t\t\t\t\t\t\t\t\t\t\t\t\t\t\t0\t\t\t\t\t\t\t\t\t\t\t\t\t<\/p>\n<p>\n\t\t\t\t\t\t\t\t\t\t\t\t\t\t\t6\t\t\t\t\t\t\t\t\t\t\t\t\t<\/p>\n<p>\n\t\t\t\t\t\t\t\t\t\t\t\t\t\t\t9\t\t\t\t\t\t\t\t\t\t\t\t\t<\/p>\n<p>\n\t\t\t\t\t\t2<br \/>\n\t\t\t\t\t\t\t\u25b2\n\t\t\t\t\t\t\t\t\t\t\t<\/p>\n<p>\t\t\t\t\t\t\t\t\t\t\t\t\t<img loading=\"lazy\" decoding=\"async\" width=\"25\" height=\"25\" class=\"anwp-object-contain mr-2 anwp-w-25 anwp-h-25\" src=\"data:image\/svg+xml,%3Csvg%20xmlns=\" http:=\"\" alt=\"S\u00fcdafrika\" data-lazy-src=\"https:\/\/www.europesays.com\/de\/wp-content\/uploads\/2026\/06\/1531-1.png\"\/><\/p>\n<p>\n\t\t\t\t\t\t\t\t\t\t\t\t\t\t\t1\t\t\t\t\t\t\t\t\t\t\t\t\t<\/p>\n<p>\n\t\t\t\t\t\t\t\t\t\t\t\t\t\t\t1\t\t\t\t\t\t\t\t\t\t\t\t\t<\/p>\n<p>\n\t\t\t\t\t\t\t\t\t\t\t\t\t\t\t1\t\t\t\t\t\t\t\t\t\t\t\t\t<\/p>\n<p>\n\t\t\t\t\t\t\t\t\t\t\t\t\t\t\t2\t\t\t\t\t\t\t\t\t\t\t\t\t<\/p>\n<p>\n\t\t\t\t\t\t\t\t\t\t\t\t\t\t\t3\t\t\t\t\t\t\t\t\t\t\t\t\t<\/p>\n<p>\n\t\t\t\t\t\t\t\t\t\t\t\t\t\t\t-1\t\t\t\t\t\t\t\t\t\t\t\t\t<\/p>\n<p>\n\t\t\t\t\t\t\t\t\t\t\t\t\t\t\t4\t\t\t\t\t\t\t\t\t\t\t\t\t<\/p>\n<p>\n\t\t\t\t\t\t3<br \/>\n\t\t\t\t\t\t\t\u25bc\n\t\t\t\t\t\t\t\t\t\t\t<\/p>\n<p>\t\t\t\t\t\t\t\t\t\t\t\t\t<img loading=\"lazy\" decoding=\"async\" width=\"25\" height=\"25\" class=\"anwp-object-contain mr-2 anwp-w-25 anwp-h-25\" src=\"data:image\/svg+xml,%3Csvg%20xmlns=\" http:=\"\" alt=\"S\u00fcdkorea\" data-lazy-src=\"https:\/\/www.europesays.com\/de\/wp-content\/uploads\/2026\/06\/17.png\"\/><\/p>\n<p>\n\t\t\t\t\t\t\t\t\t\t\t\t\t\t\t1\t\t\t\t\t\t\t\t\t\t\t\t\t<\/p>\n<p>\n\t\t\t\t\t\t\t\t\t\t\t\t\t\t\t0\t\t\t\t\t\t\t\t\t\t\t\t\t<\/p>\n<p>\n\t\t\t\t\t\t\t\t\t\t\t\t\t\t\t2\t\t\t\t\t\t\t\t\t\t\t\t\t<\/p>\n<p>\n\t\t\t\t\t\t\t\t\t\t\t\t\t\t\t2\t\t\t\t\t\t\t\t\t\t\t\t\t<\/p>\n<p>\n\t\t\t\t\t\t\t\t\t\t\t\t\t\t\t3\t\t\t\t\t\t\t\t\t\t\t\t\t<\/p>\n<p>\n\t\t\t\t\t\t\t\t\t\t\t\t\t\t\t-1\t\t\t\t\t\t\t\t\t\t\t\t\t<\/p>\n<p>\n\t\t\t\t\t\t\t\t\t\t\t\t\t\t\t3\t\t\t\t\t\t\t\t\t\t\t\t\t<\/p>\n<p>\n\t\t\t\t\t\t4<br \/>\n\t\t\t\t\t\t\t\u25bc\n\t\t\t\t\t\t\t\t\t\t\t<\/p>\n<p>\t\t\t\t\t\t\t\t\t\t\t\t\t<img loading=\"lazy\" decoding=\"async\" width=\"25\" height=\"25\" class=\"anwp-object-contain mr-2 anwp-w-25 anwp-h-25\" src=\"data:image\/svg+xml,%3Csvg%20xmlns=\" http:=\"\" alt=\"Tschechien\" data-lazy-src=\"https:\/\/www.europesays.com\/de\/wp-content\/uploads\/2026\/06\/770.png\"\/><\/p>\n<p>\n\t\t\t\t\t\t\t\t\t\t\t\t\t\t\t0\t\t\t\t\t\t\t\t\t\t\t\t\t<\/p>\n<p>\n\t\t\t\t\t\t\t\t\t\t\t\t\t\t\t1\t\t\t\t\t\t\t\t\t\t\t\t\t<\/p>\n<p>\n\t\t\t\t\t\t\t\t\t\t\t\t\t\t\t2\t\t\t\t\t\t\t\t\t\t\t\t\t<\/p>\n<p>\n\t\t\t\t\t\t\t\t\t\t\t\t\t\t\t2\t\t\t\t\t\t\t\t\t\t\t\t\t<\/p>\n<p>\n\t\t\t\t\t\t\t\t\t\t\t\t\t\t\t6\t\t\t\t\t\t\t\t\t\t\t\t\t<\/p>\n<p>\n\t\t\t\t\t\t\t\t\t\t\t\t\t\t\t-4\t\t\t\t\t\t\t\t\t\t\t\t\t<\/p>\n<p>\n\t\t\t\t\t\t\t\t\t\t\t\t\t\t\t1\t\t\t\t\t\t\t\t\t\t\t\t\t<\/p>\n<p>Wo wird heute bei der WM 2026 gespielt?<\/p>\n<p>Marokko gegen Haiti steigt im <a href=\"https:\/\/www.fussballnationalmannschaft.net\/fussballstadion\/atlanta-stadium\" rel=\"nofollow noopener\" target=\"_blank\">Atlanta Stadium<\/a> in Atlanta. Schottland gegen Brasilien steigt im <a href=\"https:\/\/www.fussballnationalmannschaft.net\/fussballstadion\/miami-hard-rock-stadium-wm-2026-stadion\" rel=\"nofollow noopener\" target=\"_blank\">Miami Hard Rock Stadium<\/a> in Miami. S\u00fcdafrika gegen S\u00fcdkorea steigt im <a href=\"https:\/\/www.fussballnationalmannschaft.net\/fussballstadion\/estadio-bbva\" rel=\"nofollow noopener\" target=\"_blank\">Estadio BBVA<\/a> in Guadalupe. Tschechien gegen Mexiko steigt im <a href=\"https:\/\/www.fussballnationalmannschaft.net\/fussballstadion\/estadio-azteca\" rel=\"nofollow noopener\" target=\"_blank\">Estadio Azteca (Aztekenstadion)<\/a> in Mexiko City. Cura\u00e7ao gegen Elfenbeink\u00fcste steigt im <a href=\"https:\/\/www.fussballnationalmannschaft.net\/fussballstadion\/philadelphia-lincoln-financial-field-wm-2026-stadion\" rel=\"nofollow noopener\" target=\"_blank\">Philadelphia Lincoln Financial Field<\/a> in Philadelphia. Ecuador gegen Deutschland steigt im <a href=\"https:\/\/www.fussballnationalmannschaft.net\/fussballstadion\/metlife-stadium-new-york-wm-2026-stadion\" rel=\"nofollow noopener\" target=\"_blank\">MetLife Stadium New York<\/a> in East Rutherford. Alle Arenen geh\u00f6ren zu den 16 Spielorten der WM 2026 in den USA, Mexiko und Kanada.<\/p>\n<p>Fu\u00dfball heute live im TV: Wer \u00fcbertr\u00e4gt die WM 2026 Spiele am 25.6.?<\/p>\n<ul>\n<li> <strong>00:00 Uhr, Marokko gegen Haiti:<\/strong> live im <a href=\"https:\/\/www.fussballnationalmannschaft.net\/zdf-livestream\" rel=\"nofollow noopener\" target=\"_blank\">ZDF<\/a> und bei <a href=\"https:\/\/www.fussballnationalmannschaft.net\/fussball-wm-2026\/fifa-wm-2026-bei-magentatv\" rel=\"nofollow noopener\" target=\"_blank\">MagentaTV<\/a><\/li>\n<li> <strong>00:00 Uhr, Schottland gegen Brasilien:<\/strong> exklusiv bei <a href=\"https:\/\/www.fussballnationalmannschaft.net\/fussball-wm-2026\/fifa-wm-2026-bei-magentatv\" rel=\"nofollow noopener\" target=\"_blank\">MagentaTV<\/a><\/li>\n<li> <strong>03:00 Uhr, S\u00fcdafrika gegen S\u00fcdkorea:<\/strong> exklusiv bei <a href=\"https:\/\/www.fussballnationalmannschaft.net\/fussball-wm-2026\/fifa-wm-2026-bei-magentatv\" rel=\"nofollow noopener\" target=\"_blank\">MagentaTV<\/a><\/li>\n<li> <strong>03:00 Uhr, Tschechien gegen Mexiko:<\/strong> exklusiv bei <a href=\"https:\/\/www.fussballnationalmannschaft.net\/fussball-wm-2026\/fifa-wm-2026-bei-magentatv\" rel=\"nofollow noopener\" target=\"_blank\">MagentaTV<\/a><\/li>\n<li> <strong>22:00 Uhr, Cura\u00e7ao gegen Elfenbeink\u00fcste:<\/strong> exklusiv bei <a href=\"https:\/\/www.fussballnationalmannschaft.net\/fussball-wm-2026\/fifa-wm-2026-bei-magentatv\" rel=\"nofollow noopener\" target=\"_blank\">MagentaTV<\/a><\/li>\n<li> <strong>22:00 Uhr, Ecuador gegen Deutschland:<\/strong> live in der <a href=\"https:\/\/www.fussballnationalmannschaft.net\/ard-livestream\" rel=\"nofollow noopener\" target=\"_blank\">ARD<\/a> und bei <a href=\"https:\/\/www.fussballnationalmannschaft.net\/fussball-wm-2026\/fifa-wm-2026-bei-magentatv\" rel=\"nofollow noopener\" target=\"_blank\">MagentaTV<\/a><\/li>\n<\/ul>\n<p>Schottland gegen Brasilien und S\u00fcdafrika gegen S\u00fcdkorea und Tschechien gegen Mexiko und Cura\u00e7ao gegen Elfenbeink\u00fcste laufen heute exklusiv bei MagentaTV und damit nicht im Free-TV. MagentaTV \u00fcbertr\u00e4gt alle 104 Spiele der WM 2026 live und in UHD\/4K, 44 Partien davon exklusiv. Alle Details zum Angebot findest du auf unserer \u00dcbersichtsseite <a href=\"https:\/\/www.fussballnationalmannschaft.net\/fussball-wm-2026\/fifa-wm-2026-bei-magentatv\" rel=\"nofollow noopener\" target=\"_blank\">FIFA WM 2026 bei MagentaTV<\/a>.<\/p>\n<p>Diese Artikel k\u00f6nnten dich auch interessieren:<\/p>\n","protected":false},"excerpt":{"rendered":"Inhaltsverzeichnis &#8211; das findest du hier Der dritte und letzte Spieltag der WM-2026-Gruppenphase biegt auf die Zielgerade ein:&hellip;\n","protected":false},"author":2,"featured_media":1121895,"comment_status":"","ping_status":"","sticky":false,"template":"","format":"standard","meta":{"footnotes":"","_share_on_mastodon":"0"},"categories":[5],"tags":[223,5697,236793,236794,29,236795,1990,63828,13,6461,53,2498,236796,3876,208,14,15,12,5383,236797,8267,613,7116,10,8,9,11,12475,64,59416,236798,236799,236800,232587,236801,1448],"class_list":["post-1121894","post","type-post","status-publish","format-standard","has-post-thumbnail","category-nachrichten","tag-ard","tag-brasilien","tag-cuw-civ","tag-cze-mex","tag-deutschland","tag-ecu-ger","tag-ecuador","tag-elfenbeinkueste","tag-headlines","tag-heute","tag-kanada","tag-magentatv","tag-mar-hai","tag-marokko","tag-mexiko","tag-nachrichten","tag-news","tag-schlagzeilen","tag-schottland","tag-sco-bra","tag-spiele","tag-suedkorea","tag-suedafrika","tag-top-news","tag-top-meldungen","tag-topmeldungen","tag-topnews","tag-tschechien","tag-usa","tag-wm-2026","tag-wm-gruppe-a","tag-wm-gruppe-c","tag-wm-gruppe-e","tag-wm-spielplan","tag-zaf-kor","tag-zdf"],"share_on_mastodon":{"url":"https:\/\/pubeurope.com\/@de\/116813354092423852","error":""},"_links":{"self":[{"href":"https:\/\/www.europesays.com\/de\/wp-json\/wp\/v2\/posts\/1121894","targetHints":{"allow":["GET"]}}],"collection":[{"href":"https:\/\/www.europesays.com\/de\/wp-json\/wp\/v2\/posts"}],"about":[{"href":"https:\/\/www.europesays.com\/de\/wp-json\/wp\/v2\/types\/post"}],"author":[{"embeddable":true,"href":"https:\/\/www.europesays.com\/de\/wp-json\/wp\/v2\/users\/2"}],"replies":[{"embeddable":true,"href":"https:\/\/www.europesays.com\/de\/wp-json\/wp\/v2\/comments?post=1121894"}],"version-history":[{"count":0,"href":"https:\/\/www.europesays.com\/de\/wp-json\/wp\/v2\/posts\/1121894\/revisions"}],"wp:featuredmedia":[{"embeddable":true,"href":"https:\/\/www.europesays.com\/de\/wp-json\/wp\/v2\/media\/1121895"}],"wp:attachment":[{"href":"https:\/\/www.europesays.com\/de\/wp-json\/wp\/v2\/media?parent=1121894"}],"wp:term":[{"taxonomy":"category","embeddable":true,"href":"https:\/\/www.europesays.com\/de\/wp-json\/wp\/v2\/categories?post=1121894"},{"taxonomy":"post_tag","embeddable":true,"href":"https:\/\/www.europesays.com\/de\/wp-json\/wp\/v2\/tags?post=1121894"}],"curies":[{"name":"wp","href":"https:\/\/api.w.org\/{rel}","templated":true}]}}