{"id":1121980,"date":"2026-06-26T00:25:23","date_gmt":"2026-06-26T00:25:23","guid":{"rendered":"https:\/\/www.europesays.com\/de\/1121980\/"},"modified":"2026-06-26T00:25:23","modified_gmt":"2026-06-26T00:25:23","slug":"erleben-sie-6-speakerinnen-je-10-minuten-mit-spannenden-vortraegen-rund-um-motivation-fuehrung-management-am-9-juli-in-leipzig-fql-froehlich-qualitaet-liefern-story","status":"publish","type":"post","link":"https:\/\/www.europesays.com\/de\/1121980\/","title":{"rendered":"Erleben Sie 6 Speaker:innen je 10 Minuten mit spannenden Vortr\u00e4gen rund um Motivation, F\u00fchrung &#038; Management am 9. Juli in Leipzig, FQL &#8211; Fr\u00f6hlich Qualit\u00e4t Liefern, Story"},"content":{"rendered":"<p>Frische Impulse, starke Stimmen und gelebtes Miteinander: Die GSA-Inspirationstour 2026 bringt die Energie der <a href=\"http:\/\/germanspeakers.org\" class=\"bbcode_url\" target=\"_blank\" rel=\"nofollow noopener\">German Speakers Association<\/a> direkt in die Regionen. Acht Abende, acht St\u00e4dte, 48 Speaker \u2013 und unz\u00e4hlige inspirierende Begegnungen. Von M\u00fcnchen bis Hannover macht die Tour Halt in ausgew\u00e4hlten H-Hotels. Hier die \u00dcbersicht der <b>Themen und Redner\/innen am 9. Juli in Leipzig<\/b>:<\/p>\n<p><b>Die Wunde des Schweigens<\/b><br \/>Ilona Sch\u00f6nwald<\/p>\n<p><b>Wenn Empathie auf Blaulicht trifft &#8211; Echtes Hinsehen ist oft die beste Erste Hilfe<\/b><br \/>Ute Herzog<\/p>\n<p><b>Einfach mal weg \u2013 Warum eine Auszeit kein Luxus ist <\/b><br \/>Ina B\u00e4r<\/p>\n<p><b>Jetzt die Sonne anzapfen&#8230;<\/b><br \/>J\u00f6rg Sutter<\/p>\n<p><b>Tempo ist kein F\u00fchrungsstil. Und Optimierung nicht die Antwort.<\/b><br \/>Felicitas Richter<\/p>\n<p><b>Was du sagst, sagt mehr als du denkst<\/b><br \/>Alexandra Kampmeier<\/p>\n<p><b>Hier gibt\u2019s Tickets: <a href=\"https:\/\/09-07.GSA-Regionalgruppe.de\" class=\"bbcode_url\" target=\"_blank\" rel=\"nofollow noopener\">https:\/\/09-07.GSA-Regionalgruppe.de<\/a><\/b><\/p>\n<ul class=\"bbcode_list\">\n<li><b>Termin:<\/b> Donnerstag,<b> 9. Juli 2026<\/b> \u2013 Einlass ab 18:30 Uhr \u2013 Beginn: 19:00 Uhr<\/li>\n<li><b>Ort:<\/b> Hyperion Hotel, Sachsenseite 7, 04103 Leipzig (Direkt am HBF)<\/li>\n<li><b>Preis: 12,00 \u20ac<\/b> (inkl. Getr\u00e4nke!)<\/li>\n<\/ul>\n<p><b>Was Dich erwartet <\/b><\/p>\n<p>Ein lebendiges Abendformat von 18:30 bis 21:00 Uhr, kompakt, dicht und \u00fcberraschend. Sechs GSA-Mitglieder aus der jeweiligen Region betreten die B\u00fchne \u2013 jede*r mit einem knackigen 10-Minuten-Impulsvortrag. Klar, pointiert, inspirierend. Ob Leadership, Vertrieb, Pers\u00f6nlichkeitsentwicklung, Mindset oder Zukunftskompetenzen: Jedes Event bietet ein kuratiertes Themenfeuerwerk, das dich zum Denken, Schmunzeln oder mutigen Handeln anstiftet.<\/p>\n<p><b>Die Atmosph\u00e4re?<\/b><\/p>\n<p>Professionell \u2013 und gleichzeitig herrlich unkompliziert. In den 60\u201380 qm gro\u00dfen R\u00e4umen erwartet dich eine Mischung aus Theaterbestuhlung und entspannten Stehtischen. Das Publikum: 30\u201340 Gleichgesinnte, Coaches, Unternehmer:innen, Trainer:innen, Speaker \u2013 Menschen, die etwas bewegen wollen. Das Beste: <b>F\u00fcr nur 12 Euro bist du dabei<\/b> \u2013 inklusive Getr\u00e4nkepauschale!<\/p>\n<p><b>Begegnungsraum und Netzwerkbooster<\/b><\/p>\n<p>Doch die Inspirationstour ist weit mehr als eine B\u00fchne. Sie ist ein Begegnungsraum. Ein Netzwerkbooster. Ein Br\u00fcckenbauer zwischen GSA, Regionalgruppen und den Menschen vor Ort. Ihr Ziel: regionale Netzwerke st\u00e4rken, die Sichtbarkeit der GSA erh\u00f6hen, neue Mitglieder und Partner gewinnen \u2013 und dabei echten Mehrwert schaffen. Ob M\u00fcnchen im April, Hamburg im August oder Berlin im Oktober \u2013 jeder Abend wird gemeinsam mit den Regionalgruppen gestaltet und lebt von der Hands-on-Mentalit\u00e4t aller Beteiligten.<br \/>Hier gibt es die <b>Tickets: <a href=\"https:\/\/09-07.GSA-Regionalgruppe.de\" class=\"bbcode_url\" target=\"_blank\" rel=\"nofollow noopener\">https:\/\/09-07.GSA-Regionalgruppe.de<\/a><\/b><\/p>\n<p><b>Infos zur GSA &#8211; German Speakers Association<\/b><\/p>\n<p>Die GSA (German Speakers Association) ist der weltweit gr\u00f6\u00dfte Berufsverband f\u00fcr professionelle Redner. Die GSA-Regionalgruppen f\u00fcr die Regionen M\u00fcnchen, Hamburg, Rhein-Main, K\u00f6ln\/Bonn, S\u00fcdwest und Berlin verstehen sich als Plattform zum pers\u00f6nlichen Kennenlernen und f\u00fcr den Austausch von GSA-Mitgliedern und GSA-Freunden\/Interessenten innerhalb einer Region. Sie f\u00f6rdern den Erfahrungsaustausch und Wissenstransfer f\u00fcr die &#8222;sprechende Zunft&#8220; (Trainer, Redner, Vortragende, Speaker, Weiterbildungsprofis) und bieten die M\u00f6glichkeit, neue Ideen auszuprobieren. Weitere Ziele sind die gegenseitige Qualifizierung und pers\u00f6nliche Weiterentwicklung von Ideen und Kooperationen, die Pr\u00e4senz in der Region und Sichtbarkeit f\u00fcr GSA-Interessierte und die Kooperation mit anderen regionalen Verb\u00e4nden.<\/p>\n","protected":false},"excerpt":{"rendered":"Frische Impulse, starke Stimmen und gelebtes Miteinander: Die GSA-Inspirationstour 2026 bringt die Energie der German Speakers Association direkt&hellip;\n","protected":false},"author":2,"featured_media":1121981,"comment_status":"","ping_status":"","sticky":false,"template":"","format":"standard","meta":{"footnotes":"","_share_on_mastodon":"0"},"categories":[1832],"tags":[236819,3364,29,195301,6750,236816,30,236821,236815,114179,38262,71,58172,236820,60568,236818,859,236817],"class_list":["post-1121980","post","type-post","status-publish","format-standard","has-post-thumbnail","category-leipzig","tag-abendevent","tag-de","tag-deutschland","tag-erfahrungsaustausch","tag-fuehrung","tag-german-speakers-association","tag-germany","tag-gsa","tag-gsa-inspirationstour","tag-impulsvortrag","tag-leadership","tag-leipzig","tag-motivation","tag-netzwerk-abend","tag-persoenlichkeitsentwicklung","tag-rednerverband","tag-sachsen","tag-zukunftskompetenzen"],"share_on_mastodon":{"url":"https:\/\/pubeurope.com\/@de\/116813570263236773","error":""},"_links":{"self":[{"href":"https:\/\/www.europesays.com\/de\/wp-json\/wp\/v2\/posts\/1121980","targetHints":{"allow":["GET"]}}],"collection":[{"href":"https:\/\/www.europesays.com\/de\/wp-json\/wp\/v2\/posts"}],"about":[{"href":"https:\/\/www.europesays.com\/de\/wp-json\/wp\/v2\/types\/post"}],"author":[{"embeddable":true,"href":"https:\/\/www.europesays.com\/de\/wp-json\/wp\/v2\/users\/2"}],"replies":[{"embeddable":true,"href":"https:\/\/www.europesays.com\/de\/wp-json\/wp\/v2\/comments?post=1121980"}],"version-history":[{"count":0,"href":"https:\/\/www.europesays.com\/de\/wp-json\/wp\/v2\/posts\/1121980\/revisions"}],"wp:featuredmedia":[{"embeddable":true,"href":"https:\/\/www.europesays.com\/de\/wp-json\/wp\/v2\/media\/1121981"}],"wp:attachment":[{"href":"https:\/\/www.europesays.com\/de\/wp-json\/wp\/v2\/media?parent=1121980"}],"wp:term":[{"taxonomy":"category","embeddable":true,"href":"https:\/\/www.europesays.com\/de\/wp-json\/wp\/v2\/categories?post=1121980"},{"taxonomy":"post_tag","embeddable":true,"href":"https:\/\/www.europesays.com\/de\/wp-json\/wp\/v2\/tags?post=1121980"}],"curies":[{"name":"wp","href":"https:\/\/api.w.org\/{rel}","templated":true}]}}