{"id":1122159,"date":"2026-06-26T02:15:21","date_gmt":"2026-06-26T02:15:21","guid":{"rendered":"https:\/\/www.europesays.com\/de\/1122159\/"},"modified":"2026-06-26T02:15:21","modified_gmt":"2026-06-26T02:15:21","slug":"nagelsmann-rueffelt-kerner-hoert-auf-mit-dem-quatsch","status":"publish","type":"post","link":"https:\/\/www.europesays.com\/de\/1122159\/","title":{"rendered":"Nagelsmann r\u00fcffelt Kerner: \u00abH\u00f6rt auf mit dem Quatsch\u00bb"},"content":{"rendered":"<p>Fu\u00dfball-Nationalmannschaft <\/p>\n<p>Nagelsmann r\u00fcffelt Kerner: &#8222;H\u00f6rt auf mit dem Quatsch&#8220;<\/p>\n<p>Aktualisiert am 26.06.2026 &#8211; 01:56 UhrLesedauer: 1 Min.<\/p>\n<p><a href=\"#focus-0\" class=\"transition-colors block text-current relative\" data-sctrack=\"FocusGalleryImage.Reference\"><img fetchpriority=\"high\" data-testid=\"Opener.Image\"   loading=\"eager\" src=\"https:\/\/www.europesays.com\/de\/wp-content\/uploads\/2026\/06\/julian-nagelsmann-2-v-l-redet-gegen-johannes-b-kerner-l-an.jpg\" alt=\"WM 2026 - Ecuador - Deutschland\" title=\"WM 2026 - Ecuador - Deutschland\" width=\"2048\" height=\"1152\" class=\"bg-[url:var(--lqipURL)] bg-cover bg-center flex h-full w-full max-w-full\" style=\"--lqipURL:url('https:\/\/images.t-online.de\/2026\/06\/N2GuwPXNoz1G\/0x107:2048x1152\/fit-in\/150x0\/filters:blur(25)\/julian-nagelsmann-2-v-l-redet-gegen-johannes-b-kerner-l-an.jpg')\" decoding=\"async\"\/><img loading=\"lazy\" src=\"https:\/\/www.t-online.de\/s\/paper\/_next\/static\/media\/zoom-in.f7dae02f.svg\" alt=\"Vergr\u00f6\u00dfern des Bildes\" title=\"Vergr\u00f6\u00dfern des Bildes\" class=\"block h-[calc(var(--height)_\/_16_*_1rem)] w-[calc(var(--width)_\/_16_*_1rem)] max-w-none absolute right-8 bottom-8 rounded-4 bg-snow p-8\" style=\"--width:32;--height:32\" decoding=\"async\"\/><\/a><\/p>\n<p>Julian Nagelsmann (2.v.l.) redet gegen Johannes B. Kerner (l.) an. (Quelle: Tom Weller\/dpa\/dpa-bilder)<\/p>\n<p><img loading=\"lazy\" src=\"https:\/\/www.t-online.de\/s\/paper\/_next\/static\/media\/audio-volume.6689034c.svg\" alt=\"\" title=\"\" class=\"block h-[calc(var(--height)_\/_16_*_1rem)] w-[calc(var(--width)_\/_16_*_1rem)] max-w-none group-hover:brightness-0 group-hover:invert\" style=\"--width:16;--height:16\" decoding=\"async\"\/>Vorlesen<\/p>\n<p>Aktuelle Zeit:0:00Gesamtdauer:0:00<\/p>\n<p>1x<\/p>\n<p class=\"text-center\">Jetzt neu bei t-online:<\/p>\n<p class=\"text-center\">Schriftgr\u00f6\u00dfe anpassen!<\/p>\n<p><img loading=\"lazy\" src=\"https:\/\/www.t-online.de\/s\/paper\/_next\/static\/media\/font-sizes.32942e33.svg\" alt=\"\" title=\"\" class=\"block h-[calc(var(--height)_\/_16_*_1rem)] w-[calc(var(--width)_\/_16_*_1rem)] max-w-none group-hover:hidden group-aria-expanded:hidden\" style=\"--width:16;--height:16\" decoding=\"async\"\/><img loading=\"lazy\" src=\"https:\/\/www.t-online.de\/s\/paper\/_next\/static\/media\/font-sizes-dark-mode.e382645c.svg\" alt=\"\" title=\"\" class=\"block h-[calc(var(--height)_\/_16_*_1rem)] w-[calc(var(--width)_\/_16_*_1rem)] max-w-none hidden group-hover:block group-aria-expanded:block\" style=\"--width:16;--height:16\" decoding=\"async\"\/><img loading=\"lazy\" src=\"https:\/\/www.t-online.de\/s\/paper\/_next\/static\/media\/sharing-menu-icon.1eb71368.svg\" alt=\"\" title=\"\" class=\"block h-[calc(var(--height)_\/_16_*_1rem)] w-[calc(var(--width)_\/_16_*_1rem)] max-w-none group-hover:brightness-0 group-hover:invert\" style=\"--width:16;--height:16\" decoding=\"async\"\/>Artikel teilen<\/p>\n<p class=\"font-bold text-18 leading-17 user-text-lg:text-22 user-text-xl:text-24\">Nagelsmann kontert die Kritik von Magenta-TV-Moderator Kerner scharf. Pauschale Vorw\u00fcrfe in puncto Einstellung mag der Fu\u00dfball-Bundestrainer nicht.<\/p>\n<p class=\"text-18 leading-17 user-text-lg:text-22 user-text-xl:text-24\"><a href=\"https:\/\/www.t-online.de\/themen\/julian-nagelsmann\/\" class=\"transition-colors cursor-pointer no-underline md:hover:text-magenta md:focus:text-magenta border-b border-solid border-current text-salemsfur md:hover:border-magenta\" data-tracking=\"{&quot;action&quot;:&quot;click&quot;,&quot;category&quot;:&quot;intextLink&quot;,&quot;label&quot;:&quot;\/themen\/julian-nagelsmann\/&quot;}\" data-sctrack=\"BodyAnchor\" rel=\"nofollow noopener\" target=\"_blank\">Julian Nagelsmann<\/a> hat eine Frage von Magenta-TV-Moderator <a href=\"https:\/\/www.t-online.de\/themen\/johannes-b-kerner\/\" class=\"transition-colors cursor-pointer no-underline md:hover:text-magenta md:focus:text-magenta border-b border-solid border-current text-salemsfur md:hover:border-magenta\" data-tracking=\"{&quot;action&quot;:&quot;click&quot;,&quot;category&quot;:&quot;intextLink&quot;,&quot;label&quot;:&quot;\/themen\/johannes-b-kerner\/&quot;}\" data-sctrack=\"BodyAnchor\" rel=\"nofollow noopener\" target=\"_blank\">Johannes B. Kerner<\/a> nach dem 1:2 im dritten WM-Vorrundenspiel gegen Ecuador \u00fcberhaupt nicht gefallen. &#8222;Bitte h\u00f6rt auf mit dem Quatsch, ehrlich. Warum wollten die Jungs nicht Vollgas geben?&#8220;, antwortete der Fu\u00dfball-Bundestrainer auf Kerners Frage, ob der deutschen Mannschaft das letzte Engagement gefehlt habe angesichts des bereits zuvor feststehenden Gruppensiegs.<\/p>\n<p class=\"text-18 leading-17 user-text-lg:text-22 user-text-xl:text-24\">Ecuador habe es ein bisschen mehr gewollt, insistierte Kerner. Auch das wollte Nagelsmann so nicht stehen lassen: &#8222;Nee, die wollte es nicht mehr&#8220;, sagte der 38 Jahre alte Cheftrainer. &#8222;Die haben halt ein bisschen mehr Risiko genommen in vielen Aktionen.&#8220; Durch den Sieg gegen die favorisierte <a href=\"https:\/\/www.t-online.de\/themen\/nationalmannschaft-deutschland\/\" class=\"transition-colors cursor-pointer no-underline md:hover:text-magenta md:focus:text-magenta border-b border-solid border-current text-salemsfur md:hover:border-magenta\" data-tracking=\"{&quot;action&quot;:&quot;click&quot;,&quot;category&quot;:&quot;intextLink&quot;,&quot;label&quot;:&quot;\/themen\/nationalmannschaft-deutschland\/&quot;}\" data-sctrack=\"BodyAnchor\" rel=\"nofollow noopener\" target=\"_blank\">DFB-Elf<\/a> steht Ecuador als Gruppendritter wie Nagelsmanns Team und der Tabellenzweite Elfenbeink\u00fcste ebenfalls im Sechzehntelfinale. <\/p>\n<p>Nagelsmann: &#8222;Das ist mir viel zu plakativ&#8220;<\/p>\n<p class=\"text-18 leading-17 user-text-lg:text-22 user-text-xl:text-24\">Einen Einfluss habe die Gruppenkonstellation allerdings schon gehabt, gab Nagelsmann zu. &#8222;Nat\u00fcrlich haben wir anders gewechselt, als wir gewechselt h\u00e4tten, vielleicht in Momenten, wo wir zwingend noch ein Tor brauchen. Aber ich kann jetzt keinem Spieler sagen, er hat nicht Gas gegeben. Das ist mir viel zu plakativ.&#8220;<\/p>\n","protected":false},"excerpt":{"rendered":"Fu\u00dfball-Nationalmannschaft Nagelsmann r\u00fcffelt Kerner: &#8222;H\u00f6rt auf mit dem Quatsch&#8220; Aktualisiert am 26.06.2026 &#8211; 01:56 UhrLesedauer: 1 Min. Julian&hellip;\n","protected":false},"author":2,"featured_media":1122160,"comment_status":"","ping_status":"","sticky":false,"template":"","format":"standard","meta":{"footnotes":"","_share_on_mastodon":"0"},"categories":[1773],"tags":[29,1990,214,31007,30,2497,2602,86956,31680,471,1780,215],"class_list":["post-1122159","post","type-post","status-publish","format-standard","has-post-thumbnail","category-serien","tag-deutschland","tag-ecuador","tag-entertainment","tag-fussball-nationalmannschaft","tag-germany","tag-johannes-b-kerner","tag-julian-nagelsmann","tag-magenta","tag-quatsch","tag-serien","tag-series","tag-unterhaltung"],"share_on_mastodon":{"url":"https:\/\/pubeurope.com\/@de\/116814004512653399","error":""},"_links":{"self":[{"href":"https:\/\/www.europesays.com\/de\/wp-json\/wp\/v2\/posts\/1122159","targetHints":{"allow":["GET"]}}],"collection":[{"href":"https:\/\/www.europesays.com\/de\/wp-json\/wp\/v2\/posts"}],"about":[{"href":"https:\/\/www.europesays.com\/de\/wp-json\/wp\/v2\/types\/post"}],"author":[{"embeddable":true,"href":"https:\/\/www.europesays.com\/de\/wp-json\/wp\/v2\/users\/2"}],"replies":[{"embeddable":true,"href":"https:\/\/www.europesays.com\/de\/wp-json\/wp\/v2\/comments?post=1122159"}],"version-history":[{"count":0,"href":"https:\/\/www.europesays.com\/de\/wp-json\/wp\/v2\/posts\/1122159\/revisions"}],"wp:featuredmedia":[{"embeddable":true,"href":"https:\/\/www.europesays.com\/de\/wp-json\/wp\/v2\/media\/1122160"}],"wp:attachment":[{"href":"https:\/\/www.europesays.com\/de\/wp-json\/wp\/v2\/media?parent=1122159"}],"wp:term":[{"taxonomy":"category","embeddable":true,"href":"https:\/\/www.europesays.com\/de\/wp-json\/wp\/v2\/categories?post=1122159"},{"taxonomy":"post_tag","embeddable":true,"href":"https:\/\/www.europesays.com\/de\/wp-json\/wp\/v2\/tags?post=1122159"}],"curies":[{"name":"wp","href":"https:\/\/api.w.org\/{rel}","templated":true}]}}