{"id":1122206,"date":"2026-06-26T02:42:07","date_gmt":"2026-06-26T02:42:07","guid":{"rendered":"https:\/\/www.europesays.com\/de\/1122206\/"},"modified":"2026-06-26T02:42:07","modified_gmt":"2026-06-26T02:42:07","slug":"kreis-herford-jugendaemter-greifen-weniger-ein","status":"publish","type":"post","link":"https:\/\/www.europesays.com\/de\/1122206\/","title":{"rendered":"Kreis Herford: Jugend\u00e4mter greifen weniger ein"},"content":{"rendered":"<p>Die Jugend\u00e4mter im Kreis Herford sind im vergangenen Jahr etwas seltener aktiv geworden. Sie haben 141-mal Kinder und Jugendliche in Obhut genommen. Das waren 23 F\u00e4lle weniger als im Jahr davor, zeigt eine Landesstatistik.\u00a0<\/p>\n<p>\u00dcberforderte Eltern, vernachl\u00e4ssigte Kinder<\/p>\n<p>Meistens waren Eltern \u00fcberfordert oder es gab Anzeichen, dass Kinder vernachl\u00e4ssigt wurden. In 27 F\u00e4llen gab es laut der Statistik Hinweise auf k\u00f6rperliche oder psychische Misshandlungen. 14-mal ging es um sexuelle Gewalt, was gegen\u00fcber dem Vorjahr einen leichten Anstieg bedeutet.\u00a0<br \/>\u00a0<\/p>\n","protected":false},"excerpt":{"rendered":"Die Jugend\u00e4mter im Kreis Herford sind im vergangenen Jahr etwas seltener aktiv geworden. Sie haben 141-mal Kinder und&hellip;\n","protected":false},"author":2,"featured_media":1122207,"comment_status":"","ping_status":"","sticky":false,"template":"","format":"standard","meta":{"footnotes":"","_share_on_mastodon":"0"},"categories":[1841],"tags":[1605,3364,29,30,76479,26267,1209,76480],"class_list":["post-1122206","post","type-post","status-publish","format-standard","has-post-thumbnail","category-bielefeld","tag-bielefeld","tag-de","tag-deutschland","tag-germany","tag-jugendaemter","tag-kreis-herford","tag-nordrhein-westfalen","tag-obhut"],"share_on_mastodon":{"url":"","error":""},"_links":{"self":[{"href":"https:\/\/www.europesays.com\/de\/wp-json\/wp\/v2\/posts\/1122206","targetHints":{"allow":["GET"]}}],"collection":[{"href":"https:\/\/www.europesays.com\/de\/wp-json\/wp\/v2\/posts"}],"about":[{"href":"https:\/\/www.europesays.com\/de\/wp-json\/wp\/v2\/types\/post"}],"author":[{"embeddable":true,"href":"https:\/\/www.europesays.com\/de\/wp-json\/wp\/v2\/users\/2"}],"replies":[{"embeddable":true,"href":"https:\/\/www.europesays.com\/de\/wp-json\/wp\/v2\/comments?post=1122206"}],"version-history":[{"count":0,"href":"https:\/\/www.europesays.com\/de\/wp-json\/wp\/v2\/posts\/1122206\/revisions"}],"wp:featuredmedia":[{"embeddable":true,"href":"https:\/\/www.europesays.com\/de\/wp-json\/wp\/v2\/media\/1122207"}],"wp:attachment":[{"href":"https:\/\/www.europesays.com\/de\/wp-json\/wp\/v2\/media?parent=1122206"}],"wp:term":[{"taxonomy":"category","embeddable":true,"href":"https:\/\/www.europesays.com\/de\/wp-json\/wp\/v2\/categories?post=1122206"},{"taxonomy":"post_tag","embeddable":true,"href":"https:\/\/www.europesays.com\/de\/wp-json\/wp\/v2\/tags?post=1122206"}],"curies":[{"name":"wp","href":"https:\/\/api.w.org\/{rel}","templated":true}]}}