{"id":1122265,"date":"2026-06-26T03:18:17","date_gmt":"2026-06-26T03:18:17","guid":{"rendered":"https:\/\/www.europesays.com\/de\/1122265\/"},"modified":"2026-06-26T03:18:17","modified_gmt":"2026-06-26T03:18:17","slug":"rb-leipzig-er-verzichtet-extra-auf-die-u19-em-andrija-maksimovic-kaempft-um-neue-chance-sport","status":"publish","type":"post","link":"https:\/\/www.europesays.com\/de\/1122265\/","title":{"rendered":"RB Leipzig: Er verzichtet extra auf die U19-EM! Andrija Maksimovic k\u00e4mpft um neue Chance | Sport"},"content":{"rendered":"<p><a class=\"skip-content skip-content--link\" href=\"#in-content-skip-link-target-v-0-0\">TTS-Player \u00fcberspringen\u21b5<\/a><a id=\"in-content-skip-link-target-v-0-0\" class=\"skip-content--target-link-hidden skip-content skip-content--target-link\" href=\"#in-content-skip-link-target-v-0-0\">Artikel weiterlesen<\/a><\/p>\n<p data-21134c99=\"0-1932\"><b>Er geh\u00f6rt zu Europas Top-Talenten. Doch z\u00fcnden konnte Andrija Maksimovic (19) in seiner Premierensaison bei RB Leipzig noch nicht. Im Gegenteil, das serbische Offensivjuwel kam kaum zum Zug.<\/b><\/p>\n<p data-21134c99=\"0-1932\">Gerade einmal 88 Minuten sammelte das serbische Offensivjuwel in acht Bundesliga-Eins\u00e4tzen unter Ex-Trainer Ole Werner (38).<b> <\/b>Zu wenig f\u00fcr seine eigenen Anspr\u00fcche \u2013 aber auch f\u00fcr Global Sportboss J\u00fcrgen Klopp (59), der sich vergangenen Sommer f\u00fcr den 14-Mio-Transfer von Roter Stern Belgrad starkgemacht hatte.<\/p>\n<p>Maksimovic will sich in Leipzig durchsetzen<\/p>\n<p data-21134c99=\"0-1932\">Klar: Auch unter Werner h\u00e4tte Maksimovic durch Leipzigs Teilnahme an der Champions League k\u00fcnftig mehr Chancen auf Spielzeit gehabt. Doch mit dem Trainerwechsel zu Mart\u00edn Demichelis (45) d\u00fcrften die noch einmal um ein Vielfaches gestiegen sein.<\/p>\n<p>Mehr zum Thema<\/p>\n<p data-21134c99=\"0-1932\">Das scheint auch dem Serben bewusst zu sein. Um sich in seinem zweiten Jahr bei RB Leipzig endlich durchzusetzen, verzichtet Maksimovic freiwillig auf die Teilnahme an der am Sonntag beginnenden U19-Europameisterschaft in Wales.<\/p>\n<p data-21134c99=\"0-1932\">Nach BILD-Informationen fiel die Entscheidung nach einer Absprache mit der sportlichen F\u00fchrung von <a href=\"https:\/\/www.bild.de\/sport\/fussball\/rb-leipzig\/startseite-leipzig-31148870.bild.html\" class=\"text-link\" rel=\"nofollow noopener\" target=\"_blank\">RB Leipzig<\/a>.<\/p>\n<p>Serbe geht ausgeruht in die Vorbereitung<\/p>\n<p data-21134c99=\"0-1932\">Vorteil f\u00fcr den Serben, der auch schon neun A-L\u00e4nderspiele absolviert hat: Statt einer zus\u00e4tzlichen Turnierbelastung mit Gruppenspielen gegen Italien, Kroatien und die Ukraine kann er ab dem 10. Juli ausgeruht zu den Leistungstests in Leipzig erscheinen. Anschlie\u00dfend absolviert er die komplette Vorbereitung unter Demichelis.<\/p>\n<p><img decoding=\"async\" width=\"992\" height=\"558\" alt=\"Die Bank war zum Gro\u00dfteil der Stammplatz von Maksimovic (r.). Neben ihm: Torwart Maarten Vandevoordt (M.) und Ezechiel Banzuzi\" loading=\"lazy\" src=\"https:\/\/www.europesays.com\/de\/wp-content\/uploads\/2026\/06\/a52ec75470493638ccfedfd71443eca7,da4818f8.jpeg\"   class=\"landscape\"\/><\/p>\n<p class=\"fig__caption__text\">Die Bank war zum Gro\u00dfteil der Stammplatz von Maksimovic (r.). Neben ihm: Torwart Maarten Vandevoordt (M.) und Ezechiel Banzuzi<\/p>\n<p>Foto: Picture Point<\/p>\n<p data-21134c99=\"0-1932\">Hinzu kommt ein weiterer Faktor. Mit Topscorer Christoph Baumgartner (25) fehlt im offensiven Mittelfeld ein starker Konkurrent f\u00fcr l\u00e4ngere Zeit. Der \u00d6sterreicher hatte sich kurz vor der Weltmeisterschaft einen Sehnenriss im rechten Oberschenkel zugezogen.<\/p>\n<p data-21134c99=\"0-1932\">W\u00e4hrend der Saisonvorbereitung arbeitet Baumgartner an seinem Comeback. Maksimovic d\u00fcrfte zeitgleich als Ersatz f\u00fcr ihn versuchen, bei Demichelis zu punkten.<\/p>\n","protected":false},"excerpt":{"rendered":"TTS-Player \u00fcberspringen\u21b5Artikel weiterlesen Er geh\u00f6rt zu Europas Top-Talenten. Doch z\u00fcnden konnte Andrija Maksimovic (19) in seiner Premierensaison bei&hellip;\n","protected":false},"author":2,"featured_media":1122266,"comment_status":"","ping_status":"","sticky":false,"template":"","format":"standard","meta":{"footnotes":"","_share_on_mastodon":"0"},"categories":[1832],"tags":[3364,231305,29,538,30,7645,71,1655,859,803,3460,4581,539],"class_list":["post-1122265","post","type-post","status-publish","format-standard","has-post-thumbnail","category-leipzig","tag-de","tag-demichelis-martin","tag-deutschland","tag-erste-bundesliga","tag-germany","tag-klopp-juergen","tag-leipzig","tag-rb-leipzig","tag-sachsen","tag-spielertransfer","tag-sport-leuchtturm-leipzig","tag-sport-tag-im-ticker","tag-werner-ole"],"share_on_mastodon":{"url":"https:\/\/pubeurope.com\/@de\/116814250697612043","error":""},"_links":{"self":[{"href":"https:\/\/www.europesays.com\/de\/wp-json\/wp\/v2\/posts\/1122265","targetHints":{"allow":["GET"]}}],"collection":[{"href":"https:\/\/www.europesays.com\/de\/wp-json\/wp\/v2\/posts"}],"about":[{"href":"https:\/\/www.europesays.com\/de\/wp-json\/wp\/v2\/types\/post"}],"author":[{"embeddable":true,"href":"https:\/\/www.europesays.com\/de\/wp-json\/wp\/v2\/users\/2"}],"replies":[{"embeddable":true,"href":"https:\/\/www.europesays.com\/de\/wp-json\/wp\/v2\/comments?post=1122265"}],"version-history":[{"count":0,"href":"https:\/\/www.europesays.com\/de\/wp-json\/wp\/v2\/posts\/1122265\/revisions"}],"wp:featuredmedia":[{"embeddable":true,"href":"https:\/\/www.europesays.com\/de\/wp-json\/wp\/v2\/media\/1122266"}],"wp:attachment":[{"href":"https:\/\/www.europesays.com\/de\/wp-json\/wp\/v2\/media?parent=1122265"}],"wp:term":[{"taxonomy":"category","embeddable":true,"href":"https:\/\/www.europesays.com\/de\/wp-json\/wp\/v2\/categories?post=1122265"},{"taxonomy":"post_tag","embeddable":true,"href":"https:\/\/www.europesays.com\/de\/wp-json\/wp\/v2\/tags?post=1122265"}],"curies":[{"name":"wp","href":"https:\/\/api.w.org\/{rel}","templated":true}]}}