{"id":1122322,"date":"2026-06-26T03:52:19","date_gmt":"2026-06-26T03:52:19","guid":{"rendered":"https:\/\/www.europesays.com\/de\/1122322\/"},"modified":"2026-06-26T03:52:19","modified_gmt":"2026-06-26T03:52:19","slug":"die-karriere-eines-ns-taeters-aus-halle","status":"publish","type":"post","link":"https:\/\/www.europesays.com\/de\/1122322\/","title":{"rendered":"Die Karriere eines NS-T\u00e4ters aus Halle"},"content":{"rendered":"<p>        <img decoding=\"async\" src=\"https:\/\/www.europesays.com\/de\/wp-content\/uploads\/2026\/06\/ns-cliquen-von-menschen-und-moerdern-112.webp\" alt=\"NS Cliquen - Von Menschen und M\u00f6rdern\" title=\"NS Cliquen - Von Menschen und M\u00f6rdern | Grafik: Marie Ronniger\" class=\"responsive\"\/><\/p>\n<p>AUDIO: Ludolf und die Massaker (S03\/E01) (44 Min)<\/p>\n<p class=\"topline\">&#8222;Bubi&#8220; und der Massenmord<\/p>\n<p>\n                Stand: 26.06.2026 05:00 Uhr<\/p>\n<p class=\"preface\">Die 3. Staffel des Podcasts &#8222;NS-Cliquen: von Menschen und M\u00f6rdern&#8220; mit Dr. Stefan H\u00f6rdler und Journalistin Janine Funke startet in ARD Sounds und beleuchtet erneut f\u00fcnf bisher wenig pr\u00e4sente Lebenswege von Frauen und M\u00e4nnern im Terror- und Mord-System der NS-Zeit. Einer davon: Ludolf-Hermann von Alvensleben aus Halle (Saale) \u2013 fast zwei Meter gro\u00df, besonders brutal \u2013 mit einem \u00fcberraschenden Spitznamen. <\/p>\n<p class=\"textauthor\">von Susann Reich<\/p>\n<p class=\"\">Er war verantwortlich f\u00fcr Zehntausende Morde; ein \u00fcberzeugter SS-T\u00e4ter mit gro\u00dfen Ambitionen und einer steilen Karriere. Dazu war Ludolf-Hermann von Alvensleben mit 1,98 Meter ein \u00e4u\u00dferst stattlicher Mann. Dennoch trug er den \u00fcberraschenden Spitznamen &#8222;Bubi&#8220; &#8211; und mochte ihn. Im Bundesarchiv finden sich Briefe, die er mit dieser Kurzform unterschreibt. &#8222;Bubi&#8220; hatte eine enge, ja fast vertraute Beziehung zu SS-Chef Heinrich Himmler. Der Podcast zitiert Ausz\u00fcge aus seinen schmeichelnden, anbiedernden Briefen an Himmler.<\/p>\n<p>    Anbiederung und Mord<\/p>\n<p class=\"\">Von Alvensleben zeigte sich darin loyal und bereit, alles zu geben. So schrieb er Anfang Januar 1942: &#8222;Reichsf\u00fchrer, ich wiederhole nochmal meine guten W\u00fcnsche f\u00fcr das Jahr 1942, das fraglos hart werden wird. Zu solchen Zeiten sind Ihre alten Nationalsozialisten Ihnen in unersch\u00fctterlicher Treue besonders nahe.&#8220;<\/p>\n<p>                    <a href=\"https:\/\/www.europesays.com\/de\/wp-content\/uploads\/2026\/06\/ns-cliquen-von-menschen-und-moerdern-110.webp\" class=\"zoomimage\" title=\"Bild vergr\u00f6\u00dfern\"><\/p>\n<p>        <img decoding=\"async\" src=\"https:\/\/www.europesays.com\/de\/wp-content\/uploads\/2026\/06\/ns-cliquen-von-menschen-und-moerdern-110.webp\" alt=\"NS Cliquen - Von Menschen und M\u00f6rdern\" title=\"Ludolf-Hermann von Alvensleben (2. Person von links) mit Heinrich Himmler (3. Person von links) auf der Krim, 27.\/28. Oktober 1942.  | United States Holocaust Memorial Museum, courtesy of James Blevins\" class=\"responsive\" loading=\"lazy\"\/><\/p>\n<p>                    <\/a><\/p>\n<p>                    Ludolf-Hermann von Alvensleben (2. Person von links) mit Heinrich Himmler (3. Person von links) auf der Krim, 27.\/28. Oktober 1942. <\/p>\n<p class=\"\">Diese Treue zeigte sich in seinen Taten, die im Zweiten Weltkrieg zum Massenmord f\u00fchrten. Der Podcast enth\u00fcllt, welche Verantwortung er als F\u00fchrer des &#8222;Volksdeutschen Selbstschutzes&#8220; in Danzig-Westpreu\u00dfen trug und ebenso als SS- und Polizeif\u00fchrer auf der Krim: Verantwortung f\u00fcr Zehntausende Morde im besetzten Polen und der Sowjetunion. Doch wie kam es zu dieser Karriere?<\/p>\n<p>    Biografien als historisches Sichtfenster<\/p>\n<p class=\"\">Bis in die kleinsten Ecken von Biografien zu blicken, die Leerstellen zu f\u00fcllen und letztlich die Zusammenh\u00e4nge von Akteuren und NS-Verbrechen genau zu erkl\u00e4ren, ist ein Forschungsgebiet von Dr. Stefan H\u00f6rdler. Der Historiker der Universit\u00e4t G\u00f6ttingen war mehr als ein Jahrzehnt Gutachter in Prozessen zur Ahndung von NS-Verbrechen und erforscht die Mechanismen von Terror und Gewalt anhand der damals handelnden Menschen.<\/p>\n<p>                    <a href=\"https:\/\/www.europesays.com\/de\/wp-content\/uploads\/2026\/06\/ns-cliquen-von-menschen-und-moerdern-108.webp\" class=\"zoomimage\" title=\"Bild vergr\u00f6\u00dfern\"><\/p>\n<p>        <img decoding=\"async\" src=\"https:\/\/www.europesays.com\/de\/wp-content\/uploads\/2026\/06\/ns-cliquen-von-menschen-und-moerdern-108.webp\" alt=\"NS Cliquen - Von Menschen und M\u00f6rdern\" title=\"Dr. Stefan H\u00f6rdler  im Podcast mit der Wissenschaftsjournalistin Janine Funke. | Studio Schumann\/Stephan Flad\" class=\"responsive\" loading=\"lazy\"\/><\/p>\n<p>                    <\/a><\/p>\n<p>                    Dr. Stefan H\u00f6rdler  im Podcast mit der Wissenschaftsjournalistin Janine Funke.<\/p>\n<p>    Warum Biografien von NS-T\u00e4tern wichtig sind<\/p>\n<blockquote><p>\n        Wir m\u00fcssen deutlich machen, dass es keinen Prototyp eines NS-Verbrechers gibt. Wir k\u00f6nnen nicht pauschalisieren, sondern m\u00fcssen in die Personen &#8218;hineinschauen&#8216;. \u00dcberdies variierten Orte und Zeiten ihrer Eins\u00e4tze wie auch die beteiligten Institutionen stark.<\/p>\n<p>                Dr. Stefan H\u00f6rdler \u2013 Autor: \u201eOrdnung und Inferno: Das KZ-System im letzten Kriegsjahr\u201c, G\u00f6ttingen (Wallstein) 2026<\/p>\n<\/blockquote>\n<p>    Viele NS-Gr\u00f6\u00dfen stammten aus Mitteldeutschland<\/p>\n<p class=\"\">Zentrale Karrierewege im Nationalsozialismus verliefen keineswegs nur \u00fcber Bayern oder M\u00fcnchen. Viele fr\u00fche Bewegungen, Gruppen, Organisationen und Verb\u00e4nde stammten aus dem mitteldeutschen Raum. Anfang und Mitte der 1920er-Jahre entstanden Hochburgen der NS-Bewegung im Erzgebirge, in Dresden, Plauen aber auch in Halle\/Saale, wo von Alvensleben herstammt. Sp\u00e4tere Kommandanten von Konzentrationslagern wie Walter Eisfeld, Johannes Hassebroek, f\u00fchrende \u00c4rzte der SS und des Euthanasieprogramms &#8222;T4&#8220; wie Horst Schumann oder der zentral Verantwortliche der Zwangsarbeit im KZ-System Gerhard Maurer nennen alle Halle ihre Heimatstadt.<\/p>\n<p>    Wer war Ludolf-Hermann von Alvensleben?<\/p>\n<p class=\"\">Den sp\u00e4teren Chef des Reichssicherheitshauptamtes <a href=\"https:\/\/www.mdr.de\/geschichte\/ns-zeit\/zweiter-weltkrieg\/reinhard-heydrich-attentat-lidice-massaker-reichsprotektorat-boehmen-maehren-100.html\" title=\"Reinhard Heydrich: Der &quot;Schl\u00e4chter von Prag&quot; starb vor 80 Jahren\" rel=\"nofollow noopener\" target=\"_blank\">Reinhard Heydrich<\/a> kannte Ludolf-Hermann von Alvensleben bereits seit Kindheitstagen. Bei Heydrichs Vater hatte er Geigenunterricht. Ludolf-Hermann von Alvensleben war seit 1929 in der NSDAP und ein besonders guter Netzwerker. Er wusste seine Ziele durchzusetzen. Das bescheinigten ihm 1938 auch seine Vorgesetzten bei der SS. Im Personalbericht hie\u00df es: &#8222;Charakter: temperamentvoll, sehr gewandt und sicher, etwas egoistisch und auf seinen Vorteil bedacht, sehr selbstst\u00e4ndig, im Grunde anst\u00e4ndig. Wille: verfolgt sein Ziel bedingungslos und mit allen Mitteln. Auftreten und Benehmen: hat sehr viele Beziehungen, versteht sich und sein Wirken stark in den Vordergrund zu r\u00fccken.&#8220; (Quelle: Bundesarchiv)<\/p>\n<p class=\"\">Bereits durch seine Rolle beim sogenannten &#8222;Eisleber Blutsonntag&#8220; war von Alvensleben mit Taten aufgefallen. Damals, im Februar 1933, war er noch nicht Mitglied der SS. Von Alvensleben begann seine Karriere in der Partei. Als NSDAP-Kreisleiter in Eisleben war er verantwortlich f\u00fcr den \u00dcberfall von SA- und SS-M\u00e4nnern auf ein KPD-Geb\u00e4ude und die Turnhalle eines Arbeitersportvereins. Dabei starben drei Kommunisten und ein SS-Mann. Alvensleben gab hier schon eine erste Visitenkarte der Gewalt ab. Mit seinem Einstieg in die SS 1934 wurde er sofort als SS-Obersturmbannf\u00fchrer mit der F\u00fchrung der 46. SS-Standarte in Dresden beauftragt. Nahezu aus dem Nichts. 1938 wurde er Adjutant Heinrich Himmlers.<\/p>\n<p>                    Literaturempfehlung<\/p>\n<p><strong>Stefan H\u00f6rdler, Brutst\u00e4tte des Nationalsozialismus. Mitteldeutsche SS-Seilschaften in der preu\u00dfischen Provinz Sachsen, in: Zeitschrift f\u00fcr Geschichtswissenschaft 74. Jg. (2026), Heft 5, S. 397\u2013419.<\/strong><\/p>\n<p>    Bubi und der Volksdeutsche Selbstschutz<\/p>\n<p class=\"\">Nach dem deutschen<a href=\"https:\/\/www.mdr.de\/geschichte\/ns-zeit\/polen-ueberfall-beginn-zweiter-weltkrieg-mdr-100.html\" title=\"1. September 1939: Wo und wann der Zweite Weltkrieg in Wahrheit begann\" rel=\"nofollow noopener\" target=\"_blank\"> \u00dcberfall auf Polen<\/a> bildete sich in den besetzten Gebieten der &#8222;Volksdeutsche Selbstschutz&#8220;. Eigens aus dem Reich abkommandierte SS-F\u00fchrer leiteten diese Gruppen, die sich u.a. aus Angeh\u00f6rigen der deutschen Minderheit rekrutierten. Von Alvensleben f\u00fchrte diesen &#8222;Volksdeutschen Selbstschutz&#8220; in Danzig-Westpreu\u00dfen. Und in dieser Funktion gab er die Befehle f\u00fcr Hinrichtungen. Der Podcast zitiert eine Nachkriegsaussage, in der ein SS-Mann detailliert erz\u00e4hlt, wie von Alvensleben die Opfer vor der Hinrichtung noch anschreit, weil sie sich gegen ihre bevorstehende Ermordung wehren.<\/p>\n<p>    Das Unsagbare beschreiben<\/p>\n<p class=\"\">Quellen wie diese oder auch Augenzeugenberichte \u00fcber den Einsatz von sogenannten Gaswagen zur Ermordung von Menschen, sind alle unentbehrlich f\u00fcr die Darstellung der Geschichten im Podcast. Aber es ist auch eine Herausforderung, sich ihnen zu widmen. Podcast-Host Janine Funke kann sich diesen Themen stellen, weil sie die Quellen als Basis f\u00fcr die Recherchen und als Beweis sieht. Die Brutalit\u00e4t und Grausamkeit, die ihr entgegenspringen, sind f\u00fcr sie Antrieb, immer wieder von T\u00e4tern und T\u00e4terinnen zu erz\u00e4hlen.<\/p>\n<blockquote><p>\n        Weil diese Menschen sonst einfach verschwinden. In Akten, in Archiven, in Familiengeschichten \u2013 und niemand erf\u00e4hrt davon. Ich bin \u00fcberzeugt, dass das Verstehen dieser Lebensl\u00e4ufe mehr bringt als jede abstrakte Mahnung. Ich will, dass die H\u00f6rerinnen und H\u00f6rer nach dieser Folge nicht sagen: &#8218;Was f\u00fcr ein Monster.&#8216; Ich will, dass sie sagen: &#8218;Das h\u00e4tte ein Nachbar sein k\u00f6nnen.&#8216; <\/p>\n<p>                Janine Funke \u2013 Wissenschaftsjournalistin und Host in &#8222;NS-Cliquen: von Menschen und M\u00f6rdern&#8220;<\/p>\n<\/blockquote>\n<p class=\"\">Das gute Netzwerken half von Alvensleben auch nach dem Krieg. Er schaffte es, sich nach Argentinien abzusetzen. Dort lebte er unbehelligt. In der Bundesrepublik wusste man, dass er sich dort befindet. Aber Argentinien lieferte nicht aus. Ludolf-Hermann von Alvensleben starb 1970, ohne jemals eine Strafe f\u00fcr seine Handeln verb\u00fc\u00dft zu haben.<\/p>\n<p>    Podcast &#8222;NS-Cliquen&#8220;: Darum geht es<\/p>\n<p class=\"\">Die dritte Staffel des Erfolgs-Podcasts beleuchtet die Karrieren ganz unterschiedlicher Menschen, die aber eine Sache einte: Die Verbindung zur Eskalation von Gewalt und Mord im Jahr 1941. Magdalene Thalwitzer zum Beispiel arbeitete in der T\u00f6tungs-Anstalt Hartheim bei Linz, in der Menschen mit Behinderung ermordet wurden. Ludwig Hahn, der wie Jakobus Onnen in G\u00f6ttingen studierte, war Jurist und wurde Kommandeur der Sicherheitspolizei und des SD in Warschau. In dieser Position war er einer der Hauptverantwortlichen f\u00fcr die Deportationen hunderttausender J\u00fcdinnen und Juden ins KZ Treblinka.<\/p>\n<p class=\"\">Der Sachse Gerhard Palitzsch geh\u00f6rte dem SS-Personal der <a href=\"https:\/\/www.mdr.de\/geschichte\/ns-zeit\/holocaust\/kz-kaderschmiede-mitteldeutschland-kz-lichtenburg-prettin-100.html\" title=\"Lichtenburg in Prettin: KZ-Kaderschmiede in Mitteldeutschland\" rel=\"nofollow noopener\" target=\"_blank\">KZ Lichtenburg<\/a> und Sachsenhausen an, bevor er ab 1940 Rudolf H\u00f6\u00df beim Aufbau des <a href=\"https:\/\/www.mdr.de\/geschichte\/ns-zeit\/zweiter-weltkrieg\/ns-cliquen-guenther-adolphi-chemiker-professor-merseburg-auschwitz-100.html\" title=\"Ein Professor der Hochschule Merseburg und seine Arbeit in Auschwitz\" rel=\"nofollow noopener\" target=\"_blank\">KZ Auschwitz<\/a> unterst\u00fctzte. Palitzsch organisierte 1941 die ersten T\u00f6tungen mit Zyklon B, denen 600 sowjetische Kriegsgefangene und 250 kranke H\u00e4ftlinge zum Opfer fielen.Und Jakobus Onnen aus Ostfriesland war an den Erschie\u00dfungen in den besetzten Gebieten der Sowjetunion beteiligt. Ein Foto zeigt ihn als Sch\u00fctzen am Rande eines Massengrabs.<\/p>\n<p>                    <a href=\"https:\/\/www.europesays.com\/de\/wp-content\/uploads\/2026\/06\/ns-cliquen-von-menschen-und-moerdern-114.webp\" class=\"zoomimage\" title=\"Bild vergr\u00f6\u00dfern\"><\/p>\n<p>        <img decoding=\"async\" src=\"https:\/\/www.europesays.com\/de\/wp-content\/uploads\/2026\/06\/ns-cliquen-von-menschen-und-moerdern-114.webp\" alt=\"NS Cliquen - Von Menschen und M\u00f6rdern\" title=\"Die neue Staffel ist abrufbar in ARD Sounds. Start: 18. Juni 2026, anschlie\u00dfend erscheint bis zum 16. Juli 2026 jeden Donnerstag eine neue Folge. \u00dcber den QR-Code gelangen Sie direkt zum Podcast. | Mitteldeutscher Rundfunk\" class=\"responsive\" loading=\"lazy\"\/><\/p>\n<p>                    <\/a><\/p>\n<p>                    Die neue Staffel ist abrufbar in ARD Sounds. Start: 18. Juni 2026, anschlie\u00dfend erscheint bis zum 16. Juli 2026 jeden Donnerstag eine neue Folge. \u00dcber den QR-Code gelangen Sie direkt zum Podcast.<\/p>\n","protected":false},"excerpt":{"rendered":"AUDIO: Ludolf und die Massaker (S03\/E01) (44 Min) &#8222;Bubi&#8220; und der Massenmord Stand: 26.06.2026 05:00 Uhr Die 3.&hellip;\n","protected":false},"author":2,"featured_media":1122323,"comment_status":"","ping_status":"","sticky":false,"template":"","format":"standard","meta":{"footnotes":"","_share_on_mastodon":"0"},"categories":[1860],"tags":[236874,12932,3364,29,548,663,3934,30,4062,17332,13,236876,62888,14,57,236875,73211,15,11823,236873,2988,2043,17331,860,12,20061,202820,5089,2657],"class_list":["post-1122322","post","type-post","status-publish","format-standard","has-post-thumbnail","category-halle-saale","tag-ard-podcast","tag-argentinien","tag-de","tag-deutschland","tag-eu","tag-europa","tag-europe","tag-germany","tag-halle","tag-halle-saale","tag-headlines","tag-ludolf-hermann-von-alvenslebens","tag-moerder","tag-nachrichten","tag-nationalsozialismus","tag-nazi-karrieren","tag-netzwerker","tag-news","tag-ns","tag-ns-taeter","tag-ns-verbrechen","tag-podcast","tag-saale","tag-sachsen-anhalt","tag-schlagzeilen","tag-ss","tag-straffrei","tag-taeter","tag-zweiter-weltkrieg"],"share_on_mastodon":{"url":"https:\/\/pubeurope.com\/@de\/116814385489547074","error":""},"_links":{"self":[{"href":"https:\/\/www.europesays.com\/de\/wp-json\/wp\/v2\/posts\/1122322","targetHints":{"allow":["GET"]}}],"collection":[{"href":"https:\/\/www.europesays.com\/de\/wp-json\/wp\/v2\/posts"}],"about":[{"href":"https:\/\/www.europesays.com\/de\/wp-json\/wp\/v2\/types\/post"}],"author":[{"embeddable":true,"href":"https:\/\/www.europesays.com\/de\/wp-json\/wp\/v2\/users\/2"}],"replies":[{"embeddable":true,"href":"https:\/\/www.europesays.com\/de\/wp-json\/wp\/v2\/comments?post=1122322"}],"version-history":[{"count":0,"href":"https:\/\/www.europesays.com\/de\/wp-json\/wp\/v2\/posts\/1122322\/revisions"}],"wp:featuredmedia":[{"embeddable":true,"href":"https:\/\/www.europesays.com\/de\/wp-json\/wp\/v2\/media\/1122323"}],"wp:attachment":[{"href":"https:\/\/www.europesays.com\/de\/wp-json\/wp\/v2\/media?parent=1122322"}],"wp:term":[{"taxonomy":"category","embeddable":true,"href":"https:\/\/www.europesays.com\/de\/wp-json\/wp\/v2\/categories?post=1122322"},{"taxonomy":"post_tag","embeddable":true,"href":"https:\/\/www.europesays.com\/de\/wp-json\/wp\/v2\/tags?post=1122322"}],"curies":[{"name":"wp","href":"https:\/\/api.w.org\/{rel}","templated":true}]}}