{"id":1122340,"date":"2026-06-26T04:02:19","date_gmt":"2026-06-26T04:02:19","guid":{"rendered":"https:\/\/www.europesays.com\/de\/1122340\/"},"modified":"2026-06-26T04:02:19","modified_gmt":"2026-06-26T04:02:19","slug":"durlacher-altstadtfest-2026-alle-neuesten-infos-zu-termin-und-programm","status":"publish","type":"post","link":"https:\/\/www.europesays.com\/de\/1122340\/","title":{"rendered":"Durlacher Altstadtfest 2026: Alle neuesten Infos zu Termin und Programm"},"content":{"rendered":"<ul rel=\"\" class=\"[&amp;&gt;li]:relative list-none  [&amp;&gt;li]:pl-[1.2em] [&amp;&gt;li]:marker:text-[0] [&amp;&gt;li]:relative [&amp;&gt;li]:before:absolute [&amp;&gt;li]:before:w-3 [&amp;&gt;li]:before:h-3 [&amp;&gt;li]:before:bg-brand [&amp;&gt;li]:before:left-0 [&amp;&gt;li]:before:top-[8px] [&amp;&gt;li]:before:rounded-full  my-5\">\n<li class=\" mb-3 text-xs md:text-m lg:text-l\">Was? 48. Durlacher Altstadtfest<\/li>\n<li class=\" mb-3 text-xs md:text-m lg:text-l\">Wann? Freitag und Samstag, 3. und 4. Juli<\/li>\n<li class=\" mb-3 text-xs md:text-m lg:text-l\">Wo? Rathausplatz und Altstadt in Durlach<\/li>\n<\/ul>\n<p>            Durlacher Altstadtfest 2026: Die \u00d6ffnungszeiten<\/p>\n<ul rel=\"\" class=\"[&amp;&gt;li]:relative list-none  [&amp;&gt;li]:pl-[1.2em] [&amp;&gt;li]:marker:text-[0] [&amp;&gt;li]:relative [&amp;&gt;li]:before:absolute [&amp;&gt;li]:before:w-3 [&amp;&gt;li]:before:h-3 [&amp;&gt;li]:before:bg-brand [&amp;&gt;li]:before:left-0 [&amp;&gt;li]:before:top-[8px] [&amp;&gt;li]:before:rounded-full  my-5\">\n<li class=\" mb-3 text-xs md:text-m lg:text-l\">Freitag, 3. Juli: Er\u00f6ffnung mit Fassanstich um 17 Uhr, B\u00fchnenprogramm bis 1 Uhr<\/li>\n<li class=\" mb-3 text-xs md:text-m lg:text-l\">Samstag, 4. Juli: 12 bis 1 Uhr<\/li>\n<\/ul>\n<p>            Durlacher Altstadtfest 2026: Das Programm<\/p>\n<p class=\"mb-6 text-xs-varying md:text-m lg:text-l font-serif group-[.font-sans]:font-sans \">\n    Auf 16 verschiedenen B\u00fchnen werden zwei Tage lang ein unterschiedliches B\u00fchnenprogramm angeboten.\n  <\/p>\n<p class=\"mb-6 text-xs-varying md:text-m lg:text-l font-serif group-[.font-sans]:font-sans \">\n    <strong class=\"font-bold\">Freitag, 3. Juli:<\/strong>\n  <\/p>\n<tr>\n<td class=\"px-5 align-top py-4 border-s border-gray-2-warm\">Uhrzeit<\/td>\n<td class=\"px-5 align-top py-4 border-s border-gray-2-warm\">Band<\/td>\n<td class=\"px-5 align-top py-4 border-s border-gray-2-warm\">B\u00fchne<\/td>\n<\/tr>\n<tr>\n<td class=\"px-5 align-top py-4 border-s border-gray-2-warm\">17-18 Uhr<\/td>\n<td class=\"px-5 align-top py-4 border-s border-gray-2-warm\">Er\u00f6ffnungsprogramm<\/td>\n<td class=\"px-5 align-top py-4 border-s border-gray-2-warm\">B\u00fchne Marktplatz<\/td>\n<\/tr>\n<tr>\n<td class=\"px-5 align-top py-4 border-s border-gray-2-warm\">17 \u2013 1 Uhr<\/td>\n<td class=\"px-5 align-top py-4 border-s border-gray-2-warm\">DJ Aecky <\/td>\n<td class=\"px-5 align-top py-4 border-s border-gray-2-warm\">Schoppeng\u00e4ssle<\/td>\n<\/tr>\n<tr>\n<td class=\"px-5 align-top py-4 border-s border-gray-2-warm\">17 \u2013 0:30 Uhr<\/td>\n<td class=\"px-5 align-top py-4 border-s border-gray-2-warm\">Live Musik mit vielen G\u00e4sten<\/td>\n<td class=\"px-5 align-top py-4 border-s border-gray-2-warm\">Pfinztalstr.\/Friedrich-Realschule <\/td>\n<\/tr>\n<tr>\n<td class=\"px-5 align-top py-4 border-s border-gray-2-warm\">18 \u2013 1 Uhr <\/td>\n<td class=\"px-5 align-top py-4 border-s border-gray-2-warm\">DJ-B\u00fchne <\/td>\n<td class=\"px-5 align-top py-4 border-s border-gray-2-warm\">Pfinztalstr. 16\/B\u00e4ckerei Weber<\/td>\n<\/tr>\n<tr>\n<td class=\"px-5 align-top py-4 border-s border-gray-2-warm\">19 \u2013 1 Uhr<\/td>\n<td class=\"px-5 align-top py-4 border-s border-gray-2-warm\">MadHouse<\/td>\n<td class=\"px-5 align-top py-4 border-s border-gray-2-warm\">Alter Friedhof<\/td>\n<\/tr>\n<tr>\n<td class=\"px-5 align-top py-4 border-s border-gray-2-warm\">19 \u2013 1 Uhr<\/td>\n<td class=\"px-5 align-top py-4 border-s border-gray-2-warm\">DJ Emilio<\/td>\n<td class=\"px-5 align-top py-4 border-s border-gray-2-warm\">Pfinztalstr.\/Buchhand. M\u00e4chtlinger <\/td>\n<\/tr>\n<tr>\n<td class=\"px-5 align-top py-4 border-s border-gray-2-warm\">19 \u2013 1 Uhr<\/td>\n<td class=\"px-5 align-top py-4 border-s border-gray-2-warm\">Alive Rockband<\/td>\n<td class=\"px-5 align-top py-4 border-s border-gray-2-warm\">Biergarten \u201eTraube\u201c<\/td>\n<\/tr>\n<tr>\n<td class=\"px-5 align-top py-4 border-s border-gray-2-warm\">19 \u2013 1 Uhr<\/td>\n<td class=\"px-5 align-top py-4 border-s border-gray-2-warm\">DJ-Jugendb\u00fchne<\/td>\n<td class=\"px-5 align-top py-4 border-s border-gray-2-warm\">Weiherhof <\/td>\n<\/tr>\n<tr>\n<td class=\"px-5 align-top py-4 border-s border-gray-2-warm\">19 \u2013 1 Uhr<\/td>\n<td class=\"px-5 align-top py-4 border-s border-gray-2-warm\">DJ-B\u00fchne<\/td>\n<td class=\"px-5 align-top py-4 border-s border-gray-2-warm\">Pfinztalstr.\/Cap Markt <\/td>\n<\/tr>\n<tr>\n<td class=\"px-5 align-top py-4 border-s border-gray-2-warm\">19 \u2013 1 Uhr<\/td>\n<td class=\"px-5 align-top py-4 border-s border-gray-2-warm\">basement47<\/td>\n<td class=\"px-5 align-top py-4 border-s border-gray-2-warm\">Pfinztalstr.\/Modehaus Nagel<\/td>\n<\/tr>\n<tr>\n<td class=\"px-5 align-top py-4 border-s border-gray-2-warm\">19 \u2013 1 Uhr<\/td>\n<td class=\"px-5 align-top py-4 border-s border-gray-2-warm\">\u00c4thiopischer Gospelgesang<\/td>\n<td class=\"px-5 align-top py-4 border-s border-gray-2-warm\">Pfinztalstr.\/Ecke Seboldstra\u00dfe<\/td>\n<\/tr>\n<tr>\n<td class=\"px-5 align-top py-4 border-s border-gray-2-warm\">19.30 \u2013 1 Uhr<\/td>\n<td class=\"px-5 align-top py-4 border-s border-gray-2-warm\">Queens and Bandits<\/td>\n<td class=\"px-5 align-top py-4 border-s border-gray-2-warm\">Nikolauskapelle<\/td>\n<\/tr>\n<tr>\n<td class=\"px-5 align-top py-4 border-s border-gray-2-warm\">19.30 \u2013 1 Uhr<\/td>\n<td class=\"px-5 align-top py-4 border-s border-gray-2-warm\">Burning Five<\/td>\n<td class=\"px-5 align-top py-4 border-s border-gray-2-warm\">Durlacher.de B\u00fchne Saumarkt <\/td>\n<\/tr>\n<tr>\n<td class=\"px-5 align-top py-4 border-s border-gray-2-warm\">20.30 \u2013 1 Uhr<\/td>\n<td class=\"px-5 align-top py-4 border-s border-gray-2-warm\">Toto and the Kids<\/td>\n<td class=\"px-5 align-top py-4 border-s border-gray-2-warm\">B\u00fchne Marktplatz<\/td>\n<\/tr>\n<tr>\n<td class=\"px-5 align-top py-4 border-s border-gray-2-warm\">21 \u2013 1 Uhr<\/td>\n<td class=\"px-5 align-top py-4 border-s border-gray-2-warm\">Trick 17<\/td>\n<td class=\"px-5 align-top py-4 border-s border-gray-2-warm\">Karlsburg-Vorplatz <\/td>\n<\/tr>\n<p>    <img decoding=\"async\" src=\"https:\/\/www.europesays.com\/de\/wp-content\/uploads\/2026\/06\/durlacher-altstadtfest-freitag.jpg\" alt=\"Durlacher Altstadtfest. (Archivbild)\" title=\"Durlacher Altstadtfest. (Archivbild)\" loading=\"lazy\" class=\"h-full w-full object-cover\"\/><\/p>\n<p>      Icon vergr\u00f6\u00dfern<\/p>\n<p>    Durlacher Altstadtfest. (Archivbild)<br \/>\n    Foto: Paul Needham<\/p>\n<p>        Schlie\u00dfen <\/p>\n<p>      Icon Schlie\u00dfen<\/p>\n<p>        Icon vergr\u00f6\u00dfern<\/p>\n<p>        Icon verkleinern<\/p>\n<p>      Icon Pfeil bewegen<\/p>\n<p>    Durlacher Altstadtfest. (Archivbild)<br \/>\n    Foto: Paul Needham<\/p>\n<p class=\"mb-6 text-xs-varying md:text-m lg:text-l font-serif group-[.font-sans]:font-sans \">\n    <strong class=\"font-bold\">Samstag, 4. Juli:<\/strong>\n  <\/p>\n<tr>\n<td class=\"px-5 align-top py-4 border-s border-gray-2-warm\">Uhrzeit<\/td>\n<td class=\"px-5 align-top py-4 border-s border-gray-2-warm\">Band<\/td>\n<td class=\"px-5 align-top py-4 border-s border-gray-2-warm\">B\u00fchne<\/td>\n<\/tr>\n<tr>\n<td class=\"px-5 align-top py-4 border-s border-gray-2-warm\">12 \u2013 1 Uhr<\/td>\n<td class=\"px-5 align-top py-4 border-s border-gray-2-warm\">DJ Ackey<\/td>\n<td class=\"px-5 align-top py-4 border-s border-gray-2-warm\">Schoppeng\u00e4ssle<\/td>\n<\/tr>\n<tr>\n<td class=\"px-5 align-top py-4 border-s border-gray-2-warm\">16.30 \u2013 0.30 Uhr<\/td>\n<td class=\"px-5 align-top py-4 border-s border-gray-2-warm\">Live Musik mit vielen G\u00e4sten<\/td>\n<td class=\"px-5 align-top py-4 border-s border-gray-2-warm\">Pfinztalstr.\/Friedrich-Realschule<\/td>\n<\/tr>\n<tr>\n<td class=\"px-5 align-top py-4 border-s border-gray-2-warm\">17 \u2013 1 Uhr <\/td>\n<td class=\"px-5 align-top py-4 border-s border-gray-2-warm\">\u00c4thiopischer Gospelgesang <\/td>\n<td class=\"px-5 align-top py-4 border-s border-gray-2-warm\">Pfinztalstr.\/Ecke Seboldstr.<\/td>\n<\/tr>\n<tr>\n<td class=\"px-5 align-top py-4 border-s border-gray-2-warm\">18 \u2013 1 Uhr<\/td>\n<td class=\"px-5 align-top py-4 border-s border-gray-2-warm\">DJ-B\u00fchne <\/td>\n<td class=\"px-5 align-top py-4 border-s border-gray-2-warm\">Pfinztalstr. 16\/B\u00e4ckerei Weber <\/td>\n<\/tr>\n<tr>\n<td class=\"px-5 align-top py-4 border-s border-gray-2-warm\">19 \u2013 1 Uhr<\/td>\n<td class=\"px-5 align-top py-4 border-s border-gray-2-warm\">Hard Cover<\/td>\n<td class=\"px-5 align-top py-4 border-s border-gray-2-warm\">Alter Friedhof <\/td>\n<\/tr>\n<tr>\n<td class=\"px-5 align-top py-4 border-s border-gray-2-warm\">19 \u2013 1 Uhr<\/td>\n<td class=\"px-5 align-top py-4 border-s border-gray-2-warm\">DJ Emilio<\/td>\n<td class=\"px-5 align-top py-4 border-s border-gray-2-warm\">Pfinztalstr.\/Buchhandlung M\u00e4chtlinger <\/td>\n<\/tr>\n<tr>\n<td class=\"px-5 align-top py-4 border-s border-gray-2-warm\">19 \u2013 1 Uhr <\/td>\n<td class=\"px-5 align-top py-4 border-s border-gray-2-warm\">Magnesia<\/td>\n<td class=\"px-5 align-top py-4 border-s border-gray-2-warm\">Biergarten \u201eTraube\u201c <\/td>\n<\/tr>\n<tr>\n<td class=\"px-5 align-top py-4 border-s border-gray-2-warm\">19 \u2013 1 Uhr<\/td>\n<td class=\"px-5 align-top py-4 border-s border-gray-2-warm\">DJ-Jugendb\u00fchne<\/td>\n<td class=\"px-5 align-top py-4 border-s border-gray-2-warm\">Weiherhof <\/td>\n<\/tr>\n<tr>\n<td class=\"px-5 align-top py-4 border-s border-gray-2-warm\">19 \u2013 1 Uhr<\/td>\n<td class=\"px-5 align-top py-4 border-s border-gray-2-warm\">DJ-B\u00fchne <\/td>\n<td class=\"px-5 align-top py-4 border-s border-gray-2-warm\">Pfinztalstr.\/Cap Mark<\/td>\n<\/tr>\n<tr>\n<td class=\"px-5 align-top py-4 border-s border-gray-2-warm\">19 \u2013 1 Uhr<\/td>\n<td class=\"px-5 align-top py-4 border-s border-gray-2-warm\">Echo Ray<\/td>\n<td class=\"px-5 align-top py-4 border-s border-gray-2-warm\">Pfinztalstr.\/Modehaus Nagel<\/td>\n<\/tr>\n<tr>\n<td class=\"px-5 align-top py-4 border-s border-gray-2-warm\">19.30 \u2013 1 Uhr<\/td>\n<td class=\"px-5 align-top py-4 border-s border-gray-2-warm\">Eased Music Group<\/td>\n<td class=\"px-5 align-top py-4 border-s border-gray-2-warm\">Nikolauskapelle<\/td>\n<\/tr>\n<tr>\n<td class=\"px-5 align-top py-4 border-s border-gray-2-warm\">19.30 \u2013 1 Uhr<\/td>\n<td class=\"px-5 align-top py-4 border-s border-gray-2-warm\">ChiliBones<\/td>\n<td class=\"px-5 align-top py-4 border-s border-gray-2-warm\">Durlacher.de B\u00fchne Saumarkt<\/td>\n<\/tr>\n<tr>\n<td class=\"px-5 align-top py-4 border-s border-gray-2-warm\">20.30 \u2013 1 Uhr<\/td>\n<td class=\"px-5 align-top py-4 border-s border-gray-2-warm\">Toto and the Kids<\/td>\n<td class=\"px-5 align-top py-4 border-s border-gray-2-warm\">B\u00fchne Marktplatz<\/td>\n<\/tr>\n<tr>\n<td class=\"px-5 align-top py-4 border-s border-gray-2-warm\">21 \u2013 1 Uhr<\/td>\n<td class=\"px-5 align-top py-4 border-s border-gray-2-warm\">BLOCKBUSTER<\/td>\n<td class=\"px-5 align-top py-4 border-s border-gray-2-warm\">Karlsburg-Vorplatz <\/td>\n<\/tr>\n<p>    <img decoding=\"async\" src=\"https:\/\/www.europesays.com\/de\/wp-content\/uploads\/2026\/06\/eroffnung-durlacher-altstadtfest.jpg\" alt=\"Durlacher Altstadtfest. (Archivbild)\" title=\"Durlacher Altstadtfest. (Archivbild)\" loading=\"lazy\" class=\"h-full w-full object-cover\"\/><\/p>\n<p>      Icon vergr\u00f6\u00dfern<\/p>\n<p>    Durlacher Altstadtfest. (Archivbild)<br \/>\n    Foto: Paul Needham<\/p>\n<p>        Schlie\u00dfen <\/p>\n<p>      Icon Schlie\u00dfen<\/p>\n<p>        Icon vergr\u00f6\u00dfern<\/p>\n<p>        Icon verkleinern<\/p>\n<p>      Icon Pfeil bewegen<\/p>\n<p>    Durlacher Altstadtfest. (Archivbild)<br \/>\n    Foto: Paul Needham<\/p>\n<p>            Durlacher Altstadtfest 2026: Wo gibt es Toiletten?<\/p>\n<p class=\"mb-6 text-xs-varying md:text-m lg:text-l font-serif group-[.font-sans]:font-sans \">\n    \u00d6ffentliche Toiletten gibt es hier:\n  <\/p>\n<ul rel=\"\" class=\"[&amp;&gt;li]:relative list-none  [&amp;&gt;li]:pl-[1.2em] [&amp;&gt;li]:marker:text-[0] [&amp;&gt;li]:relative [&amp;&gt;li]:before:absolute [&amp;&gt;li]:before:w-3 [&amp;&gt;li]:before:h-3 [&amp;&gt;li]:before:bg-brand [&amp;&gt;li]:before:left-0 [&amp;&gt;li]:before:top-[8px] [&amp;&gt;li]:before:rounded-full  my-5\">\n<li class=\" mb-3 text-xs md:text-m lg:text-l\">Seboldstra\u00dfe<\/li>\n<li class=\" mb-3 text-xs md:text-m lg:text-l\">Bienleinstorstra\u00dfe<\/li>\n<li class=\" mb-3 text-xs md:text-m lg:text-l\">Zehntstra\u00dfe<\/li>\n<li class=\" mb-3 text-xs md:text-m lg:text-l\">Zunftstra\u00dfe<\/li>\n<li class=\" mb-3 text-xs md:text-m lg:text-l\">Marstallstra\u00dfe<\/li>\n<li class=\" mb-3 text-xs md:text-m lg:text-l\">Rathaus<\/li>\n<li class=\" mb-3 text-xs md:text-m lg:text-l\">Am Zwinger<\/li>\n<li class=\" mb-3 text-xs md:text-m lg:text-l\">Kinder und Jugendhaus Durlach<\/li>\n<li class=\" mb-3 text-xs md:text-m lg:text-l\">Alter Friedhof<\/li>\n<li class=\" mb-3 text-xs md:text-m lg:text-l\">Weiherhof<\/li>\n<\/ul>\n<p class=\"mb-6 text-xs-varying md:text-m lg:text-l font-serif group-[.font-sans]:font-sans \">\n    Behindertengerechte Toiletten finden sich in der Friedrich Realschule, Am Zwinger sowie in der Karlsburg.\n  <\/p>\n<p>    <img decoding=\"async\" src=\"https:\/\/images.mgpd.de\/img\/110382181\/crop\/c16_9-w100\/1255543389\/1868877971\/durlacher-altstadtfest-2025.jpg\" alt=\"Durlacher Altstadtfest am 4. Juli 2025.\" title=\"Durlacher Altstadtfest am 4. Juli 2025.\" loading=\"lazy\" class=\"h-full w-full object-cover\"\/><\/p>\n<p>      Icon vergr\u00f6\u00dfern<\/p>\n<p>    Durlacher Altstadtfest am 4. Juli 2025.<br \/>\n    Foto: Thomas Riedel<\/p>\n<p>        Schlie\u00dfen <\/p>\n<p>      Icon Schlie\u00dfen<\/p>\n<p>        Icon vergr\u00f6\u00dfern<\/p>\n<p>        Icon verkleinern<\/p>\n<p>      Icon Pfeil bewegen<\/p>\n<p>    Durlacher Altstadtfest am 4. Juli 2025.<br \/>\n    Foto: Thomas Riedel<\/p>\n<p>            Durlacher Altstadtfest 2026: Aktivit\u00e4ten f\u00fcr Kinder<\/p>\n<p class=\"mb-6 text-xs-varying md:text-m lg:text-l font-serif group-[.font-sans]:font-sans \">\n    Von den teilnehmenden Vereinen werden unter anderem diese Aktivit\u00e4ten f\u00fcr Kinder angeboten:\n  <\/p>\n<ul rel=\"\" class=\"[&amp;&gt;li]:relative list-none  [&amp;&gt;li]:pl-[1.2em] [&amp;&gt;li]:marker:text-[0] [&amp;&gt;li]:relative [&amp;&gt;li]:before:absolute [&amp;&gt;li]:before:w-3 [&amp;&gt;li]:before:h-3 [&amp;&gt;li]:before:bg-brand [&amp;&gt;li]:before:left-0 [&amp;&gt;li]:before:top-[8px] [&amp;&gt;li]:before:rounded-full  my-5\">\n<li class=\" mb-3 text-xs md:text-m lg:text-l\">Kinderschminken<\/li>\n<li class=\" mb-3 text-xs md:text-m lg:text-l\">Tauchturm, Waterballs, Trampolin<\/li>\n<li class=\" mb-3 text-xs md:text-m lg:text-l\">Dosenwerfen, Entenangeln<\/li>\n<li class=\" mb-3 text-xs md:text-m lg:text-l\">Karaoke, Kindertattoos<\/li>\n<\/ul>\n<p>            Durlacher Altstadtfest 2026: Die Anfahrt<\/p>\n<p class=\"mb-6 text-xs-varying md:text-m lg:text-l font-serif group-[.font-sans]:font-sans \">\n    F\u00fcr die Anreise mit dem Auto stehen diese Parkpl\u00e4tze in der Umgebung des Festes zur Verf\u00fcgung:\n  <\/p>\n<ul rel=\"\" class=\"[&amp;&gt;li]:relative list-none  [&amp;&gt;li]:pl-[1.2em] [&amp;&gt;li]:marker:text-[0] [&amp;&gt;li]:relative [&amp;&gt;li]:before:absolute [&amp;&gt;li]:before:w-3 [&amp;&gt;li]:before:h-3 [&amp;&gt;li]:before:bg-brand [&amp;&gt;li]:before:left-0 [&amp;&gt;li]:before:top-[8px] [&amp;&gt;li]:before:rounded-full  my-5\">\n<li class=\" mb-3 text-xs md:text-m lg:text-l\">Parkplatz Gritznerstra\u00dfe<\/li>\n<li class=\" mb-3 text-xs md:text-m lg:text-l\">Parkplatz G\u00e4rtnerstra\u00dfe<\/li>\n<li class=\" mb-3 text-xs md:text-m lg:text-l\">Parkplatz Weierhof<\/li>\n<li class=\" mb-3 text-xs md:text-m lg:text-l\">Parkplatz Blumentorstra\u00dfe<\/li>\n<\/ul>\n<p>    <img decoding=\"async\" src=\"https:\/\/images.mgpd.de\/img\/110382172\/crop\/c16_9-w100\/1133879207\/1497054223\/durlacher-altstadtfest-2025.jpg\" alt=\"Durlacher Altstadtfest am 4. Juli 2025.\" title=\"Durlacher Altstadtfest am 4. Juli 2025.\" loading=\"lazy\" class=\"h-full w-full object-cover\"\/><\/p>\n<p>      Icon vergr\u00f6\u00dfern<\/p>\n<p>    Durlacher Altstadtfest am 4. Juli 2025.<br \/>\n    Foto: Thomas Riedel<\/p>\n<p>        Schlie\u00dfen <\/p>\n<p>      Icon Schlie\u00dfen<\/p>\n<p>        Icon vergr\u00f6\u00dfern<\/p>\n<p>        Icon verkleinern<\/p>\n<p>      Icon Pfeil bewegen<\/p>\n<p>    Durlacher Altstadtfest am 4. Juli 2025.<br \/>\n    Foto: Thomas Riedel<\/p>\n<p class=\"mb-6 text-xs-varying md:text-m lg:text-l font-serif group-[.font-sans]:font-sans \">\n    Durch die Sperrung der Pfinztalstra\u00dfe w\u00e4hrend des Festes ergeben sich unter anderem diese \u00c4nderungen im Stra\u00dfenbahnverkehr:\n  <\/p>\n<ul rel=\"\" class=\"[&amp;&gt;li]:relative list-none  [&amp;&gt;li]:pl-[1.2em] [&amp;&gt;li]:marker:text-[0] [&amp;&gt;li]:relative [&amp;&gt;li]:before:absolute [&amp;&gt;li]:before:w-3 [&amp;&gt;li]:before:h-3 [&amp;&gt;li]:before:bg-brand [&amp;&gt;li]:before:left-0 [&amp;&gt;li]:before:top-[8px] [&amp;&gt;li]:before:rounded-full  my-5\">\n<li class=\" mb-3 text-xs md:text-m lg:text-l\">Haltestellen Friedrichschule (Tram) und Schlossplatz (Tram und Bus): ersatzlos aufgehoben<\/li>\n<li class=\" mb-3 text-xs md:text-m lg:text-l\">Haltestellen Karl-Weysser-Stra\u00dfe und Turmberg: nur durch Buslinien bedient<\/li>\n<li class=\" mb-3 text-xs md:text-m lg:text-l\">Schienenersatzverkehr mit Bussen zwischen Durlach Bahnhof und Durlach Turmberg<\/li>\n<li class=\" mb-3 text-xs md:text-m lg:text-l\">Linien 1 und NL2: Fahren nur bis zur Auerstra\u00dfe und wenden \u00fcber das Gleisdreieck Pforzheimer Stra\u00dfe<\/li>\n<\/ul>\n","protected":false},"excerpt":{"rendered":"Was? 48. Durlacher Altstadtfest Wann? Freitag und Samstag, 3. und 4. Juli Wo? Rathausplatz und Altstadt in Durlach&hellip;\n","protected":false},"author":2,"featured_media":1122341,"comment_status":"","ping_status":"","sticky":false,"template":"","format":"standard","meta":{"footnotes":"","_share_on_mastodon":"0"},"categories":[1844],"tags":[61680,513,1634,3364,29,82750,120776,30,16510,8903,50335,61],"class_list":["post-1122340","post","type-post","status-publish","format-standard","has-post-thumbnail","category-karlsruhe","tag-altstadtfest","tag-auto","tag-baden-wuerttemberg","tag-de","tag-deutschland","tag-fassanstich","tag-feierlaune","tag-germany","tag-karlsburg","tag-karlsruhe","tag-partynacht","tag-vielfalt"],"share_on_mastodon":{"url":"https:\/\/pubeurope.com\/@de\/116814425285588047","error":""},"_links":{"self":[{"href":"https:\/\/www.europesays.com\/de\/wp-json\/wp\/v2\/posts\/1122340","targetHints":{"allow":["GET"]}}],"collection":[{"href":"https:\/\/www.europesays.com\/de\/wp-json\/wp\/v2\/posts"}],"about":[{"href":"https:\/\/www.europesays.com\/de\/wp-json\/wp\/v2\/types\/post"}],"author":[{"embeddable":true,"href":"https:\/\/www.europesays.com\/de\/wp-json\/wp\/v2\/users\/2"}],"replies":[{"embeddable":true,"href":"https:\/\/www.europesays.com\/de\/wp-json\/wp\/v2\/comments?post=1122340"}],"version-history":[{"count":0,"href":"https:\/\/www.europesays.com\/de\/wp-json\/wp\/v2\/posts\/1122340\/revisions"}],"wp:featuredmedia":[{"embeddable":true,"href":"https:\/\/www.europesays.com\/de\/wp-json\/wp\/v2\/media\/1122341"}],"wp:attachment":[{"href":"https:\/\/www.europesays.com\/de\/wp-json\/wp\/v2\/media?parent=1122340"}],"wp:term":[{"taxonomy":"category","embeddable":true,"href":"https:\/\/www.europesays.com\/de\/wp-json\/wp\/v2\/categories?post=1122340"},{"taxonomy":"post_tag","embeddable":true,"href":"https:\/\/www.europesays.com\/de\/wp-json\/wp\/v2\/tags?post=1122340"}],"curies":[{"name":"wp","href":"https:\/\/api.w.org\/{rel}","templated":true}]}}