{"id":1122470,"date":"2026-06-26T05:18:00","date_gmt":"2026-06-26T05:18:00","guid":{"rendered":"https:\/\/www.europesays.com\/de\/1122470\/"},"modified":"2026-06-26T05:18:00","modified_gmt":"2026-06-26T05:18:00","slug":"alexander-marcus-verzaubert-kieler-woche-mit-electrolore","status":"publish","type":"post","link":"https:\/\/www.europesays.com\/de\/1122470\/","title":{"rendered":"Alexander Marcus verzaubert Kieler Woche mit &#8222;Electrolore&#8220;"},"content":{"rendered":"<p>\n                Stand: 25.06.2026 20:50 Uhr<\/p>\n<p class=\"preface\">Die Kieler Woche ist f\u00fcr die ein oder andere \u00dcberraschung gut. So werden am Mittwochabend nicht wenig Besucher gestaunt haben, als die ersten &#8222;Electrolore&#8220;-Sounds \u00fcber den Rathausmarkt gingen.<\/p>\n<p class=\"textauthor\">von <a href=\"https:\/\/www.ndr.de\/wellenord\/wir_ueber_uns\/samir-chawki,chawki104.html\" rel=\"nofollow noopener\" target=\"_blank\">Samir Chawki<\/a><\/p>\n<p class=\"\">&#8222;Electrolore&#8220;, so bezeichnet die Kunstfigur Alexander Marcus seinen unverwechselbaren Sound, der eine Mischung aus Techno und Schlager mit vielen trashigen Elementen ist. Die Mischung wirkt selten ernst und sorgt meist f\u00fcr gute Laune. Denn wo er auftritt, ist Party garantiert, auch in <a href=\"https:\/\/www.ndr.de\/nachrichten\/schleswig-holstein\/Kiel-Aktuelle-Nachrichten-News-und-Videos,kiel7262.html\" title=\"Kiel - Aktuelle Nachrichten und Videos\" rel=\"nofollow noopener\" target=\"_blank\">Kiel<\/a>. Schon bevor der S\u00e4nger, der als &#8222;Surprise Act&#8220; angek\u00fcndigt war, die B\u00fchne betrat, jubelte das nicht komplett n\u00fcchterne Publikum voller Vorfreude.<\/p>\n<p>    Alexander Marcus aka Felix Rennefeld<\/p>\n<p>                    <a href=\"https:\/\/www.europesays.com\/de\/wp-content\/uploads\/2026\/06\/alexandermarcus-102.webp\" class=\"zoomimage\" title=\"Bild vergr\u00f6\u00dfern\"><\/p>\n<p>        <img decoding=\"async\" src=\"https:\/\/www.europesays.com\/de\/wp-content\/uploads\/2026\/06\/alexandermarcus-102.webp\" alt=\"Alexander Marcus bei einem Konzert auf der Rathausb\u00fchne bei der Kieler Woche 2026\" title=\"&quot;Der Hundi Hundi wau wau, Hundi wau wau...&quot; Alexander Marcus Songs sorgen bei vielen auf der Kieler Woche f\u00fcr gute Stimmung und bei manchen f\u00fcr Stirnrunzeln. | NDR\" class=\"responsive\" loading=\"lazy\"\/><\/p>\n<p>                    <\/a><\/p>\n<p>                    &#8222;Der Hundi Hundi wau wau, Hundi wau wau&#8230;&#8220; Alexander Marcus Songs sorgen bei vielen auf der Kieler Woche f\u00fcr gute Stimmung und bei manchen f\u00fcr Stirnrunzeln.<\/p>\n<p class=\"\">Der deutsche Musikproduzent und Entertainer Felix Rennefeld der auf der B\u00fchne zu Alexander Marcus wird, eroberte sp\u00e4testens 2007 die Herzen der Fans durch seine Lieder. Seine Konzerte sind meistens ausverkauft und stehen f\u00fcr gute Laune. Auch in der Landeshauptstadt schaffte er es, den Rathausplatz in eine riesige Outdoor-Tanzfl\u00e4che zu verwandeln.<\/p>\n<p class=\"\">\u00dcberall schunkelten, wippten und tanzten Menschen jeden Alters, mit einem Grinsen im Gesicht, zu seinen Songs. Bei den bekannten Refrains herrschte fast \u00fcberall im begeisterten Publikum vollkommene Textsicherheit.<\/p>\n<blockquote><p>\n        Wer l\u00e4sst in das Haus keinen rein? Wer frisst manchmal wie ein Schwein? Wer ist immer treu und fein? Der Hundi Hundi wau wau<br \/>Hundi wau wau<\/p>\n<p>                Alexander Marcus mit dem Song &#8222;Hundi&#8220;<\/p>\n<\/blockquote>\n<p>    Papaya, Hawaii Toast und Elektriker<\/p>\n<p class=\"\">Viele seiner Anh\u00e4ngerinnen und Anh\u00e4nger sch\u00e4tzen den S\u00e4nger wegen seiner banalen Texte wie &#8222;Elektriker&#8220; , &#8222;Hawaii Toast&#8220; oder auch &#8222;Papaya&#8220;. Viele Fans erz\u00e4hlen, dass sie seine Musik mit ihrer Jugend verbinden oder einfach das unpolitisch Witzige daran sch\u00e4tzen. Doch an manchen Ecken des internationalen Marktes stehen auch Gesichter, die ungl\u00e4ubig auf die Leinwand starren.<\/p>\n<p class=\"\">Ein \u00e4lterer Herr meint, dass er die Performance zwar gut finde, textlich aber nichts dran sei. Die erstaunten Gesichter sind allerdings deutlich in der Minderheit, denn die meisten Besucher der Rathausb\u00fchne singen mit vertr\u00e4umten Gesichtern mit, wenn Alexander Marcus auf der B\u00fchne tr\u00e4llert: &#8222;Komm mit mir nach Papaya. Dort wo am Horizont die Sterne uns scheinen. M\u00f6cht ich mit dir f\u00fcr immer allein sein. Folge mir nach Papaya, oh-ah. Papaya, Papaya, Coconut, Banana&#8230;&#8220;<\/p>\n<p>        <img decoding=\"async\" src=\"https:\/\/www.europesays.com\/de\/wp-content\/uploads\/2026\/06\/kiwo-246.webp\" alt=\"Das H\u00f6rnufer in Kiel w\u00e4hrend der Kieler Woche mit Riesenrad.\" title=\"Das H\u00f6rnufer in Kiel w\u00e4hrend der Kieler Woche mit Riesenrad. | picture alliance\/dpa | Daniel Bockwoldt\" class=\"responsive\" loading=\"lazy\"\/><\/p>\n<p>Millionen Besucher werden auf der Kieler Woche erwartet. Auch f\u00fcr den kleinen Geldbeutel und f\u00fcr Menschen mit Behinderung gibt es Angebote. <\/p>\n<p>        <img decoding=\"async\" src=\"https:\/\/www.europesays.com\/de\/wp-content\/uploads\/2026\/06\/kielerwoche-164.webp\" alt=\"Der volle Bootshafen in Kiel zur Kieler Woche.\" title=\"Der volle Bootshafen in Kiel zur Kieler Woche. | picture alliance\/dpa | Jonas Walzberg\" class=\"responsive\" loading=\"lazy\"\/><\/p>\n<p>Ob mit Bahn, Auto oder mit dem Rad: Millionen Menschen werden ab Samstag zur KiWo erwartet &#8211; viele von ihnen kommen von au\u00dferhalb. Das gibt es zu beachten.<\/p>\n<p>        <img decoding=\"async\" src=\"https:\/\/www.europesays.com\/de\/wp-content\/uploads\/2026\/06\/1781949077_366_kiwo-116.webp\" alt=\"Ein bunter KIWO Aufsteller.\" title=\"Die Kieler Woche zieht j\u00e4hrlich Millionen von Menschen in die Stadt. Dazu geh\u00f6ren Programm-Acts, Presse und Besuchende. \u00dcberall in der Stadt zeigt sich: die Kieler Woche ist in vollem Gange. | Nicole Bowitz\" class=\"responsive\" loading=\"lazy\"\/><\/p>\n<p>Die Kieler Woche bietet vom 19. bis 28. Juni wieder ein abwechslungsreiches Programm. Mehrere Millionen G\u00e4ste werden erwartet.<\/p>\n<p>        Schlagw\u00f6rter zu diesem Artikel<\/p>\n<p>            <a href=\"https:\/\/www.ndr.de\/nachrichten\/schleswig-holstein\/Kiel-Aktuelle-Nachrichten-News-und-Videos,kiel7262.html\" rel=\"nofollow noopener\" target=\"_blank\">Kiel<\/a><\/p>\n","protected":false},"excerpt":{"rendered":"Stand: 25.06.2026 20:50 Uhr Die Kieler Woche ist f\u00fcr die ein oder andere \u00dcberraschung gut. So werden am&hellip;\n","protected":false},"author":2,"featured_media":1122471,"comment_status":"","ping_status":"","sticky":false,"template":"","format":"standard","meta":{"footnotes":"","_share_on_mastodon":"0"},"categories":[1852],"tags":[3364,29,548,663,3934,30,13,23948,4949,23690,52494,228308,1310,2315,810,14,15,7789,12,1971,31229,69967],"class_list":["post-1122470","post","type-post","status-publish","format-standard","has-post-thumbnail","category-kiel","tag-de","tag-deutschland","tag-eu","tag-europa","tag-europe","tag-germany","tag-headlines","tag-highlights","tag-kiel","tag-kieler-woche","tag-kiwo","tag-kiwo-2026","tag-konzert","tag-konzerte","tag-musik","tag-nachrichten","tag-news","tag-programm","tag-schlagzeilen","tag-schleswig-holstein","tag-segeln","tag-windjammerparade"],"share_on_mastodon":{"url":"https:\/\/pubeurope.com\/@de\/116814723849236833","error":""},"_links":{"self":[{"href":"https:\/\/www.europesays.com\/de\/wp-json\/wp\/v2\/posts\/1122470","targetHints":{"allow":["GET"]}}],"collection":[{"href":"https:\/\/www.europesays.com\/de\/wp-json\/wp\/v2\/posts"}],"about":[{"href":"https:\/\/www.europesays.com\/de\/wp-json\/wp\/v2\/types\/post"}],"author":[{"embeddable":true,"href":"https:\/\/www.europesays.com\/de\/wp-json\/wp\/v2\/users\/2"}],"replies":[{"embeddable":true,"href":"https:\/\/www.europesays.com\/de\/wp-json\/wp\/v2\/comments?post=1122470"}],"version-history":[{"count":0,"href":"https:\/\/www.europesays.com\/de\/wp-json\/wp\/v2\/posts\/1122470\/revisions"}],"wp:featuredmedia":[{"embeddable":true,"href":"https:\/\/www.europesays.com\/de\/wp-json\/wp\/v2\/media\/1122471"}],"wp:attachment":[{"href":"https:\/\/www.europesays.com\/de\/wp-json\/wp\/v2\/media?parent=1122470"}],"wp:term":[{"taxonomy":"category","embeddable":true,"href":"https:\/\/www.europesays.com\/de\/wp-json\/wp\/v2\/categories?post=1122470"},{"taxonomy":"post_tag","embeddable":true,"href":"https:\/\/www.europesays.com\/de\/wp-json\/wp\/v2\/tags?post=1122470"}],"curies":[{"name":"wp","href":"https:\/\/api.w.org\/{rel}","templated":true}]}}