{"id":1122531,"date":"2026-06-26T05:58:17","date_gmt":"2026-06-26T05:58:17","guid":{"rendered":"https:\/\/www.europesays.com\/de\/1122531\/"},"modified":"2026-06-26T05:58:17","modified_gmt":"2026-06-26T05:58:17","slug":"garbsen-notunterkunft-fuer-gefluechtete-schliesst-ende-juni","status":"publish","type":"post","link":"https:\/\/www.europesays.com\/de\/1122531\/","title":{"rendered":"Garbsen: Notunterkunft f\u00fcr Gefl\u00fcchtete schlie\u00dft Ende Juni"},"content":{"rendered":"<p>\n                Stand: 26.06.2026 07:14 Uhr<\/p>\n<p>                    <a href=\"https:\/\/www.europesays.com\/de\/wp-content\/uploads\/2026\/06\/fluechtlingsunterkunft-152.webp\" class=\"zoomimage\" title=\"Bild vergr\u00f6\u00dfern\"><\/p>\n<p>        <img decoding=\"async\" src=\"https:\/\/www.europesays.com\/de\/wp-content\/uploads\/2026\/06\/fluechtlingsunterkunft-152.webp\" alt=\"Graue Wohncontainer mit bunten T\u00fcren. Dort sind Fl\u00fcchtlinge untergebracht.\" title=\"Die Fl\u00fcchtlingsunterkunft in Garbsen besteht seit drei Jahren, nun wird sie planm\u00e4\u00dfig geschlossen. (Themenbild) | Stadt Garbsen\" class=\"responsive\" loading=\"lazy\"\/><\/p>\n<p>                    <\/a><\/p>\n<p>                    Die Fl\u00fcchtlingsunterkunft in Garbsen besteht seit drei Jahren, nun wird sie planm\u00e4\u00dfig geschlossen. (Themenbild)<\/p>\n<p class=\"\">In Garbsen (Region Hannover) soll die Notunterkunft f\u00fcr Gefl\u00fcchtete planm\u00e4\u00dfig Ende Juni schlie\u00dfen. Wie die Landesaufnahmebeh\u00f6rde Niedersachsen am Donnerstag mitteilte, endet dann der vertraglich vereinbarte Nutzungszeitraum. Die Einrichtung sei drei Jahre in Betrieb gewesen, mit Pl\u00e4tzen f\u00fcr bis zu 500 gefl\u00fcchtete Personen. Bereits seit April wurden der Unterkunft laut Aufnahmebeh\u00f6rde keine neuen Bewohnerinnen und Bewohner mehr zugewiesen. Der Betrieb sei schrittweise zur\u00fcckgefahren worden. &#8222;Die Menschen in Garbsen haben in den vergangenen drei Jahren gezeigt, dass Hilfsbereitschaft und Zusammenhalt vor Ort gelebt werden&#8220;, sagte Garbsens B\u00fcrgermeister Claudio Provenzano (SPD). Die Unterkunft in Garbsen bot Gefl\u00fcchteten laut Landesaufnahmebeh\u00f6rde vor\u00fcbergehend Schutz und Unterkunft, bevor sie auf die Kommunen in Niedersachsen verteilt wurden.<\/p>\n<p>                News aus deiner Region &#8211; jetzt auch direkt per WhatsApp<\/p>\n<p>In unseren f\u00fcnf neuen regionalen WhatsApp-Kan\u00e4len versorgen wir dich ab sofort wochent\u00e4glich mit den wichtigsten Nachrichten, Themen und Geschichten aus deiner Heimat. <\/p>\n<p>\u00dcber diese Links kommst du direkt zu den Kan\u00e4len:<\/p>\n<p><a href=\"https:\/\/www.ndr.de\/nachrichten\/niedersachsen\/ndr-niedersachsen-auf-whatsapp-abonniere-die-news-aus-deiner-region,whatsappniedersachsen-100.html\" title=\"NDR Niedersachsen auf WhatsApp: Abonniere die News aus deiner Region\" rel=\"nofollow noopener\" target=\"_blank\">Abonniere News aus deiner Region<\/a> und aktiviere die Glocke, damit du nichts verpasst.<\/p>\n<p>        <img decoding=\"async\" src=\"https:\/\/www.europesays.com\/de\/wp-content\/uploads\/2026\/06\/fluechtlingsunterkunft-152.webp\" alt=\"Graue Wohncontainer mit bunten T\u00fcren. Dort sind Fl\u00fcchtlinge untergebracht.\" title=\"Graue Wohncontainer mit bunten T\u00fcren. Dort sind Fl\u00fcchtlinge untergebracht. | Stadt Garbsen\" class=\"responsive\" loading=\"lazy\"\/><\/p>\n<p>Die Fl\u00e4chen in Berenbostel und Osterwald k\u00f6nnten laut Stadt wegen geringerer Zuweisungen zur\u00fcckgegeben werden.<\/p>\n<p>Dieses Thema im Programm:<\/p>\n<p>                NDR 1 Niedersachsen | Regional Hannover | 26.06.2026 | 06:30 Uhr<\/p>\n","protected":false},"excerpt":{"rendered":"Stand: 26.06.2026 07:14 Uhr Die Fl\u00fcchtlingsunterkunft in Garbsen besteht seit drei Jahren, nun wird sie planm\u00e4\u00dfig geschlossen. (Themenbild)&hellip;\n","protected":false},"author":2,"featured_media":1122532,"comment_status":"","ping_status":"","sticky":false,"template":"","format":"standard","meta":{"footnotes":"","_share_on_mastodon":"0"},"categories":[1836],"tags":[590,8389,122526,3364,29,14260,9090,32602,30,46,14,15,1411,45112],"class_list":["post-1122531","post","type-post","status-publish","format-standard","has-post-thumbnail","category-hannover","tag-aktuell","tag-buergermeister","tag-claudio-provenzano","tag-de","tag-deutschland","tag-fluechtlingsunterkunft","tag-garbsen","tag-gefluechtetenunterkunft","tag-germany","tag-hannover","tag-nachrichten","tag-news","tag-niedersachsen","tag-schliesst"],"share_on_mastodon":{"url":"https:\/\/pubeurope.com\/@de\/116814881600421187","error":""},"_links":{"self":[{"href":"https:\/\/www.europesays.com\/de\/wp-json\/wp\/v2\/posts\/1122531","targetHints":{"allow":["GET"]}}],"collection":[{"href":"https:\/\/www.europesays.com\/de\/wp-json\/wp\/v2\/posts"}],"about":[{"href":"https:\/\/www.europesays.com\/de\/wp-json\/wp\/v2\/types\/post"}],"author":[{"embeddable":true,"href":"https:\/\/www.europesays.com\/de\/wp-json\/wp\/v2\/users\/2"}],"replies":[{"embeddable":true,"href":"https:\/\/www.europesays.com\/de\/wp-json\/wp\/v2\/comments?post=1122531"}],"version-history":[{"count":0,"href":"https:\/\/www.europesays.com\/de\/wp-json\/wp\/v2\/posts\/1122531\/revisions"}],"wp:featuredmedia":[{"embeddable":true,"href":"https:\/\/www.europesays.com\/de\/wp-json\/wp\/v2\/media\/1122532"}],"wp:attachment":[{"href":"https:\/\/www.europesays.com\/de\/wp-json\/wp\/v2\/media?parent=1122531"}],"wp:term":[{"taxonomy":"category","embeddable":true,"href":"https:\/\/www.europesays.com\/de\/wp-json\/wp\/v2\/categories?post=1122531"},{"taxonomy":"post_tag","embeddable":true,"href":"https:\/\/www.europesays.com\/de\/wp-json\/wp\/v2\/tags?post=1122531"}],"curies":[{"name":"wp","href":"https:\/\/api.w.org\/{rel}","templated":true}]}}