{"id":1122557,"date":"2026-06-26T06:12:24","date_gmt":"2026-06-26T06:12:24","guid":{"rendered":"https:\/\/www.europesays.com\/de\/1122557\/"},"modified":"2026-06-26T06:12:24","modified_gmt":"2026-06-26T06:12:24","slug":"a8-richtung-stuttgart-autobahn-nach-unfall-mit-kleintransporter-und-lkw-gesperrt-zeugen-gesucht","status":"publish","type":"post","link":"https:\/\/www.europesays.com\/de\/1122557\/","title":{"rendered":"A8 Richtung Stuttgart: Autobahn nach Unfall mit Kleintransporter und Lkw gesperrt \u2013 Zeugen gesucht"},"content":{"rendered":"<p>\t\t\t\t\t\t\t\t\t\t\t\t\t\t\t\t\t\t\t\t\t\t\t\t\t\t\t\t      \t\t            \t\t             \t\t\t\t   \t\t\t\t\t   <img decoding=\"async\" id=\"article-image\" fetchpriority=\"high\" alt=\"A8 Richtung Stuttgart: Autobahn nach Unfall mit Kleintransporter und Lkw gesperrt \u2013 Zeugen gesucht\" onclick=\"var pA=document.createElement('a');pA.setAttribute('href','https:\/\/www.stuttgarter-nachrichten.de\/gallery.a8-richtung-stuttgart-autobahn-nach-unfall-mit-kleintransporter-und-lkw-gesperrt-zeugen-gesucht.63b5f14c-3a15-4666-b70c-aa7c4a50e1dd.html'),pA.click();\" title=\"A8 Richtung Stuttgart: Autobahn nach Unfall mit Kleintransporter und Lkw gesperrt \u2013 Zeugen gesucht\" src=\"https:\/\/www.europesays.com\/de\/wp-content\/uploads\/2026\/06\/media.media.63c53b31-350f-4593-97bb-6fd56ed5b942.16x9_700.jpg\" data-linkto=\"https:\/\/www.stuttgarter-nachrichten.de\/gallery.a8-richtung-stuttgart-autobahn-nach-unfall-mit-kleintransporter-und-lkw-gesperrt-zeugen-gesucht.63b5f14c-3a15-4666-b70c-aa7c4a50e1dd.html\"\/>\t\t\t\t\t\t\t\t\t\t\t\t\t\t\t\t\t\t\t\t\t\t\t\tDer Unfall hinterlie\u00df ein Bild der Zerst\u00f6rung.\u00a0Foto: SDMG\t\t\t<\/p>\n<p>Nach einem Unfall auf der A8 bei Rutesheim sind am Morgen zwei Spuren in Richtung Stuttgart gesperrt. Ein Kleintransporter war in der Nacht auf mehrere geparkte Sattelz\u00fcge geprallt.<\/p>\n<p>Auf der <a href=\"https:\/\/www.stuttgarter-nachrichten.de\/thema\/A8\" title=\"A8\" class=\"art_thema\" rel=\"nofollow noopener\" target=\"_blank\">A8<\/a> bei Rutesheim (Landkreis B\u00f6blingen) sind nach einem <a href=\"https:\/\/www.stuttgarter-nachrichten.de\/thema\/Unfall\" title=\"Unfall\" class=\"art_thema\" rel=\"nofollow noopener\" target=\"_blank\">Unfall<\/a> in der Nacht auf Freitag der mittlere und rechte Fahrstreifen in Richtung <a href=\"https:\/\/www.stuttgarter-nachrichten.de\/thema\/Stuttgart\" title=\"Stuttgart\" class=\"art_thema\" rel=\"nofollow noopener\" target=\"_blank\">Stuttgart<\/a> auch am Morgen weiterhin <a href=\"https:\/\/www.stuttgarter-nachrichten.de\/thema\/gesperrt\" title=\"gesperrt\" class=\"art_thema\" rel=\"nofollow noopener\" target=\"_blank\">gesperrt<\/a>. Ein 38-j\u00e4hriger Fahrer eines Kleintransporters war in der Nacht auf den Standstreifen geraten und mit mehreren in einer Nothaltebucht geparkten Sattelz\u00fcgen kollidiert, wie die <a href=\"https:\/\/www.stuttgarter-nachrichten.de\/thema\/Polizei\" title=\"Polizei\" class=\"art_thema\" rel=\"nofollow noopener\" target=\"_blank\">Polizei<\/a> berichtet.<\/p>\n<p>Den Angaben zufolge fuhr der 38-J\u00e4hrige gegen 3.25 Uhr auf dem rechten Fahrstreifen der A8 in Richtung <a href=\"https:\/\/www.stuttgarter-nachrichten.de\/thema\/M%C3%BCnchen\" title=\"M\u00fcnchen\" class=\"art_thema\" rel=\"nofollow noopener\" target=\"_blank\">M\u00fcnchen<\/a>, als er aus bislang ungekl\u00e4rter Ursache nach rechts von der Fahrbahn abkam. Er fuhr auf dem Standstreifen weiter und streifte dort zun\u00e4chst das Heck eines Sattelzugs, dessen Auflieger in den Standstreifen hineinragte. Der Sattelzug selbst war in einer Nothaltebucht geparkt. Bei der Kollision riss der Transporter dessen Seitenwand auf der gesamten L\u00e4nge auf. Anschlie\u00dfend passierte der Sprinter zwei weitere geparkte Lastwagen, bevor er erneut mit einem weiteren Sattelzug zusammenstie\u00df.<\/p>\n<p>Transporter mit Meeresfr\u00fcchten beladen \u2013 Fahrer verletzt ins Krankenhaus <\/p>\n<p> Schlie\u00dflich kippte der mit Meeresfr\u00fcchten beladene Kleintransporter um und kam entgegen der Fahrtrichtung zum Liegen. Der 38-J\u00e4hrige konnte sich noch vor Eintreffen der Rettungskr\u00e4fte selbst aus seinem Fahrzeug befreien und wurde in ein nahegelegenes Krankenhaus gebracht. Der 23-j\u00e4hrige Fahrer des zuletzt erfassten Sattelzugs, der in seiner Fahrerkabine geschlafen hatte, blieb unverletzt.<\/p>\n<p>Nach einer vor\u00fcbergehenden Vollsperrung beider Richtungsfahrbahnen gab die Polizei kurz vor 4.50 Uhr Uhr den linken Fahrstreifen in Richtung Stuttgart wieder frei. Der mittlere und rechte Fahrstreifen blieben gesperrt, die Bergungsarbeiten dauern hier noch an. Die Polizei sch\u00e4tzt den entstandenen Schaden auf 85.000 Euro. <\/p>\n<p>Polizei sucht Zeugen und bittet um Hinweise <\/p>\n<p>Zeugen werden gebeten, sich bei der Verkehrspolizeiinspektion Ludwigsburg unter der Telefonnummer 0711 \/ 68 69 0 oder per E-Mail unter stuttgart-vaihingen.vpi@polizei.bwl.de zu melden.<\/p>\n","protected":false},"excerpt":{"rendered":"Der Unfall hinterlie\u00df ein Bild der Zerst\u00f6rung.\u00a0Foto: SDMG Nach einem Unfall auf der A8 bei Rutesheim sind am&hellip;\n","protected":false},"author":2,"featured_media":1122558,"comment_status":"","ping_status":"","sticky":false,"template":"","format":"standard","meta":{"footnotes":"","_share_on_mastodon":"0"},"categories":[1830],"tags":[18192,1634,3364,29,30,5783,1268,121,3440,14252,2224,1441,1284],"class_list":["post-1122557","post","type-post","status-publish","format-standard","has-post-thumbnail","category-stuttgart","tag-a8","tag-baden-wuerttemberg","tag-de","tag-deutschland","tag-germany","tag-gesperrt","tag-muenchen","tag-polizei","tag-polizeibericht-region-stuttgart","tag-richtung","tag-sperrung","tag-stuttgart","tag-unfall"],"share_on_mastodon":{"url":"https:\/\/pubeurope.com\/@de\/116814934723323521","error":""},"_links":{"self":[{"href":"https:\/\/www.europesays.com\/de\/wp-json\/wp\/v2\/posts\/1122557","targetHints":{"allow":["GET"]}}],"collection":[{"href":"https:\/\/www.europesays.com\/de\/wp-json\/wp\/v2\/posts"}],"about":[{"href":"https:\/\/www.europesays.com\/de\/wp-json\/wp\/v2\/types\/post"}],"author":[{"embeddable":true,"href":"https:\/\/www.europesays.com\/de\/wp-json\/wp\/v2\/users\/2"}],"replies":[{"embeddable":true,"href":"https:\/\/www.europesays.com\/de\/wp-json\/wp\/v2\/comments?post=1122557"}],"version-history":[{"count":0,"href":"https:\/\/www.europesays.com\/de\/wp-json\/wp\/v2\/posts\/1122557\/revisions"}],"wp:featuredmedia":[{"embeddable":true,"href":"https:\/\/www.europesays.com\/de\/wp-json\/wp\/v2\/media\/1122558"}],"wp:attachment":[{"href":"https:\/\/www.europesays.com\/de\/wp-json\/wp\/v2\/media?parent=1122557"}],"wp:term":[{"taxonomy":"category","embeddable":true,"href":"https:\/\/www.europesays.com\/de\/wp-json\/wp\/v2\/categories?post=1122557"},{"taxonomy":"post_tag","embeddable":true,"href":"https:\/\/www.europesays.com\/de\/wp-json\/wp\/v2\/tags?post=1122557"}],"curies":[{"name":"wp","href":"https:\/\/api.w.org\/{rel}","templated":true}]}}