{"id":1122652,"date":"2026-06-26T07:06:21","date_gmt":"2026-06-26T07:06:21","guid":{"rendered":"https:\/\/www.europesays.com\/de\/1122652\/"},"modified":"2026-06-26T07:06:21","modified_gmt":"2026-06-26T07:06:21","slug":"top-oekonomen-warnen-china-und-die-usa-werden-europa-aufessen-stueck-fuer-stueck-wirtschaft","status":"publish","type":"post","link":"https:\/\/www.europesays.com\/de\/1122652\/","title":{"rendered":"Top-\u00d6konomen warnen: \u201eChina und die USA werden Europa aufessen, St\u00fcck f\u00fcr St\u00fcck\u201c &#8211; Wirtschaft"},"content":{"rendered":"<p data-manual=\"paragraph\" data-schema-org-speakable=\"true\" class=\"css-1ygz9cx\">Die SZ trifft Niall Ferguson und Moritz Schularick in <a href=\"https:\/\/www.sueddeutsche.de\/thema\/Berlin\" rel=\"nofollow noopener\" target=\"_blank\">Berlin<\/a>, wo sie im Kanzleramt und Verteidigungsministerium ihre Thesen zur Weltlage vorstellen. Wirtschaftshistoriker Ferguson von der Stanford University gilt wegen seiner zahlreichen Bestseller als brillanter Zeitdiagnostiker, zuletzt erntete der 62-J\u00e4hrige auch Kritik f\u00fcr seine Haltung zu <a href=\"https:\/\/www.sueddeutsche.de\/thema\/Donald_Trump\" rel=\"nofollow noopener\" target=\"_blank\">Donald Trump<\/a>. Seit 20 Jahren arbeitet Ferguson immer wieder mit Moritz Schularick, 50, zusammen, der das Kieler Institut f\u00fcr Weltwirtschaft leitet, eines der f\u00fchrenden Wirtschaftsforschungsinstitute in <a href=\"https:\/\/www.sueddeutsche.de\/thema\/Deutschland\" rel=\"nofollow noopener\" target=\"_blank\">Deutschland<\/a>.<\/p>\n","protected":false},"excerpt":{"rendered":"Die SZ trifft Niall Ferguson und Moritz Schularick in Berlin, wo sie im Kanzleramt und Verteidigungsministerium ihre Thesen&hellip;\n","protected":false},"author":2,"featured_media":1122653,"comment_status":"","ping_status":"","sticky":false,"template":"","format":"standard","meta":{"footnotes":"","_share_on_mastodon":"0"},"categories":[3977],"tags":[186,331,332,147,7102,296,227,29,106,3058,663,156,2989,13,3982,148,4036,946,14,15,319,1323,12,29839,149,317,4017,4018,4016,64,4019,4020,603,55,381],"class_list":["post-1122652","post","type-post","status-publish","format-standard","has-post-thumbnail","category-usa","tag-afd","tag-aktuelle-nachrichten","tag-aktuelle-news","tag-ausland","tag-barack-obama","tag-berlin","tag-china","tag-deutschland","tag-donald-trump","tag-england","tag-europa","tag-frankreich","tag-geschichte","tag-headlines","tag-kalter-krieg","tag-leserdiskussion","tag-london","tag-maschinenbau","tag-nachrichten","tag-news","tag-paris","tag-rassemblement-national","tag-schlagzeilen","tag-strasse-von-hormus","tag-sueddeutsche-zeitung","tag-ukraine","tag-united-states","tag-united-states-of-america","tag-us","tag-usa","tag-vereinigte-staaten","tag-vereinigte-staaten-von-amerika","tag-vw","tag-wirtschaft","tag-wirtschaftspolitik"],"share_on_mastodon":{"url":"","error":"Validation failed: Text character limit of 500 exceeded"},"_links":{"self":[{"href":"https:\/\/www.europesays.com\/de\/wp-json\/wp\/v2\/posts\/1122652","targetHints":{"allow":["GET"]}}],"collection":[{"href":"https:\/\/www.europesays.com\/de\/wp-json\/wp\/v2\/posts"}],"about":[{"href":"https:\/\/www.europesays.com\/de\/wp-json\/wp\/v2\/types\/post"}],"author":[{"embeddable":true,"href":"https:\/\/www.europesays.com\/de\/wp-json\/wp\/v2\/users\/2"}],"replies":[{"embeddable":true,"href":"https:\/\/www.europesays.com\/de\/wp-json\/wp\/v2\/comments?post=1122652"}],"version-history":[{"count":0,"href":"https:\/\/www.europesays.com\/de\/wp-json\/wp\/v2\/posts\/1122652\/revisions"}],"wp:featuredmedia":[{"embeddable":true,"href":"https:\/\/www.europesays.com\/de\/wp-json\/wp\/v2\/media\/1122653"}],"wp:attachment":[{"href":"https:\/\/www.europesays.com\/de\/wp-json\/wp\/v2\/media?parent=1122652"}],"wp:term":[{"taxonomy":"category","embeddable":true,"href":"https:\/\/www.europesays.com\/de\/wp-json\/wp\/v2\/categories?post=1122652"},{"taxonomy":"post_tag","embeddable":true,"href":"https:\/\/www.europesays.com\/de\/wp-json\/wp\/v2\/tags?post=1122652"}],"curies":[{"name":"wp","href":"https:\/\/api.w.org\/{rel}","templated":true}]}}