{"id":1122656,"date":"2026-06-26T07:09:17","date_gmt":"2026-06-26T07:09:17","guid":{"rendered":"https:\/\/www.europesays.com\/de\/1122656\/"},"modified":"2026-06-26T07:09:17","modified_gmt":"2026-06-26T07:09:17","slug":"frankreich-gruppe-lockt-17-jaehrigen-in-hinterhalt-und-pruegelt-ihn-zu-tode-taeter-stellen-video-ins-internet-2","status":"publish","type":"post","link":"https:\/\/www.europesays.com\/de\/1122656\/","title":{"rendered":"Frankreich: Gruppe lockt 17-J\u00e4hrigen in Hinterhalt und pr\u00fcgelt ihn zu Tode \u2013 T\u00e4ter stellen Video ins Internet"},"content":{"rendered":"<p class=\"is-first-paragraph\" data-external=\"Article.FirstParagraph\">Eine Region steht unter Schock: Ein Jugendlicher wurde in Frankreich von einer Gruppe Gleichaltriger so massiv verpr\u00fcgelt, dass er Tage sp\u00e4ter im Krankenhaus an seinen schweren Verletzungen starb. <\/p>\n<p>Die T\u00e4ter selbst verbreiteten ein Video ihrer Tat in den sozialen Netzwerken \u2013 sie wurden rasch identifiziert und festgenommen. Drei der f\u00fcnf Verhafteten sind noch minderj\u00e4hrig, die anderen beiden 19 Jahre alt. \u201eEs ist ein Fall von seltener Brutalit\u00e4t\u201c, erkl\u00e4rte ein zust\u00e4ndiger Polizeikommissar bei einer Pressekonferenz. <\/p>\n<p>Erste Erkenntnisse deuten laut dem Staatsanwalt darauf hin, dass die Gewalttat \u201evors\u00e4tzlich\u201c war und die Angreifer den Jungen namens Louis in einen Hinterhalt gelockt haben, um ihn zu Tode zu pr\u00fcgeln. \u201eDie gesammelten Beweise lassen darauf schlie\u00dfen, dass diese \u00e4u\u00dferst schwerwiegenden Taten vors\u00e4tzlich begangen wurden und dass der Angeklagte dem Opfer eine Falle gestellt hatte, indem er es auf eine Baustelle lockte, um es dort zu Tode zu pr\u00fcgeln\u201c, erkl\u00e4rte Jean-Philippe Rey auf einer Pressekonferenz.<\/p>\n<p>W\u00e4hrend ihrer Anh\u00f6rung vor dem Untersuchungsrichter sei der Tod des Opfers der Staatsanwaltschaft bekannt geworden, erkl\u00e4rte der Rey. Es wird daher erwartet, dass die Anklage von versuchtem Mord auf Mord ge\u00e4ndert wird. <\/p>\n<p>Wie unter anderem die franz\u00f6sische Zeitung \u201eL\u2019independant\u201c berichtet, wohnte Louis aus dem franz\u00f6sischen D\u00e9partement Aude in einer Notunterkunft und stand unter Betreuung der Jugendhilfe. Am Abend des 19. Juni verlie\u00df er die Einrichtung in Narbonne und ging zu einer Baustelle. Dort soll ihn die Gruppe gezielt abgefangen und massiv misshandelt haben, w\u00e4hrend die Schl\u00e4ge gefilmt wurden. <\/p>\n<p>Auf dem schwer zu ertragenden Video ist unter anderem zu sehen, wie ein Angreifer das bereits am Boden liegende Opfer immer wieder mit massiven Faustschl\u00e4gen maltr\u00e4tiert, w\u00e4hrend die anderen danebenstehen, filmen und den Sterbenden verh\u00f6hnen und feixen. Deutlich ist im Video zudem zu h\u00f6ren, dass Louis bereits nicht mehr richtig atmet, als er von den T\u00e4tern aus n\u00e4chster N\u00e4he gefilmt wird.<\/p>\n<p>Die T\u00e4ter fl\u00fcchteten und lie\u00dfen den 17-J\u00e4hrigen zum Sterben zur\u00fcck. Demnach wurde Louis erst am n\u00e4chsten Morgen gegen 9 Uhr schwerstverletzt und bewusstlos von Feuerwehrleuten entdeckt. Er erlitt schwerste Verletzungen, Bluterg\u00fcsse an den Augen und im Gesicht und soll aus Mund und Nase geblutet haben. In kritischem Zustand wurde er ins Krankenhaus eingeliefert und ins k\u00fcnstliche Koma versetzt. F\u00fcnf Tage sp\u00e4ter starb Louis.<\/p>\n<p>Nach Informationen des Senders CNews kannten sich Louis und die T\u00e4ter aus verschiedenen Einrichtungen der Jugendhilfe. Der Fernsehsender berichtete zudem, der 17-J\u00e4hrige sei bereits Anfang des Monats von einigen der sp\u00e4teren Tatverd\u00e4chtigen angegriffen worden. Ein Video des mutma\u00dflichen Angriffs kursiert ebenfalls in den sozialen Medien. <\/p>\n<p>M\u00f6glicherweise habe es sich um einen Racheakt gehandelt, weil das Opfer zuvor Informationen \u00fcber einen Diebstahl weitergegeben haben k\u00f6nnte. Ein anderes Video soll zeigen, wie sich die Angreifer nach der Tat im Zug am\u00fcsieren. Eine offizielle Best\u00e4tigung dieser Angaben durch die Ermittlungsbeh\u00f6rden liegt bislang nicht vor.<\/p>\n<p>Angreifer haben \u201ekaum Vorstrafen\u201c und sind teilweise ortsfremd<\/p>\n<p>Die heranwachsenden T\u00e4ter sollen laut Staatsanwaltschaft \u201ekaum\u201c Vorstrafen haben und teilweise ortsfremd sein. Fotoaufnahmen der angeblichen Angreifer, die ebenfalls im Internet kursieren, lassen auf einen Migrationshintergrund aus Afrika oder dem Nahen Osten schlie\u00dfen. N\u00e4here Angaben zur Nationalit\u00e4t machte die Beh\u00f6rde bislang nicht. <\/p>\n<p>Der Fall sorgt in Frankreich f\u00fcr gro\u00dfe Emp\u00f6rung \u2013 einerseits aufgrund der Brutalit\u00e4t der Tat, andererseits auch, weil das Opfer unter staatlicher Obhut stand. Marine Le Pen machte die linke Politik in Frankreich f\u00fcr die Tat verantwortlich und k\u00fcndigte Konsequenzen an. \u201eDas Martyrium des 17-j\u00e4hrigen Louis, der in Narbonne gelyncht wurde, bricht das Herz und sch\u00fcrt immense Wut unter den Franzosen angesichts dieser allt\u00e4glichen Barbarei, die nicht l\u00e4nger verharmlost, heruntergespielt oder verschwiegen werden kann\u201c, schrieb die <a class=\"is-link c-block-items__link c-link--rich-text-renderer\" href=\"https:\/\/www.welt.de\/politik\/ausland\/article69c0759306df835a397664ce\/frankreich-bei-der-kommunalwahl-setzt-sich-die-mitte-durch-le-pens-partei-scheitert-erneut-in-grossstaedten.html\" data-internal-tracking-enabled=\"true\" data-internal-tracking=\"{&quot;action&quot;:&quot;click&quot;,&quot;label&quot;:&quot;link&quot;,&quot;name&quot;:&quot;Inline Element&quot;,&quot;data&quot;:{&quot;source&quot;:&quot;&quot;,&quot;target&quot;:&quot;https:\/\/www.welt.de\/politik\/ausland\/article69c0759306df835a397664ce\/frankreich-bei-der-kommunalwahl-setzt-sich-die-mitte-durch-le-pens-partei-scheitert-erneut-in-grossstaedten.html&quot;,&quot;trackingName&quot;:&quot;&quot;,&quot;trackingLabel&quot;:&quot;&quot;}}\" rel=\"nofollow noopener\" target=\"_blank\">Fraktionsvorsitzende des Rassemblement National<\/a> in der franz\u00f6sischen Nationalversammlung in einem Beitrag auf X. \u201eIndem die Machthabenden, unterst\u00fctzt von der Linken und der extremen Linken, sich beharrlich weigern, Straftaten schnell und wirksam zu bestrafen, senden sie eine verheerende Botschaft aus: die der permanenten Straflosigkeit.\u201c<\/p>\n<p>Le Pen k\u00fcndigte an: \u201eWir sagen es ganz deutlich: Im Jahr 2027 wird es ein Ende haben mit der Ignoranz, der Verleugnung und der ideologischen Blindheit angesichts dieser Grausamkeit und dieser unertr\u00e4glichen Gewalt.\u201c<\/p>\n","protected":false},"excerpt":{"rendered":"Eine Region steht unter Schock: Ein Jugendlicher wurde in Frankreich von einer Gruppe Gleichaltriger so massiv verpr\u00fcgelt, dass&hellip;\n","protected":false},"author":2,"featured_media":1122224,"comment_status":"","ping_status":"","sticky":false,"template":"","format":"standard","meta":{"footnotes":"","_share_on_mastodon":"0"},"categories":[3974],"tags":[331,332,548,663,3934,3980,156,20378,13,7228,56038,236861,14,15,110,7227,1323,12,45],"class_list":["post-1122656","post","type-post","status-publish","format-standard","has-post-thumbnail","category-frankreich","tag-aktuelle-nachrichten","tag-aktuelle-news","tag-eu","tag-europa","tag-europe","tag-france","tag-frankreich","tag-frankreich-politik","tag-headlines","tag-marine-le-tochter","tag-mord-ks","tag-mordversuch-ks","tag-nachrichten","tag-news","tag-newsteam","tag-pen","tag-rassemblement-national","tag-schlagzeilen","tag-texttospeech"],"share_on_mastodon":{"url":"https:\/\/pubeurope.com\/@de\/116815158803652127","error":""},"_links":{"self":[{"href":"https:\/\/www.europesays.com\/de\/wp-json\/wp\/v2\/posts\/1122656","targetHints":{"allow":["GET"]}}],"collection":[{"href":"https:\/\/www.europesays.com\/de\/wp-json\/wp\/v2\/posts"}],"about":[{"href":"https:\/\/www.europesays.com\/de\/wp-json\/wp\/v2\/types\/post"}],"author":[{"embeddable":true,"href":"https:\/\/www.europesays.com\/de\/wp-json\/wp\/v2\/users\/2"}],"replies":[{"embeddable":true,"href":"https:\/\/www.europesays.com\/de\/wp-json\/wp\/v2\/comments?post=1122656"}],"version-history":[{"count":0,"href":"https:\/\/www.europesays.com\/de\/wp-json\/wp\/v2\/posts\/1122656\/revisions"}],"wp:featuredmedia":[{"embeddable":true,"href":"https:\/\/www.europesays.com\/de\/wp-json\/wp\/v2\/media\/1122224"}],"wp:attachment":[{"href":"https:\/\/www.europesays.com\/de\/wp-json\/wp\/v2\/media?parent=1122656"}],"wp:term":[{"taxonomy":"category","embeddable":true,"href":"https:\/\/www.europesays.com\/de\/wp-json\/wp\/v2\/categories?post=1122656"},{"taxonomy":"post_tag","embeddable":true,"href":"https:\/\/www.europesays.com\/de\/wp-json\/wp\/v2\/tags?post=1122656"}],"curies":[{"name":"wp","href":"https:\/\/api.w.org\/{rel}","templated":true}]}}