{"id":1122711,"date":"2026-06-26T07:45:25","date_gmt":"2026-06-26T07:45:25","guid":{"rendered":"https:\/\/www.europesays.com\/de\/1122711\/"},"modified":"2026-06-26T07:45:25","modified_gmt":"2026-06-26T07:45:25","slug":"organisierte-kriminalitaet-keine-clans-aber-mehr-geld-warum-die-ertraege-der-kriminellen-steigen","status":"publish","type":"post","link":"https:\/\/www.europesays.com\/de\/1122711\/","title":{"rendered":"Organisierte Kriminalit\u00e4t: \u201eKeine Clans, aber mehr Geld\u201c \u2013 warum die Ertr\u00e4ge der Kriminellen steigen"},"content":{"rendered":"<p class=\"is-first-paragraph\" data-external=\"Article.FirstParagraph\">In Hamburg ist die Zahl der im Zusammenhang mit Organisierter Kriminalit\u00e4t gef\u00fchrten Ermittlungsverfahren im vergangenen Jahr zwar leicht gesunken. Allerdings schossen die Ertr\u00e4ge, die von diesem T\u00e4terkreis mit kriminellen Gesch\u00e4ften erzielt wurden, laut der Senatsantwort auf eine Gro\u00dfe Anfrage aus der CDU-B\u00fcrgerschaftsfraktion in die H\u00f6he. <\/p>\n<p>14 sogenannte OK-Verfahren habe die Polizei 2025 an das Bundeskriminalamt gemeldet. Das war ein Ermittlungsverfahren weniger als im Vorjahr \u2013 ein R\u00fcckgang um knapp 6,7 Prozent. Bei neun der F\u00e4lle drehte es sich laut Senatsantwort um Drogenschmuggel oder -handel. In vier F\u00e4llen ging es demnach um Gewaltkriminalit\u00e4t; bei einem um Geldw\u00e4sche. Mit 21 Festnahmen im Zusammenhang mit OK-Verfahren lag man im vergangenen Jahr exakt auf Vorjahresniveau. Die Zahl der erlassenen Haftbefehle sank jedoch von 21 in 2024 auf nur noch 15 im vergangenen Jahr.<\/p>\n<p>Mehr Verm\u00f6genswerte sichergestellt<\/p>\n<p>Auch der in den Verfahren bezifferte Gesamtschaden sank dem Senat zufolge deutlich auf rund 6,3 Millionen Euro. Ein Jahr zuvor hatte er noch bei knapp 52 Millionen Euro gelegen. Die Ertr\u00e4ge der T\u00e4ter wurden f\u00fcr 2025 mit fast 151 Millionen Euro angegeben \u2013 mehr als siebenmal so viel wie 2024 (21 Millionen Euro).  Im Zuge der Verfahren seien im vergangenen Jahr Verm\u00f6genswerte im Umfang von gut 2,1 Millionen Euro gesichert worden, mehr als dreimal so viel wie 2024 (641.000 Euro). <\/p>\n<p>\u201eDas von der Organisierten Kriminalit\u00e4t ausgehende Gefahren- und Bedrohungspotenzial f\u00fcr den Staat und die Gesellschaft nimmt der Senat sehr ernst und die Bek\u00e4mpfung dieser Strukturen hat oberste Priorit\u00e4t\u201c, hei\u00dft es in der Antwort.<\/p>\n<p>CDU fordert bessere Ausstattung und mehr Ermittler<\/p>\n<p>Der deutliche Anstieg der durch Organisierte Kriminalit\u00e4t gewonnenen Ertr\u00e4ge belege, \u201ewie attraktiv Hamburg f\u00fcr derartige Kriminelle ist\u201c, sagte der Innenexperte der CDU-Fraktion, Dennis Gladiator, der Deutschen Presse-Agentur. \u201eWenn der Senat behauptet, die Bek\u00e4mpfung dieser Strukturen habe oberste Priorit\u00e4t, muss er seinen Worten auch Taten folgen lassen\u201c, forderte er. <\/p>\n<p>So m\u00fcssten sowohl die f\u00fcr die Organisierte Kriminalit\u00e4t zust\u00e4ndige Fachabteilung beim Landeskriminalamt (LKA 6) als auch die entsprechenden Abteilungen in der Staatsanwaltschaft personell und sachlich so ausgestattet werden, \u201edass sie die T\u00e4ter konsequent verfolgen und deren illegal erlangtes Verm\u00f6gen vollst\u00e4ndig absch\u00f6pfen k\u00f6nnen\u201c, sagte Gladiator. <\/p>\n<p>\u201eDie Behauptung des Senats, es g\u00e4be in Hamburg keine Clankriminalit\u00e4t, zeigt aber, wie sehr er die Augen vor der Realit\u00e4t verschlie\u00dft\u201c, sagte der CDU-Mann.<\/p>\n<p>Senat sieht keine Hinweise auf Clanstrukturen in Hamburg <\/p>\n<p>Hinweise auf Clankriminalit\u00e4t wie beispielsweise in Berlin oder Nordrhein-Westfalen sieht der Senat in Hamburg nicht. Danach gefragt, verwies er auf seine Antwort auf eine CDU-Anfrage aus der vergangenen Legislaturperiode: \u201eIm Gegensatz zu den stark betroffenen L\u00e4ndern konnten in Hamburg weiterhin keine Clanstrukturen im Sinne der Fragestellung festgestellt werden\u201c, hie\u00df es darin.<\/p>\n<p>Der Begriff Clankriminalit\u00e4t ist umstritten, weil er nach Ansicht von Kritikern Menschen mit Migrationshintergrund alleine aufgrund ihrer Familienzugeh\u00f6rigkeit und Herkunft stigmatisiert und diskriminiert.<\/p>\n<p>Die Mehrzahl der bei den OK-Verfahren ermittelten Tatverd\u00e4chtigen hatte laut Senatsantwort die deutsche Staatsb\u00fcrgerschaft: bei 51 von 91 Verd\u00e4chtigen war das im vergangenen Jahr so. Schon 2024 waren von 100 Verd\u00e4chtigen 55 Deutsche.<\/p>\n","protected":false},"excerpt":{"rendered":"In Hamburg ist die Zahl der im Zusammenhang mit Organisierter Kriminalit\u00e4t gef\u00fchrten Ermittlungsverfahren im vergangenen Jahr zwar leicht&hellip;\n","protected":false},"author":2,"featured_media":1122712,"comment_status":"","ping_status":"","sticky":false,"template":"","format":"standard","meta":{"footnotes":"","_share_on_mastodon":"0"},"categories":[1826],"tags":[31,29,30,692,8923,3084,215822,45],"class_list":["post-1122711","post","type-post","status-publish","format-standard","has-post-thumbnail","category-hamburg","tag-cdu","tag-deutschland","tag-germany","tag-hamburg","tag-lauterbach-joern","tag-organisierte-kriminalitaet","tag-organisiertes-verbrechen-ks","tag-texttospeech"],"share_on_mastodon":{"url":"https:\/\/pubeurope.com\/@de\/116815300280065717","error":""},"_links":{"self":[{"href":"https:\/\/www.europesays.com\/de\/wp-json\/wp\/v2\/posts\/1122711","targetHints":{"allow":["GET"]}}],"collection":[{"href":"https:\/\/www.europesays.com\/de\/wp-json\/wp\/v2\/posts"}],"about":[{"href":"https:\/\/www.europesays.com\/de\/wp-json\/wp\/v2\/types\/post"}],"author":[{"embeddable":true,"href":"https:\/\/www.europesays.com\/de\/wp-json\/wp\/v2\/users\/2"}],"replies":[{"embeddable":true,"href":"https:\/\/www.europesays.com\/de\/wp-json\/wp\/v2\/comments?post=1122711"}],"version-history":[{"count":0,"href":"https:\/\/www.europesays.com\/de\/wp-json\/wp\/v2\/posts\/1122711\/revisions"}],"wp:featuredmedia":[{"embeddable":true,"href":"https:\/\/www.europesays.com\/de\/wp-json\/wp\/v2\/media\/1122712"}],"wp:attachment":[{"href":"https:\/\/www.europesays.com\/de\/wp-json\/wp\/v2\/media?parent=1122711"}],"wp:term":[{"taxonomy":"category","embeddable":true,"href":"https:\/\/www.europesays.com\/de\/wp-json\/wp\/v2\/categories?post=1122711"},{"taxonomy":"post_tag","embeddable":true,"href":"https:\/\/www.europesays.com\/de\/wp-json\/wp\/v2\/tags?post=1122711"}],"curies":[{"name":"wp","href":"https:\/\/api.w.org\/{rel}","templated":true}]}}