{"id":1122748,"date":"2026-06-26T08:11:20","date_gmt":"2026-06-26T08:11:20","guid":{"rendered":"https:\/\/www.europesays.com\/de\/1122748\/"},"modified":"2026-06-26T08:11:20","modified_gmt":"2026-06-26T08:11:20","slug":"wm-2026-sechzehntelfinale-drei-teams-kommen-noch-fuer-deutschland-infrage","status":"publish","type":"post","link":"https:\/\/www.europesays.com\/de\/1122748\/","title":{"rendered":"WM 2026: Sechzehntelfinale \u2013 drei Teams kommen noch f\u00fcr Deutschland infrage"},"content":{"rendered":"<p>Im Sechzehntelfinale <\/p>\n<p>F\u00fcr die DFB-Elf sind nur noch drei Gegner m\u00f6glich<\/p>\n<p>Aktualisiert am 26.06.2026 &#8211; 09:08 UhrLesedauer: 2 Min.<\/p>\n<p><a href=\"#focus-0\" class=\"transition-colors block text-current relative\" data-sctrack=\"FocusGalleryImage.Reference\"><img fetchpriority=\"high\" data-testid=\"Opener.Image\"   loading=\"eager\" src=\"https:\/\/www.europesays.com\/de\/wp-content\/uploads\/2026\/06\/joshua-kimmich-der-dfb-kapitaen-und-seine-mannschaft-warten-auf-ihren-ersten-gegner-der-k-o-runde.jp.jpeg\" alt=\"Joshua Kimmich: Der DFB-Kapit\u00e4n und seine Mannschaft warten auf ihren ersten Gegner der K.o.-Runde.\" title=\"Joshua Kimmich: Der DFB-Kapit\u00e4n und seine Mannschaft warten auf ihren ersten Gegner der K.o.-Runde.\" width=\"2843\" height=\"1599\" class=\"bg-[url:var(--lqipURL)] bg-cover bg-center flex h-full w-full max-w-full\" style=\"--lqipURL:url('https:\/\/images.t-online.de\/2026\/06\/mItxE79FWZDU\/979x349:2843x1599\/fit-in\/150x0\/filters:blur(25)\/joshua-kimmich-der-dfb-kapitaen-und-seine-mannschaft-warten-auf-ihren-ersten-gegner-der-k-o-runde.jpg')\" decoding=\"async\"\/><img loading=\"lazy\" src=\"https:\/\/www.t-online.de\/s\/paper\/_next\/static\/media\/zoom-in.f7dae02f.svg\" alt=\"Vergr\u00f6\u00dfern des Bildes\" title=\"Vergr\u00f6\u00dfern des Bildes\" class=\"block h-[calc(var(--height)_\/_16_*_1rem)] w-[calc(var(--width)_\/_16_*_1rem)] max-w-none absolute right-8 bottom-8 rounded-4 bg-snow p-8\" style=\"--width:32;--height:32\" decoding=\"async\"\/><\/a><\/p>\n<p>Joshua Kimmich: Der DFB-Kapit\u00e4n und seine Mannschaft warten auf ihren ersten Gegner der K.o.-Runde. (Quelle: Eibner-Pressefoto\/Scott Coleman\/imago-images-bilder)<\/p>\n<p><img loading=\"lazy\" src=\"https:\/\/www.t-online.de\/s\/paper\/_next\/static\/media\/audio-volume.6689034c.svg\" alt=\"\" title=\"\" class=\"block h-[calc(var(--height)_\/_16_*_1rem)] w-[calc(var(--width)_\/_16_*_1rem)] max-w-none group-hover:brightness-0 group-hover:invert\" style=\"--width:16;--height:16\" decoding=\"async\"\/>Vorlesen<\/p>\n<p>Aktuelle Zeit:0:00Gesamtdauer:0:00<\/p>\n<p>1x<\/p>\n<p class=\"text-center\">Jetzt neu bei t-online:<\/p>\n<p class=\"text-center\">Schriftgr\u00f6\u00dfe anpassen!<\/p>\n<p><img loading=\"lazy\" src=\"https:\/\/www.t-online.de\/s\/paper\/_next\/static\/media\/font-sizes.32942e33.svg\" alt=\"\" title=\"\" class=\"block h-[calc(var(--height)_\/_16_*_1rem)] w-[calc(var(--width)_\/_16_*_1rem)] max-w-none group-hover:hidden group-aria-expanded:hidden\" style=\"--width:16;--height:16\" decoding=\"async\"\/><img loading=\"lazy\" src=\"https:\/\/www.t-online.de\/s\/paper\/_next\/static\/media\/font-sizes-dark-mode.e382645c.svg\" alt=\"\" title=\"\" class=\"block h-[calc(var(--height)_\/_16_*_1rem)] w-[calc(var(--width)_\/_16_*_1rem)] max-w-none hidden group-hover:block group-aria-expanded:block\" style=\"--width:16;--height:16\" decoding=\"async\"\/><img loading=\"lazy\" src=\"https:\/\/www.t-online.de\/s\/paper\/_next\/static\/media\/sharing-menu-icon.1eb71368.svg\" alt=\"\" title=\"\" class=\"block h-[calc(var(--height)_\/_16_*_1rem)] w-[calc(var(--width)_\/_16_*_1rem)] max-w-none group-hover:brightness-0 group-hover:invert\" style=\"--width:16;--height:16\" decoding=\"async\"\/>Artikel teilen<\/p>\n<p class=\"font-bold text-18 leading-17 user-text-lg:text-22 user-text-xl:text-24\">Die n\u00e4chste Runde wird Deutschland als Gruppenerster erreichen. Noch ist unklar, auf wen die DFB-Elf im Sechzehntelfinale trifft \u2013 aber der Kreis der m\u00f6glichen Gegner verkleinert sich.<\/p>\n<p class=\"text-18 leading-17 user-text-lg:text-22 user-text-xl:text-24\">Schon vor dem letzten Gruppenspieltag hatte Deutschland der Gruppensieg in Gruppe E nicht mehr zu nehmen. Die <a href=\"https:\/\/www.t-online.de\/themen\/nationalmannschaft-deutschland\/\" class=\"transition-colors cursor-pointer no-underline md:hover:text-magenta md:focus:text-magenta border-b border-solid border-current text-salemsfur md:hover:border-magenta\" data-tracking=\"{&quot;action&quot;:&quot;click&quot;,&quot;category&quot;:&quot;intextLink&quot;,&quot;label&quot;:&quot;\/themen\/nationalmannschaft-deutschland\/&quot;}\" data-sctrack=\"BodyAnchor\" rel=\"nofollow noopener\" target=\"_blank\">DFB-Elf<\/a> (6 Punkte) ist auch trotz der Niederlage gegen Ecuador als Erster weiter. Die Elfenbeink\u00fcste (6 Punkte) folgt auf dem zweiten Rang, dahinter steht Ecuador mit vier Z\u00e4hlern auf dem dritten Platz. Cura\u00e7ao ist abgeschlagen Letzter.<\/p>\n<p class=\"text-18 leading-17 user-text-lg:text-22 user-text-xl:text-24\">Weil bei der <a href=\"https:\/\/www.t-online.de\/themen\/fussball-wm-2026\/\" class=\"transition-colors cursor-pointer no-underline md:hover:text-magenta md:focus:text-magenta border-b border-solid border-current text-salemsfur md:hover:border-magenta\" data-tracking=\"{&quot;action&quot;:&quot;click&quot;,&quot;category&quot;:&quot;intextLink&quot;,&quot;label&quot;:&quot;\/themen\/fussball-wm-2026\/&quot;}\" data-sctrack=\"BodyAnchor\" rel=\"nofollow noopener\" target=\"_blank\">Fu\u00dfball-WM<\/a> der direkte Vergleich und nicht das bessere Torverh\u00e4ltnis entscheidend ist, bleibt die Elfenbeink\u00fcste auch trotz der Punktgleichheit nach dem letzten Gruppenspiel auf Platz zwei hinter dem DFB-Team.<\/p>\n<p>Im Video | Dieses Tor sichert Deutschland das Weiterkommen<\/p>\n<p><img loading=\"lazy\" src=\"https:\/\/www.t-online.de\/s\/paper\/_next\/static\/media\/loading-indicator-magenta.1f35d8de.svg\" alt=\"Video l\u00e4dt\" title=\"Video l\u00e4dt\" class=\"block h-[calc(var(--height)_\/_16_*_1rem)] w-[calc(var(--width)_\/_16_*_1rem)] max-w-none undefined\" style=\"--width:32;--height:32\" decoding=\"async\"\/>Player wird geladenQuelle: MagentaTV<\/p>\n<ul class=\"text-18 leading-17 block pl-24 *:pb-16 *:before:inline-block *:before:size-8 *:before:bg-magenta *:before:mt-0 *:before:mr-12 *:before:mb-2 *:before:-ml-[20px]\">\n<li><strong class=\"font-bold\">Dreimal Note f\u00fcnf in der Einzelkritik:<\/strong> <a href=\"https:\/\/www.t-online.de\/sport\/fussball\/wm\/id_101314014\/dreimal-note-5-dfb-stars-verpatzen-abschluss-der-gruppenphase-wm-2026.html\" class=\"transition-colors cursor-pointer no-underline md:hover:text-magenta md:focus:text-magenta border-b border-solid border-current text-salemsfur md:hover:border-magenta\" data-tracking=\"{&quot;action&quot;:&quot;click&quot;,&quot;category&quot;:&quot;intextLink&quot;,&quot;label&quot;:&quot;\/sport\/fussball\/wm\/id_101314014\/dreimal-note-5-dfb-stars-verpatzen-abschluss-der-gruppenphase-wm-2026.html&quot;}\" data-sctrack=\"BodyAnchor\" rel=\"nofollow noopener\" target=\"_blank\">DFB-Stars verpatzen Gruppenabschluss<\/a><\/li>\n<li><strong class=\"font-bold\">Pressestimmen zur DFB-Pleite:<\/strong> <a href=\"https:\/\/www.t-online.de\/sport\/fussball\/wm\/id_101313994\/internationale-presse-rechnet-mit-dfb-team-nach-wm-pleite-ab-nationalelf.html\" class=\"transition-colors cursor-pointer no-underline md:hover:text-magenta md:focus:text-magenta border-b border-solid border-current text-salemsfur md:hover:border-magenta\" data-tracking=\"{&quot;action&quot;:&quot;click&quot;,&quot;category&quot;:&quot;intextLink&quot;,&quot;label&quot;:&quot;\/sport\/fussball\/wm\/id_101313994\/internationale-presse-rechnet-mit-dfb-team-nach-wm-pleite-ab-nationalelf.html&quot;}\" data-sctrack=\"BodyAnchor\" rel=\"nofollow noopener\" target=\"_blank\">&#8222;Denkzettel f\u00fcr Deutschland&#8220;<\/a><\/li>\n<\/ul>\n<p class=\"text-18 leading-17 user-text-lg:text-22 user-text-xl:text-24\">Durch den Gruppensieg ist klar, dass Deutschland sein n\u00e4chstes Spiel am kommenden <strong class=\"font-bold\">Montag, den 29. Juni, um <strong class=\"font-bold\">22.30 Uhr<\/strong><\/strong> in <strong class=\"font-bold\">Foxborough (USA, Boston)<\/strong> bestreiten wird. Soweit die Faktenlage. Unklar ist der Gegner \u2013 und das wird auch noch einige Tage so bleiben.<\/p>\n<p>Wer wird der deutsche Gegner?<\/p>\n<p class=\"text-18 leading-17 user-text-lg:text-22 user-text-xl:text-24\">Die DFB-Elf wird im Sechzehntelfinale auf einen Gruppendritten treffen. Aus den zw\u00f6lf Vorrundengruppen qualifizieren sich die acht besten Dritten f\u00fcr die K.-o.-Runde. Schon im Vorfeld der <a href=\"https:\/\/www.t-online.de\/themen\/fussball-wm-2026\/\" class=\"transition-colors cursor-pointer no-underline md:hover:text-magenta md:focus:text-magenta border-b border-solid border-current text-salemsfur md:hover:border-magenta\" data-tracking=\"{&quot;action&quot;:&quot;click&quot;,&quot;category&quot;:&quot;intextLink&quot;,&quot;label&quot;:&quot;\/themen\/fussball-wm-2026\/&quot;}\" data-sctrack=\"BodyAnchor\" rel=\"nofollow noopener\" target=\"_blank\">WM<\/a> hatte die Fifa f\u00fcr jede m\u00f6gliche Kombination aus qualifizierten Gruppendritten Zuteilungen f\u00fcr das Sechzehntelfinale bestimmt. 495 verschiedene Szenarien gab es, aktuell verbleiben davon nur noch 51 Szenarien. In 45 dieser F\u00e4lle w\u00e4re Paraguay Deutschlands Gegner, Schottland trifft in f\u00fcnf Szenarien auf das DFB-Team und in einem Fall w\u00e4re Schweden der deutsche Gegner.<\/p>\n","protected":false},"excerpt":{"rendered":"Im Sechzehntelfinale F\u00fcr die DFB-Elf sind nur noch drei Gegner m\u00f6glich Aktualisiert am 26.06.2026 &#8211; 09:08 UhrLesedauer: 2&hellip;\n","protected":false},"author":2,"featured_media":1122749,"comment_status":"","ping_status":"","sticky":false,"template":"","format":"standard","meta":{"footnotes":"","_share_on_mastodon":"0"},"categories":[5],"tags":[33895,29,481,3751,5974,1990,63828,13,35855,14,15,78182,12,5383,236062,10,8,9,11,59416],"class_list":["post-1122748","post","type-post","status-publish","format-standard","has-post-thumbnail","category-nachrichten","tag-curacao","tag-deutschland","tag-dfb","tag-dfb-elf","tag-dfb-team","tag-ecuador","tag-elfenbeinkueste","tag-headlines","tag-joshua-kimmich","tag-nachrichten","tag-news","tag-paraguay","tag-schlagzeilen","tag-schottland","tag-sechzehntelfinale","tag-top-news","tag-top-meldungen","tag-topmeldungen","tag-topnews","tag-wm-2026"],"share_on_mastodon":{"url":"https:\/\/pubeurope.com\/@de\/116815403342240207","error":""},"_links":{"self":[{"href":"https:\/\/www.europesays.com\/de\/wp-json\/wp\/v2\/posts\/1122748","targetHints":{"allow":["GET"]}}],"collection":[{"href":"https:\/\/www.europesays.com\/de\/wp-json\/wp\/v2\/posts"}],"about":[{"href":"https:\/\/www.europesays.com\/de\/wp-json\/wp\/v2\/types\/post"}],"author":[{"embeddable":true,"href":"https:\/\/www.europesays.com\/de\/wp-json\/wp\/v2\/users\/2"}],"replies":[{"embeddable":true,"href":"https:\/\/www.europesays.com\/de\/wp-json\/wp\/v2\/comments?post=1122748"}],"version-history":[{"count":0,"href":"https:\/\/www.europesays.com\/de\/wp-json\/wp\/v2\/posts\/1122748\/revisions"}],"wp:featuredmedia":[{"embeddable":true,"href":"https:\/\/www.europesays.com\/de\/wp-json\/wp\/v2\/media\/1122749"}],"wp:attachment":[{"href":"https:\/\/www.europesays.com\/de\/wp-json\/wp\/v2\/media?parent=1122748"}],"wp:term":[{"taxonomy":"category","embeddable":true,"href":"https:\/\/www.europesays.com\/de\/wp-json\/wp\/v2\/categories?post=1122748"},{"taxonomy":"post_tag","embeddable":true,"href":"https:\/\/www.europesays.com\/de\/wp-json\/wp\/v2\/tags?post=1122748"}],"curies":[{"name":"wp","href":"https:\/\/api.w.org\/{rel}","templated":true}]}}