{"id":1122795,"date":"2026-06-26T08:36:20","date_gmt":"2026-06-26T08:36:20","guid":{"rendered":"https:\/\/www.europesays.com\/de\/1122795\/"},"modified":"2026-06-26T08:36:20","modified_gmt":"2026-06-26T08:36:20","slug":"uk-wuerzburg-ausbau-bayern-investiert-17-milliarden","status":"publish","type":"post","link":"https:\/\/www.europesays.com\/de\/1122795\/","title":{"rendered":"UK W\u00fcrzburg Ausbau: Bayern investiert 1,7 Milliarden"},"content":{"rendered":"<p>Der Freistaat Bayern f\u00f6rdert Ausbau des Universit\u00e4tsklinikums W\u00fcrzburg voran und stellt daf\u00fcr rund 1,7 Milliarden Euro bereit.<\/p>\n<p>Das geht aus einer Pressemitteilung des Universit\u00e4tsklinikums W\u00fcrzburg hervor. Der Bayerische Ministerrat fasste demnach den Beschluss am 23. Juni 2026. Das Projekt betrifft das Erweiterungsgel\u00e4nde Nord des Klinikums.<\/p>\n<p>Zusammenf\u00fchrung mehrerer Fachkliniken<\/p>\n<p>Im ersten Bauabschnitt entstehen rund 30.000 Quadratmeter Nutzfl\u00e4che. Geplant sind etwa 270 Betten, Operationss\u00e4le, Intensivpflegepl\u00e4tze und zentrale Einrichtungen.<br \/>Das Geb\u00e4ude nimmt die Hals-Nasen-Ohrenheilkunde, die Augenklinik sowie die Frauenheilkunde auf. Die derzeitigen Standorte befinden sich in Geb\u00e4uden aus den 1930er- und 1970er-Jahren. Ein zweiter Bauabschnitt ist f\u00fcr die kommenden Jahrzehnte vorgesehen.<\/p>\n<p>Die\u00a0ersten Arbeiten am Baugel\u00e4nde sollen noch in diesem Herbst starten. Der Haushaltsausschuss des Bayerischen Landtags hatte bereits am 16. April Vorabma\u00dfnahmen genehmigt. F\u00fcr die Gesamtma\u00dfnahme steht die Zustimmung noch aus.<\/p>\n<p>Ausbau auch f\u00fcr Krisenlagen geplant<\/p>\n<p>Das Projekt umfasst auch Ma\u00dfnahmen zur <a href=\"https:\/\/www.bibliomedmanager.de\/fw\/ausgabe\/7-2025-bruechiger-frieden-wie-kliniken-sich-auf-krieg-und-terror-vorbereiten\" target=\"_self\" rel=\"nofollow noopener\">Krisenresilienz<\/a>. Die geplante Tiefgarage l\u00e4sst sich im Ernstfall zu einer unterirdischen Behandlungseinheit umbauen. Vorgesehen sind 100 Behandlungspl\u00e4tze, zwei Operationss\u00e4le und 40 Intensivpl\u00e4tze.<\/p>\n<p>cs<\/p>\n","protected":false},"excerpt":{"rendered":"Der Freistaat Bayern f\u00f6rdert Ausbau des Universit\u00e4tsklinikums W\u00fcrzburg voran und stellt daf\u00fcr rund 1,7 Milliarden Euro bereit. Das&hellip;\n","protected":false},"author":2,"featured_media":1122796,"comment_status":"","ping_status":"","sticky":false,"template":"","format":"standard","meta":{"footnotes":"","_share_on_mastodon":"0"},"categories":[3976],"tags":[331,332,68538,68540,68539,27507,4612,290,236948,27502,13,236950,20069,236946,4344,236949,3263,236947,236951,10701,166,236952,837,68541,236953,27505,14,15,12,3992,3993,3994,236945,3995,3996,3997],"class_list":["post-1122795","post","type-post","status-publish","format-standard","has-post-thumbnail","category-vereinigtes-koenigreich","tag-aktuelle-nachrichten","tag-aktuelle-news","tag-bibliomed","tag-drg","tag-drg-forum","tag-e-health","tag-gesundheitspolitik","tag-gesundheitswesen","tag-gesundheitswesen-investitionen","tag-gesundheitswirtschaft","tag-headlines","tag-intensivplaetze-ausbau","tag-klinik","tag-klinik-ausbau-bayern","tag-kliniken","tag-klinikmodernisierung-deutschland","tag-krankenhaus","tag-krankenhaus-neubau-wuerzburg","tag-krankenhausbau-bayern","tag-krankenhaeuser","tag-krankenkassen","tag-krisenresilienz-klinik","tag-medizin","tag-medizincontrolling","tag-medizininfrastruktur","tag-medizintechnik","tag-nachrichten","tag-news","tag-schlagzeilen","tag-uk","tag-united-kingdom","tag-united-kingdom-of-great-britain-and-northern-ireland","tag-universitaetsklinikum-wuerzburg","tag-vereinigtes-koenigreich","tag-vereinigtes-koenigreich-grossbritannien-und-nordirland","tag-vereinigtes-koenigreich-von-grossbritannien-und-nordirland"],"share_on_mastodon":{"url":"","error":"Validation failed: Text character limit of 500 exceeded"},"_links":{"self":[{"href":"https:\/\/www.europesays.com\/de\/wp-json\/wp\/v2\/posts\/1122795","targetHints":{"allow":["GET"]}}],"collection":[{"href":"https:\/\/www.europesays.com\/de\/wp-json\/wp\/v2\/posts"}],"about":[{"href":"https:\/\/www.europesays.com\/de\/wp-json\/wp\/v2\/types\/post"}],"author":[{"embeddable":true,"href":"https:\/\/www.europesays.com\/de\/wp-json\/wp\/v2\/users\/2"}],"replies":[{"embeddable":true,"href":"https:\/\/www.europesays.com\/de\/wp-json\/wp\/v2\/comments?post=1122795"}],"version-history":[{"count":0,"href":"https:\/\/www.europesays.com\/de\/wp-json\/wp\/v2\/posts\/1122795\/revisions"}],"wp:featuredmedia":[{"embeddable":true,"href":"https:\/\/www.europesays.com\/de\/wp-json\/wp\/v2\/media\/1122796"}],"wp:attachment":[{"href":"https:\/\/www.europesays.com\/de\/wp-json\/wp\/v2\/media?parent=1122795"}],"wp:term":[{"taxonomy":"category","embeddable":true,"href":"https:\/\/www.europesays.com\/de\/wp-json\/wp\/v2\/categories?post=1122795"},{"taxonomy":"post_tag","embeddable":true,"href":"https:\/\/www.europesays.com\/de\/wp-json\/wp\/v2\/tags?post=1122795"}],"curies":[{"name":"wp","href":"https:\/\/api.w.org\/{rel}","templated":true}]}}