{"id":1122892,"date":"2026-06-26T09:31:20","date_gmt":"2026-06-26T09:31:20","guid":{"rendered":"https:\/\/www.europesays.com\/de\/1122892\/"},"modified":"2026-06-26T09:31:20","modified_gmt":"2026-06-26T09:31:20","slug":"hitzewelle-in-deutschland-wetterdienst-rechnet-mit-temperatur-rekord","status":"publish","type":"post","link":"https:\/\/www.europesays.com\/de\/1122892\/","title":{"rendered":"Hitzewelle in Deutschland: Wetterdienst rechnet mit Temperatur-Rekord"},"content":{"rendered":"<p>Teenager kommt vor Augen seiner Mitsch\u00fcler ums Leben<\/p>\n<p class=\"text-18 leading-17 user-text-lg:text-22 user-text-xl:text-24\"><strong class=\"font-bold\">9.42 Uhr:<\/strong> Ein 17-J\u00e4hriger ist am Donnerstag beim Baden in Berlin ertrunken. Wie ein Polizeisprecher erkl\u00e4rte, war der Teenager eine ganze Zeit unter Wasser, bis er wieder leblos auftauchte. Die alarmierten Rettungskr\u00e4fte reanimierten den Teenager und brachten ihn in eine Klinik. Die Polizei teilte sp\u00e4ter mit, dass der 17-J\u00e4hrige im Krankenhaus gestorben ist.<\/p>\n<p class=\"text-18 leading-17 user-text-lg:text-22 user-text-xl:text-24\">Der Teenager war gemeinsam mit 15 Mitsch\u00fclern an dem See Krumme Lanke im Berliner S\u00fcdwesten baden. Die 15 Jugendlichen werden psychologisch betreut.<\/p>\n<p><a href=\"#focus-2\" class=\"transition-colors block text-current relative\" data-sctrack=\"FocusGalleryImage.Reference\"><img   loading=\"lazy\" src=\"https:\/\/www.europesays.com\/de\/wp-content\/uploads\/2026\/06\/krumme-lanke-in-zehlendorf-archivbild-fuer-den-schueler-kam-jede-hilfe-zu-spaet.jpg\" alt=\"Krumme Lanke in Zehlendorf (Archivbild): F\u00fcr den Sch\u00fcler kam jede Hilfe zu sp\u00e4t.\" title=\"Krumme Lanke in Zehlendorf (Archivbild): F\u00fcr den Sch\u00fcler kam jede Hilfe zu sp\u00e4t.\" width=\"4032\" height=\"2268\" class=\"h-full w-full max-w-full rounded-8\" decoding=\"async\"\/><img loading=\"lazy\" src=\"https:\/\/www.t-online.de\/s\/paper\/_next\/static\/media\/zoom-in.f7dae02f.svg\" alt=\"Vergr\u00f6\u00dfern des Bildes\" title=\"Vergr\u00f6\u00dfern des Bildes\" class=\"block h-[calc(var(--height)_\/_16_*_1rem)] w-[calc(var(--width)_\/_16_*_1rem)] max-w-none absolute right-8 bottom-8 rounded-4 bg-snow p-8\" style=\"--width:32;--height:32\" decoding=\"async\"\/>Krumme Lanke in Zehlendorf (Archivbild): F\u00fcr den Sch\u00fcler kam jede Hilfe zu sp\u00e4t. (Quelle: IMAGO\/J\u00fcrgen Ritter\/imago)<\/a><\/p>\n<p>Rettungsorganisation warnt Veranstalter<\/p>\n<p class=\"text-18 leading-17 user-text-lg:text-22 user-text-xl:text-24\"><strong class=\"font-bold\">9.28 Uhr:<\/strong> Der Arbeiter-Samariter-Bund Deutschland (ASB) appelliert an Vereine im Amateursport, f\u00fcr die kommenden Tage angesetzte Veranstaltungen zu verschieben \u2013 wegen gesundheitlicher Risiken. Die Rettungsorganisation teilte der Zeitung &#8222;Welt&#8220; mit: &#8222;Bei Sportveranstaltungen mit einem hohen Anteil an untrainierten und unprofessionellen Sportlern w\u00fcrden wir eine Verschiebung empfehlen.&#8220;<\/p>\n<p>Hitzewarnung des DWD: Fast ganz Deutschland f\u00e4rbt sich lila<\/p>\n<p class=\"text-18 leading-17 user-text-lg:text-22 user-text-xl:text-24\">Angesichts der extremen Temperaturen hat der Deutsche Wetterdienst (DWD) f\u00fcr ann\u00e4hernd ganz Deutschland amtliche Warnungen ver\u00f6ffentlicht. F\u00fcr weite Teile des Westens von Deutschland warnen die Experten sogar vor &#8222;extremer Hitze&#8220;. Wie der DWD schreibt, ist der Freitag in einigen Gebieten der 9. Tag der Warnsituation in Folge.<\/p>\n<p><a href=\"#focus-3\" class=\"transition-colors block text-current relative\" data-sctrack=\"FocusGalleryImage.Reference\"><img   loading=\"lazy\" src=\"https:\/\/www.europesays.com\/de\/wp-content\/uploads\/2026\/06\/infografik-des-deutschen-wetterdiensts-stand-7-36-uhr-die-amtlichen-warnungen-gelten-fuer-fast-ganz-.png\" alt=\"Infografik des Deutschen Wetterdienst\" title=\"Infografik des Deutschen Wetterdienst\" width=\"363\" height=\"415\" class=\"h-full w-full max-w-full rounded-8\" decoding=\"async\"\/><img loading=\"lazy\" src=\"https:\/\/www.t-online.de\/s\/paper\/_next\/static\/media\/zoom-in.f7dae02f.svg\" alt=\"Vergr\u00f6\u00dfern des Bildes\" title=\"Vergr\u00f6\u00dfern des Bildes\" class=\"block h-[calc(var(--height)_\/_16_*_1rem)] w-[calc(var(--width)_\/_16_*_1rem)] max-w-none absolute right-8 bottom-8 rounded-4 bg-snow p-8\" style=\"--width:32;--height:32\" decoding=\"async\"\/>Infografik des Deutschen Wetterdiensts (Stand 7.36 Uhr): Die amtlichen Warnungen gelten f\u00fcr fast ganz Deutschland. (Quelle: Deutscher Wetterdienst)<\/a><\/p>\n<p>Wetterdienst rechnet mit historischem Hitzewert<\/p>\n<p class=\"text-18 leading-17 user-text-lg:text-22 user-text-xl:text-24\">Erstmals an einem Juni-Tag k\u00f6nnte heute in Deutschland die 40-Grad-Marke geknackt werden. Laut Prognose des Deutschen Wetterdiensts (DWD) sind an einigen Orten sogar Temperaturen von 41 Grad m\u00f6glich.<\/p>\n<p class=\"text-18 leading-17 user-text-lg:text-22 user-text-xl:text-24\">Der DWD rechnet damit, dass die Temperatur-Grenze in der Gegend des Oberrheins und des Rhein-Main-Gebiets \u00fcberschritten wird. Laut den Meteorologen wird in Deutschland in den kommenden Tagen mehrmals hintereinander die 40-Grad-Marke \u00fcberschritten. Der bisherige Juni-Rekord liegt bei 39,6 Grad, die 2019 in Bernburg in Sachsen-Anhalt gemessen wurden.<\/p>\n<p>Gewitter treten w\u00e4hrend Hitzewelle in Gro\u00dfbritannien auf<\/p>\n<p class=\"text-18 leading-17 user-text-lg:text-22 user-text-xl:text-24\">W\u00e4hrend die rekordverd\u00e4chtige Hitzewelle anh\u00e4lt, sind in <a href=\"https:\/\/www.t-online.de\/themen\/grossbritannien\/\" class=\"transition-colors cursor-pointer no-underline md:hover:text-magenta md:focus:text-magenta border-b border-solid border-current text-salemsfur md:hover:border-magenta\" data-tracking=\"{&quot;action&quot;:&quot;click&quot;,&quot;category&quot;:&quot;intextLink&quot;,&quot;label&quot;:&quot;\/themen\/grossbritannien\/&quot;}\" data-sctrack=\"BodyAnchor\" rel=\"nofollow noopener\" target=\"_blank\">Gro\u00dfbritannien<\/a> Gewitter aufgetreten. Am Abend wurden in Devon und Cornwall Blitzeinschl\u00e4ge beobachtet, nachdem das Met Office Gewitterwarnungen f\u00fcr alle vier Nationen des Vereinigten K\u00f6nigreichs herausgegeben hatte.<\/p>\n","protected":false},"excerpt":{"rendered":"Teenager kommt vor Augen seiner Mitsch\u00fcler ums Leben 9.42 Uhr: Ein 17-J\u00e4hriger ist am Donnerstag beim Baden in&hellip;\n","protected":false},"author":2,"featured_media":1122893,"comment_status":"","ping_status":"","sticky":false,"template":"","format":"standard","meta":{"footnotes":"","_share_on_mastodon":"0"},"categories":[2],"tags":[1434,296,950,29,4906,2540,663,5561,156,30,551,692,13,61775,18113,152,68733,236957,3272,4036,12305,14,15,965,319,121,12,5383,4026,16414,30066,6848,236958,10,8,9,11,1284,9403],"class_list":["post-1122892","post","type-post","status-publish","format-standard","has-post-thumbnail","category-deutschland","tag-1434","tag-berlin","tag-deutscher-wetterdienst","tag-deutschland","tag-dwd","tag-einsatzkraft","tag-europa","tag-festival","tag-frankreich","tag-germany","tag-grossbritannien","tag-hamburg","tag-headlines","tag-hitzewarnung","tag-hitzewelle","tag-instagram","tag-jetski","tag-krumme-lanke","tag-liveblog","tag-london","tag-mailand","tag-nachrichten","tag-news","tag-niederlande","tag-paris","tag-polizei","tag-schlagzeilen","tag-schottland","tag-spanien","tag-suedwesten","tag-techno-festival","tag-temperatur","tag-the-economist","tag-top-news","tag-top-meldungen","tag-topmeldungen","tag-topnews","tag-unfall","tag-zehlendorf"],"share_on_mastodon":{"url":"","error":"Validation failed: Text character limit of 500 exceeded"},"_links":{"self":[{"href":"https:\/\/www.europesays.com\/de\/wp-json\/wp\/v2\/posts\/1122892","targetHints":{"allow":["GET"]}}],"collection":[{"href":"https:\/\/www.europesays.com\/de\/wp-json\/wp\/v2\/posts"}],"about":[{"href":"https:\/\/www.europesays.com\/de\/wp-json\/wp\/v2\/types\/post"}],"author":[{"embeddable":true,"href":"https:\/\/www.europesays.com\/de\/wp-json\/wp\/v2\/users\/2"}],"replies":[{"embeddable":true,"href":"https:\/\/www.europesays.com\/de\/wp-json\/wp\/v2\/comments?post=1122892"}],"version-history":[{"count":0,"href":"https:\/\/www.europesays.com\/de\/wp-json\/wp\/v2\/posts\/1122892\/revisions"}],"wp:featuredmedia":[{"embeddable":true,"href":"https:\/\/www.europesays.com\/de\/wp-json\/wp\/v2\/media\/1122893"}],"wp:attachment":[{"href":"https:\/\/www.europesays.com\/de\/wp-json\/wp\/v2\/media?parent=1122892"}],"wp:term":[{"taxonomy":"category","embeddable":true,"href":"https:\/\/www.europesays.com\/de\/wp-json\/wp\/v2\/categories?post=1122892"},{"taxonomy":"post_tag","embeddable":true,"href":"https:\/\/www.europesays.com\/de\/wp-json\/wp\/v2\/tags?post=1122892"}],"curies":[{"name":"wp","href":"https:\/\/api.w.org\/{rel}","templated":true}]}}