{"id":1122894,"date":"2026-06-26T09:32:17","date_gmt":"2026-06-26T09:32:17","guid":{"rendered":"https:\/\/www.europesays.com\/de\/1122894\/"},"modified":"2026-06-26T09:32:17","modified_gmt":"2026-06-26T09:32:17","slug":"ukrainekrieg-eu-will-wehrfaehigen-ukrainern-keinen-schutzstatus-mehr-gewaehren","status":"publish","type":"post","link":"https:\/\/www.europesays.com\/de\/1122894\/","title":{"rendered":"Ukrainekrieg: EU will wehrf\u00e4higen Ukrainern keinen Schutzstatus mehr gew\u00e4hren"},"content":{"rendered":"<p class=\"paragraph article__item\">F\u00fcr ukrainische M\u00e4nner im wehrf\u00e4higen Alter soll es k\u00fcnftig schwieriger sein, Zuflucht in Deutschland oder anderen <a href=\"https:\/\/www.zeit.de\/thema\/europaeische-union\" target=\"_blank\" rel=\"nofollow noopener\">EU<\/a>-Staaten zu finden. 23- bis 60-J\u00e4hrige, die von der <a href=\"https:\/\/www.zeit.de\/thema\/krieg-in-ukraine\" target=\"_blank\" rel=\"nofollow noopener\">Ukraine<\/a> keine Ausreiseerlaubnis bekommen, sollen nach einem Vorschlag der Europ\u00e4ischen Kommission von den vereinfachten Aufnahmeregeln f\u00fcr Fl\u00fcchtlinge ausgenommen werden.\n<\/p>\n<p class=\"paragraph article__item\">Der Vorschlag sehe vor, \u00bbdass neu ankommenden Personen kein vor\u00fcbergehender Schutz gew\u00e4hrt werden soll, wenn sie die <a class=\"rtr-entity\" href=\"https:\/\/www.zeit.de\/politik\/ausland\/ukraine-krieg-news-liveblog\" rel=\"nofollow noopener\" target=\"_blank\">Ukraine<\/a><br \/>\n aufgrund ihrer milit\u00e4rischen Verpflichtungen nach ukrainischem Recht<br \/>\nnicht verlassen d\u00fcrfen\u00ab, sagte EU-Innenkommissar Magnus Brunner. Die Ukraine habe die Kommission um diesen<br \/>\n Schritt gebeten, sagte Brunner.\n<\/p>\n<p class=\"paragraph article__item\">In der Ukraine gilt seit Beginn des russischen Angriffskriegs ein Ausreiseverbot f\u00fcr M\u00e4nner im wehrf\u00e4higen Alter. Angaben des ukrainischen Verteidigungsministers Mychajlo Fedorow zufolge wird nach mehr als zwei Millionen Wehrpflichtigen gefahndet.\n<\/p>\n<p>            Ukrainische M\u00e4nner m\u00fcssten Asyl beantragen            <\/p>\n<p class=\"paragraph article__item\"><a href=\"https:\/\/www.zeit.de\/thema\/gefluechtete\" target=\"_blank\" rel=\"nofollow noopener\">Kriegsfl\u00fcchtlinge<\/a> aus der Ukraine finden in der<br \/>\nEurop\u00e4ischen Union nach der sogenannten Massenzustromrichtlinie<br \/>\nAufnahme, ihre Schutzersuchen werden also nicht individuell gepr\u00fcft. Das<br \/>\n macht es Ukrainern bisher wesentlich leichter, in der <a class=\"rtr-entity\" href=\"https:\/\/www.zeit.de\/thema\/europaeische-union\" rel=\"nofollow noopener\" target=\"_blank\">EU<\/a> Schutz zu<br \/>\nerhalten als anderen fl\u00fcchtenden Menschen.\n<\/p>\n<p class=\"paragraph article__item\">Die Regelung wurde 2022 in Kraft gesetzt, die EU-Kommission will sie nun um ein<br \/>\nweiteres Jahr bis M\u00e4rz 2028 verl\u00e4ngern. Das soll allerdings nicht mehr<br \/>\nf\u00fcr die betroffenen M\u00e4nner gelten: Nach Willen der Beh\u00f6rde m\u00fcssten sie<br \/>\nk\u00fcnftig einen <a href=\"https:\/\/www.zeit.de\/thema\/asyl\" target=\"_blank\" rel=\"nofollow noopener\">Asylantrag<\/a> stellen, h\u00e4tten also deutlich geringere<br \/>\nAussichten auf Schutz und eine Aufenthaltserlaubnis.\n<\/p>\n<p class=\"paragraph article__item\">Alternativ k\u00f6nnten die M\u00e4nner auch subsidi\u00e4ren Schutz beantragen; dieser wird in Deutschland gew\u00e4hrt,<br \/>\nwenn im Herkunftsland etwa wegen bewaffneter Konflikte ernsthafter<br \/>\nSchaden droht. Aber: Dass jemand in der Ukraine<br \/>\n zum Wehrdienst eingezogen und wom\u00f6glich an die Front geschickt werden<br \/>\nk\u00f6nnte, sichert alleine keinen Schutz in der Bundesrepublik. F\u00fcr die<br \/>\nFrage, ob der subsidi\u00e4re Schutzstatus gew\u00e4hrt wird, kommt es zum<br \/>\nZeitpunkt der Entscheidung jeweils darauf an, ob es inl\u00e4ndische<br \/>\nFluchtalternativen gibt \u2013 etwa in eine Kleinstadt im Westen der Ukraine. Wer keinen positiven Asylbescheid bekommt, k\u00f6nnte abgeschoben werden.\n<\/p>\n<p>            Pilotprogramm f\u00fcr freiwillige R\u00fcckkehr            <\/p>\n<p class=\"paragraph article__item\">Der EU-Kommission zufolge soll die Ausnahme f\u00fcr wehrf\u00e4hige M\u00e4nner in<br \/>\nKraft treten, sobald die Mitgliedsstaaten dem Vorschlag zugestimmt haben. Sie w\u00fcrde nur bei M\u00e4nnern, die neu in die EU kommen, Anwendung finden.\n<\/p>\n<p>                            \u00a9\u00a0Lea Dohle<\/p>\n<p>\n                                        Newsletter<br \/>\n                                        Was jetzt? \u2013 Der t\u00e4gliche Morgen\u00fcberblick<\/p>\n<p class=\"newsletter-signup__text\">Starten Sie mit unserem kurzen Nachrichten-Newsletter in den Tag. Erhalten Sie zudem freitags das digitale Magazin ZEIT am Wochenende.<\/p>\n<p class=\"newsletter-signup__datapolicy\" hidden=\"\">\n            Mit Ihrer Registrierung nehmen Sie die <a href=\"https:\/\/datenschutz.zeit.de\/zon#Newsletter\" target=\"_blank\" rel=\"nofollow noopener\">Datenschutzerkl\u00e4rung<\/a> zur Kenntnis.\n        <\/p>\n<p>    Vielen Dank! Wir haben Ihnen eine E-Mail geschickt.<\/p>\n<p>Pr\u00fcfen Sie Ihr Postfach und best\u00e4tigen Sie das Newsletter-Abonnement.<\/p>\n<p class=\"paragraph article__item\">Die Kommission will zugleich den \u00dcbergang von dem seit 2022 geltenden<br \/>\nNotfallmechanismus zu langfristigeren Aufenthaltsperspektiven<br \/>\nvorbereiten. Parallel k\u00fcndigte Brunner ein Pilotprogramm f\u00fcr freiwillige<br \/>\n R\u00fcckkehr und Reintegration an. Es soll Menschen unterst\u00fctzen, die<br \/>\nbereits jetzt freiwillig in die Ukraine zur\u00fcckkehren m\u00f6chten, und eine sp\u00e4tere R\u00fcckkehr weiterer Gefl\u00fcchteter vorbereiten, sobald die Sicherheitslage dies zul\u00e4sst.\n<\/p>\n<p class=\"paragraph article__item\">Deutschland hat seit Beginn des russischen Angriffskriegs in der Ukraine mehr als 1,1 Millionen Menschen aus der Ukraine aufgenommen. Weitere wichtige Aufnahmel\u00e4nder sind Polen und Tschechien.\n<\/p>\n<p>Mehr zum Thema<\/p>\n<p>            Ukrainekrieg        <\/p>\n<p>                <a href=\"https:\/\/www.zeit.de\/politik\/ausland\/2026-06\/margus-tsahkna-estland-aussenminister-wladimir-putin-europa\" data-ct-label=\"Margus Tsahkna: \u00bbIch denke, Putin k\u00e4mpft jetzt um sein \u00dcberleben\u00ab\" data-uuid=\"e34503fd-4a54-47f7-8fe9-8722100ba6ea\" rel=\"nofollow noopener\" target=\"_blank\"><\/p>\n<p>        Z+ (abopflichtiger Inhalt);<\/p>\n<p>    Margus Tsahkna:<br \/>\n                        \u00bbIch denke, Putin k\u00e4mpft jetzt um sein \u00dcberleben\u00ab<\/p>\n<p>                <\/a><\/p>\n<p>                <a href=\"https:\/\/www.zeit.de\/2026\/27\/russland-alltag-ukraine-krieg-wirtschaft\" data-ct-label=\"Russland im Krieg: Was hier zusammenbricht, ist Putins Kernidee von Wirtschaft\" data-uuid=\"b2be51b2-63dc-4633-9761-e32cdfa4430a\" rel=\"nofollow noopener\" target=\"_blank\"><\/p>\n<p>        Z+ (abopflichtiger Inhalt);<\/p>\n<p>    Russland im Krieg:<br \/>\n                        Was hier zusammenbricht, ist Putins Kernidee von Wirtschaft<\/p>\n<p>                <\/a><\/p>\n<p>                <a href=\"https:\/\/www.zeit.de\/2026\/28\/elina-switolina-tennis-ukraine-krieg-russland-belarus\" data-ct-label=\"Elina Switolina: \u00bbIch habe den Krieg immer im Kopf\u00ab\" data-uuid=\"ad8fed4a-ec95-44da-a1c0-97631638e082\" rel=\"nofollow noopener\" target=\"_blank\"><\/p>\n<p>        Z+ (abopflichtiger Inhalt);<\/p>\n<p>    Elina Switolina:<br \/>\n                        \u00bbIch habe den Krieg immer im Kopf\u00ab<\/p>\n<p>                <\/a><\/p>\n","protected":false},"excerpt":{"rendered":"F\u00fcr ukrainische M\u00e4nner im wehrf\u00e4higen Alter soll es k\u00fcnftig schwieriger sein, Zuflucht in Deutschland oder anderen EU-Staaten zu&hellip;\n","protected":false},"author":2,"featured_media":1122895,"comment_status":"","ping_status":"","sticky":false,"template":"","format":"standard","meta":{"footnotes":"","_share_on_mastodon":"0"},"categories":[5],"tags":[158,13,1435,14,15,16,12,14751,10,8,9,11,312,9414],"class_list":["post-1122894","post","type-post","status-publish","format-standard","has-post-thumbnail","category-nachrichten","tag-europaeische-union","tag-headlines","tag-krieg-in-der-ukraine","tag-nachrichten","tag-news","tag-politik","tag-schlagzeilen","tag-schutzstatus","tag-top-news","tag-top-meldungen","tag-topmeldungen","tag-topnews","tag-ukrainekrieg","tag-wehrdienst"],"share_on_mastodon":{"url":"","error":""},"_links":{"self":[{"href":"https:\/\/www.europesays.com\/de\/wp-json\/wp\/v2\/posts\/1122894","targetHints":{"allow":["GET"]}}],"collection":[{"href":"https:\/\/www.europesays.com\/de\/wp-json\/wp\/v2\/posts"}],"about":[{"href":"https:\/\/www.europesays.com\/de\/wp-json\/wp\/v2\/types\/post"}],"author":[{"embeddable":true,"href":"https:\/\/www.europesays.com\/de\/wp-json\/wp\/v2\/users\/2"}],"replies":[{"embeddable":true,"href":"https:\/\/www.europesays.com\/de\/wp-json\/wp\/v2\/comments?post=1122894"}],"version-history":[{"count":0,"href":"https:\/\/www.europesays.com\/de\/wp-json\/wp\/v2\/posts\/1122894\/revisions"}],"wp:featuredmedia":[{"embeddable":true,"href":"https:\/\/www.europesays.com\/de\/wp-json\/wp\/v2\/media\/1122895"}],"wp:attachment":[{"href":"https:\/\/www.europesays.com\/de\/wp-json\/wp\/v2\/media?parent=1122894"}],"wp:term":[{"taxonomy":"category","embeddable":true,"href":"https:\/\/www.europesays.com\/de\/wp-json\/wp\/v2\/categories?post=1122894"},{"taxonomy":"post_tag","embeddable":true,"href":"https:\/\/www.europesays.com\/de\/wp-json\/wp\/v2\/tags?post=1122894"}],"curies":[{"name":"wp","href":"https:\/\/api.w.org\/{rel}","templated":true}]}}