{"id":1122979,"date":"2026-06-26T10:27:17","date_gmt":"2026-06-26T10:27:17","guid":{"rendered":"https:\/\/www.europesays.com\/de\/1122979\/"},"modified":"2026-06-26T10:27:17","modified_gmt":"2026-06-26T10:27:17","slug":"duesseldorf-paulina-neiser-und-tim-jahnke-haben-sich-das-ja-wort-gegeben","status":"publish","type":"post","link":"https:\/\/www.europesays.com\/de\/1122979\/","title":{"rendered":"D\u00fcsseldorf: Paulina Neiser und Tim Jahnke haben sich das Ja-Wort gegeben"},"content":{"rendered":"<p class=\"text_ohne_einzug richtext text-em-55 !leading-serif mx-6 desktop:mx-0\">Es ist noch fr\u00fch an diesem Donnerstagmorgen Ende Juni \u2013 und doch schon richtig warm. Dass sie ihren Hochzeitstag an einem der hei\u00dfesten Tage des Jahres feiern w\u00fcrden, damit haben Paulina Neiser und Tim Jahnke wohl nicht gerechnet, als an Heiligabend 2025 der Antrag kam. Obwohl bei ihrem ersten Treffen \u00e4hnliche Temperaturen geherrscht haben k\u00f6nnten. Im Sommer 2018 machte Paulina ein Praktikum im Rahmen ihres Studiums. Eines Tages, im Juli, besuchte Tim einen Freund in dem B\u00fcro, in dem auch Paulina arbeitete \u2013 zum Kaffeetrinken.<\/p>\n<p class=\"richtext text-em-55 !leading-serif mx-6 desktop:mx-0\">\u201eDa haben wir uns das erste Mal gesehen, und dann kam er irgendwie, wie zuf\u00e4llig, immer \u00f6fter zum Kaffeetrinken\u201c, erz\u00e4hlt die selbstst\u00e4ndige Produktdesignerin mit einem Lachen. \u201eIch habe dann auch recht schnell nach ihrer Nummer gefragt \u2013 es war einfach ein Match\u201c, erg\u00e4nzt Tim. Aus den eher zuf\u00e4lligen Treffen im B\u00fcro wurden bald geplante Dates, im Sommer 2020 bezogen die beiden eine gemeinsame Wohnung. Zwei Jahre sp\u00e4ter wurde ihre Tochter geboren.<\/p>\n<p class=\"richtext text-em-55 !leading-serif mx-6 desktop:mx-0\">Tim Jahnke kommt urspr\u00fcnglich aus Rheine, f\u00fcr seinen Job zog der 39-j\u00e4hrige Polizist nach seinem Studium 2013 nach D\u00fcsseldorf und f\u00fchlte sich schnell wohl. \u201eIch mag die Vielseitigkeit \u2013 auf der einen Seite die Altstadt zum Ausgehen, auf der anderen das viele Gr\u00fcn und den Rhein zum Abschalten.\u201c In der Stadt tief verwurzelt ist seit ihrer Geburt vor 33 Jahren hingegen Paulina Neiser. Vater Piet Neiser war als Architekt und Entwickler verantwortlich f\u00fcr viele bekannte und beliebte Orte in der Stadt, unter anderem das \u201eLes Halles\u201c am ehemaligen G\u00fcterbahnhof in Derendorf oder das Gel\u00e4nde der Spoerl-Fabrik auf der Tu\u00dfmannstra\u00dfe. Das dort ans\u00e4ssige Restaurant f\u00fchrte lange Paulinas Mutter Michaela Neiser, ihr Bruder Tim Neiser betreibt unter anderem die Eventlocation \u201eGlasvoll\u201c am Alten Bahnhof Gerresheim.<\/p>\n<p class=\"richtext text-em-55 !leading-serif mx-6 desktop:mx-0\">Tim Jahnke erz\u00e4hlt mit einem Augenzwinkern: \u201eDass der Name in verschiedenen Zusammenh\u00e4ngen immer mal wieder auftaucht, das habe ich schnell gemerkt.\u201c Auch deswegen sei sein Schwager, ebenfalls Tim, ihm dankbar, dass er sich nach der Eheschlie\u00dfung f\u00fcr das Behalten seines Nachnamens \u201eJahnke\u201c entschieden habe. \u201eZwei Tim Neiser h\u00e4tten doch alle durcheinandergebracht.\u201c<\/p>\n<p class=\"richtext text-em-55 !leading-serif mx-6 desktop:mx-0\">Dass der Antrag an Heiligabend kam, sei gar nicht unbedingt geplant gewesen. \u201eIch hatte den Ring schon eine Weile und habe auf den perfekten Zeitpunkt gewartet, an dem alles passt. Und unterm Weihnachtsbaum war es dann so weit\u201c, erz\u00e4hlt Tim. Auf dem Weg zum eigentlichen Hochzeitsfest habe es einige Etappen und Umplanungen gegeben, berichtet Paulina. \u201eWir hatten geplant, im September zu heiraten und ein gro\u00dfes Fest zu feiern, mit 150 G\u00e4sten. Es gab das Datum, die Location, sogar schon ein Kleid \u2013 und dann habe ich erfahren, dass ich wieder schwanger bin und es im September so weit ist.\u201c Kurzerhand wurde sich entschieden, die Feier auf Juni zu verschieben. \u201eMit Babybauch heiraten ist ja auch was Sch\u00f6nes. Dann kam die Nachricht, dass wir Zwillinge bekommen. Deswegen haben wir die Entscheidung getroffen, in diesem Jahr im kleineren Kreis die standesamtliche Trauung zu feiern und dann im n\u00e4chsten Jahr noch einmal in gro\u00df.\u201c<\/p>\n<p class=\"richtext text-em-55 !leading-serif mx-6 desktop:mx-0\">Vor dem Standesamt an der Inselstra\u00dfe wartete Tim nun also an diesem Sommermorgen auf seine Braut. Als sie vorgefahren wird und aus dem wei\u00dfen Mercedes-Oldtimer steigt, an dessen Steuer ihr Bruder sitzt, ist es, als w\u00fcrde die Zeit kurz stillstehen. \u201eEs war und ist perfekt \u2013 nur vier Grad k\u00fchler w\u00e4re noch besser\u201c, bemerkt Tim lachend. Eine Menge Handventilatoren haben die beiden deswegen bestellt und an die Freunde und Familienmitglieder verteilt. Rund 40 G\u00e4ste begleiten das Paar an ihrem gro\u00dfen Tag. Nat\u00fcrlich auch mit dabei: der Freund, in dessen B\u00fcro bei einer Tasse Kaffee alles anfing.<\/p>\n<p class=\"italic richtext text-em-55 !leading-serif mx-6 desktop:mx-0\"><strong class=\"font-bold dark:text-white-solid\">D\u00fcsselliebe <\/strong>Ihr habt als Paar eine au\u00dfergew\u00f6hnliche oder einfach nur eine besonders romantische (Kennlern-)Geschichte? In der Serie \u201eD\u00fcsselliebe\u201c berichten wir regelm\u00e4\u00dfig \u00fcber D\u00fcsseldorfs Paare und alle Themen rund um die Liebe. Ihr habt Lust, Teil dieser Serie zu sein? Dann schreibt uns eine E-Mail an duesseldorf@rheinische-post.de<\/p>\n","protected":false},"excerpt":{"rendered":"Es ist noch fr\u00fch an diesem Donnerstagmorgen Ende Juni \u2013 und doch schon richtig warm. Dass sie ihren&hellip;\n","protected":false},"author":2,"featured_media":1122980,"comment_status":"","ping_status":"","sticky":false,"template":"","format":"standard","meta":{"footnotes":"","_share_on_mastodon":"0"},"categories":[1831],"tags":[10339,1625,3364,29,3405,22140,14298,30,5527,105771,1626,9597,236976,1209,161070,10928],"class_list":["post-1122979","post","type-post","status-publish","format-standard","has-post-thumbnail","category-duesseldorf","tag-antrag","tag-buero","tag-de","tag-deutschland","tag-duesseldorf","tag-feier","tag-freund","tag-germany","tag-heiligabend","tag-jahnke","tag-kaffee","tag-kaffeetrinken","tag-neiser","tag-nordrhein-westfalen","tag-paulina","tag-tim"],"share_on_mastodon":{"url":"","error":""},"_links":{"self":[{"href":"https:\/\/www.europesays.com\/de\/wp-json\/wp\/v2\/posts\/1122979","targetHints":{"allow":["GET"]}}],"collection":[{"href":"https:\/\/www.europesays.com\/de\/wp-json\/wp\/v2\/posts"}],"about":[{"href":"https:\/\/www.europesays.com\/de\/wp-json\/wp\/v2\/types\/post"}],"author":[{"embeddable":true,"href":"https:\/\/www.europesays.com\/de\/wp-json\/wp\/v2\/users\/2"}],"replies":[{"embeddable":true,"href":"https:\/\/www.europesays.com\/de\/wp-json\/wp\/v2\/comments?post=1122979"}],"version-history":[{"count":0,"href":"https:\/\/www.europesays.com\/de\/wp-json\/wp\/v2\/posts\/1122979\/revisions"}],"wp:featuredmedia":[{"embeddable":true,"href":"https:\/\/www.europesays.com\/de\/wp-json\/wp\/v2\/media\/1122980"}],"wp:attachment":[{"href":"https:\/\/www.europesays.com\/de\/wp-json\/wp\/v2\/media?parent=1122979"}],"wp:term":[{"taxonomy":"category","embeddable":true,"href":"https:\/\/www.europesays.com\/de\/wp-json\/wp\/v2\/categories?post=1122979"},{"taxonomy":"post_tag","embeddable":true,"href":"https:\/\/www.europesays.com\/de\/wp-json\/wp\/v2\/tags?post=1122979"}],"curies":[{"name":"wp","href":"https:\/\/api.w.org\/{rel}","templated":true}]}}