{"id":1123055,"date":"2026-06-26T11:09:29","date_gmt":"2026-06-26T11:09:29","guid":{"rendered":"https:\/\/www.europesays.com\/de\/1123055\/"},"modified":"2026-06-26T11:09:29","modified_gmt":"2026-06-26T11:09:29","slug":"laut-medienbericht-bis-zu-100-000-stellen-bei-vw-vor-dem-aus","status":"publish","type":"post","link":"https:\/\/www.europesays.com\/de\/1123055\/","title":{"rendered":"Laut Medienbericht bis zu 100.000 Stellen bei VW vor dem Aus"},"content":{"rendered":"<p><img loading=\"lazy\" decoding=\"async\" src=\"https:\/\/www.europesays.com\/de\/wp-content\/uploads\/2026\/06\/VW.jpg\" alt=\"VW\" width=\"1092\" height=\"703\" class=\"alignnone size-full wp-image-643391\"  \/>Ludwigshafen \/ Metropolregion Rhein-Neckar \u2013 Volkswagen: Medienbericht \u00fcber m\u00f6glichen Stellenabbau \u2013 Beim Volkswagen-Konzern k\u00f6nnten laut einem Bericht des <a href=\"https:\/\/www.handelsblatt.com\/unternehmen\/industrie\/volkswagen-vw-chef-blume-will-offenbar-bis-zu-100.000-stellen-abbauen\/100236047.html\" rel=\"noopener nofollow\" target=\"_blank\">Handelsblatts<\/a>, das sich auf Informationen des Manager Magazins beruft, in den kommenden Jahren deutlich mehr Arbeitspl\u00e4tze wegfallen als bislang bekannt. Demnach soll der Vorstand im Zuge der laufenden Neuausrichtung des Unternehmens einen Abbau von bis zu 100.000 Stellen pr\u00fcfen.<\/p>\n<p>Volkswagen selbst best\u00e4tigte die Berichte nicht und erkl\u00e4rte lediglich, dass interne Planungen grunds\u00e4tzlich nicht kommentiert w\u00fcrden. Gleichzeitig verwies der Konzern auf die tiefgreifende Transformation der Automobilindustrie und die laufenden Arbeiten an einer effizienteren Konzernstruktur.<\/p>\n<p>\u00dcber die weiteren Planungen soll sich der Aufsichtsrat Anfang Juli beraten.<\/p>\n<p>Den vollst\u00e4ndigen Bericht lesen Sie beim <a href=\"https:\/\/www.handelsblatt.com\/unternehmen\/industrie\/volkswagen-vw-chef-blume-will-offenbar-bis-zu-100.000-stellen-abbauen\/100236047.html\" rel=\"noopener nofollow\" target=\"_blank\">Handelsblatt<\/a>.<\/p>\n<p>Quelle: <a href=\"https:\/\/www.handelsblatt.com\" rel=\"noopener nofollow\" target=\"_blank\">Handelblatt<\/a> \/ MRN-News<\/p>\n<p class=\"post-modified-info\">Zuletzt aktualisiert am 26. Juni 2026, 11:02<\/p>\n","protected":false},"excerpt":{"rendered":"Ludwigshafen \/ Metropolregion Rhein-Neckar \u2013 Volkswagen: Medienbericht \u00fcber m\u00f6glichen Stellenabbau \u2013 Beim Volkswagen-Konzern k\u00f6nnten laut einem Bericht des&hellip;\n","protected":false},"author":2,"featured_media":1123056,"comment_status":"","ping_status":"","sticky":false,"template":"","format":"standard","meta":{"footnotes":"","_share_on_mastodon":"0"},"categories":[1845],"tags":[3584,582,1634,573,3364,29,548,663,3934,30,15370,13,259,25476,122137,2096,25488,25489,81901,14,14480,15,31305,5206,28951,12,19726,18731,373,1031,603,27898],"class_list":["post-1123055","post","type-post","status-publish","format-standard","has-post-thumbnail","category-mannheim","tag-arbeitsplaetze","tag-automobilindustrie","tag-baden-wuerttemberg","tag-berichte","tag-de","tag-deutschland","tag-eu","tag-europa","tag-europe","tag-germany","tag-handelsblatt","tag-headlines","tag-informationen","tag-ludwigshafen","tag-manager-magazin","tag-mannheim","tag-metropolregion","tag-metropolregion-rhein-neckar","tag-mrn-news","tag-nachrichten","tag-neckar","tag-news","tag-oliver-blume","tag-rhein","tag-rhein-neckar","tag-schlagzeilen","tag-stellenabbau","tag-transformation","tag-volkswagen","tag-vorstand","tag-vw","tag-werke"],"share_on_mastodon":{"url":"https:\/\/pubeurope.com\/@de\/116816104055738297","error":""},"_links":{"self":[{"href":"https:\/\/www.europesays.com\/de\/wp-json\/wp\/v2\/posts\/1123055","targetHints":{"allow":["GET"]}}],"collection":[{"href":"https:\/\/www.europesays.com\/de\/wp-json\/wp\/v2\/posts"}],"about":[{"href":"https:\/\/www.europesays.com\/de\/wp-json\/wp\/v2\/types\/post"}],"author":[{"embeddable":true,"href":"https:\/\/www.europesays.com\/de\/wp-json\/wp\/v2\/users\/2"}],"replies":[{"embeddable":true,"href":"https:\/\/www.europesays.com\/de\/wp-json\/wp\/v2\/comments?post=1123055"}],"version-history":[{"count":0,"href":"https:\/\/www.europesays.com\/de\/wp-json\/wp\/v2\/posts\/1123055\/revisions"}],"wp:featuredmedia":[{"embeddable":true,"href":"https:\/\/www.europesays.com\/de\/wp-json\/wp\/v2\/media\/1123056"}],"wp:attachment":[{"href":"https:\/\/www.europesays.com\/de\/wp-json\/wp\/v2\/media?parent=1123055"}],"wp:term":[{"taxonomy":"category","embeddable":true,"href":"https:\/\/www.europesays.com\/de\/wp-json\/wp\/v2\/categories?post=1123055"},{"taxonomy":"post_tag","embeddable":true,"href":"https:\/\/www.europesays.com\/de\/wp-json\/wp\/v2\/tags?post=1123055"}],"curies":[{"name":"wp","href":"https:\/\/api.w.org\/{rel}","templated":true}]}}