{"id":1123153,"date":"2026-06-26T12:05:19","date_gmt":"2026-06-26T12:05:19","guid":{"rendered":"https:\/\/www.europesays.com\/de\/1123153\/"},"modified":"2026-06-26T12:05:19","modified_gmt":"2026-06-26T12:05:19","slug":"a2-gesperrt-hitze-laesst-autobahn-aufreissen-20-autos-beschaedigt-regional","status":"publish","type":"post","link":"https:\/\/www.europesays.com\/de\/1123153\/","title":{"rendered":"A2 gesperrt: Hitze l\u00e4sst Autobahn aufrei\u00dfen. 20 Autos besch\u00e4digt | Regional"},"content":{"rendered":"<p><a class=\"skip-content skip-content--link\" href=\"#in-content-skip-link-target-v-0-0\">TTS-Player \u00fcberspringen\u21b5<\/a><a id=\"in-content-skip-link-target-v-0-0\" class=\"skip-content--target-link-hidden skip-content skip-content--target-link\" href=\"#in-content-skip-link-target-v-0-0\">Artikel weiterlesen<\/a><\/p>\n<p data-780e759e=\"0-854\">Wollin (Brandenburg) \u2013 <b>Die extreme Hitze l\u00e4sst die A2 zwischen Ziesar und Wollin   in Richtung Berlin regelrecht aufbrechen. Am Donnerstagabend sind wegen Fahrbahnsch\u00e4den etwa 20 Fahrzeuge besch\u00e4digt worden. Zwei Menschen wurden nach BILD-Informationen leicht verletzt.<\/b><\/p>\n<p data-780e759e=\"0-854\">Gegen 18 Uhr gingen die ersten Meldungen \u00fcber den schweren Fahrbahnschaden auf der wichtigen Autobahnverbindung ein. Die Fahrbahndecke wurde durch die hohen Temperaturen angehoben und war an mehreren Stellen aufgebrochen.<\/p>\n<p>Autofahrer krachten reihenweise \u00fcber die Sch\u00e4den<\/p>\n<p data-780e759e=\"0-854\">F\u00fcr zahlreiche Autofahrer kam die gef\u00e4hrliche Stelle offenbar v\u00f6llig \u00fcberraschend. Ein Fahrzeug nach dem anderen fuhr \u00fcber die hochgekommenen Fahrbahnteile. Dabei wurden Reifen, Felgen, Sto\u00dfstangen und Unterb\u00f6den zahlreicher Autos besch\u00e4digt. Nach bisherigen Informationen sind bis zu 20 Fahrzeuge in den Vorfall verwickelt. Zwei Personen erlitten durch ausl\u00f6sende Airbags leichte Verletzungen, wurden vom Rettungsdienst noch an der Autobahn ambulant behandelt. Der Gesamtschaden an den Autos betr\u00e4gt laut Polizei etwa 100.000 Euro.<\/p>\n<p><img decoding=\"async\" width=\"992\" height=\"558\" alt=\"Nachdem der Asphalt auf der A2 aufriss und die Autobahn gesperrt werden musste, bildete sich ein langer Stau\" loading=\"lazy\" src=\"https:\/\/www.europesays.com\/de\/wp-content\/uploads\/2026\/06\/a571836e968780c57081b80a2a4eff24,f57bf89e.jpeg\"   class=\"landscape\"\/><\/p>\n<p class=\"fig__caption__text\">Nachdem der Beton auf der A2 aufriss und die Autobahn gesperrt werden musste, bildete sich ein langer Stau<\/p>\n<p data-780e759e=\"880-1708\">Die Polizei r\u00fcckte mit einem Gro\u00dfaufgebot an. Auf der Autobahn standen zeitweise zahlreiche besch\u00e4digte Fahrzeuge. Einige konnten offenbar nicht mehr selbstst\u00e4ndig weiterfahren und mussten auf den Abtransport warten. <\/p>\n<p>Vollsperrung sorgt f\u00fcr Mega-Stau<\/p>\n<p data-780e759e=\"880-1708\">Die A2 wurde in Fahrtrichtung Berlin vollst\u00e4ndig gesperrt. Hinter der Sperrung bildete sich ein langer <a href=\"https:\/\/www.bz-berlin.de\/thema\/stau\" rel=\"noopener nofollow\" class=\"text-link\" target=\"_blank\">R\u00fcckstau<\/a>.  Die besch\u00e4digte Betondecke soll nun kurzfristig durch Asphalt ersetzt werden. \u201eAufgrund der aktuellen Witterungsverh\u00e4ltnisse und der damit verbundenen Ausk\u00fchlzeiten des Asphalts gehen wir zum aktuellen Zeitpunkt von einer Wiederfreigabe des Streckenabschnitts bis zum sp\u00e4ten Nachmittag am Sonntag, den 28. Juni, aus\u201c, teilte die Autobahn GmbH mit.<\/p>\n<p>A2 an mehreren Stellen aufgerissen<\/p>\n<p data-780e759e=\"1734-2588\">Die A2 geh\u00f6rt zu den wichtigsten Verkehrsachsen in Richtung <a href=\"https:\/\/www.bz-berlin.de\/berlin\" rel=\"noopener nofollow\" class=\"text-link\" target=\"_blank\">Berlin<\/a>. Sie verbindet unter anderem Hannover, Magdeburg und <a href=\"https:\/\/www.bz-berlin.de\/brandenburg\" rel=\"noopener nofollow\" class=\"text-link\" target=\"_blank\">Brandenburg<\/a> mit der Hauptstadt. Die vollst\u00e4ndige Sperrung trifft deshalb nicht nur den regionalen Verkehr, sondern auch zahlreiche Fernreisende und Lastwagenfahrer gleich mehrfach. Denn auch an anderen Stellen ist die A2 durch die <a href=\"https:\/\/www.bz-berlin.de\/thema\/hitze\" rel=\"noopener nofollow\" class=\"text-link\" target=\"_blank\">Hitze<\/a> aufgerissen. Auch in Richtung <a href=\"https:\/\/www.bz-berlin.de\/thema\/hannover\" rel=\"noopener nofollow\" class=\"text-link\" target=\"_blank\">Hannover<\/a> geht kurz vor Magdeburg nichts mehr. Die Reparatur der Hitzesch\u00e4den bei Burg gehe aber laut Autobahn GmbH gut voran. Die Strecke k\u00f6nne wohl am Samstag schon wieder ge\u00f6ffnet werden.<\/p>\n<p><img decoding=\"async\" width=\"992\" height=\"558\" alt=\"Auch in Richtung Hannover, kurz vor Magdeburg, riss der Asphalt auf der A2 auf\" loading=\"lazy\" src=\"https:\/\/www.europesays.com\/de\/wp-content\/uploads\/2026\/06\/6d66854a9f6567e71534119653eb4b3c,4a0f2dcd.jpeg\"   class=\"landscape\"\/><\/p>\n<p class=\"fig__caption__text\">Auch in Richtung Hannover, kurz vor Magdeburg, riss der Beton auf der A2 auf<\/p>\n<p>Foto: Klaus-Dietmar Gabbert\/dpa<\/p>\n<p data-780e759e=\"1734-2588\">Ebenfalls wegen Hitzesch\u00e4den wurde laut <a href=\"https:\/\/www.bz-berlin.de\/polizei\" rel=\"noopener nofollow\" class=\"text-link\" target=\"_blank\">Polizei<\/a> zudem auf der A10 die linke Fahrspur zwischen Berlin-Marzahn und Hellersdorf in Fahrtrichtung Frankfurt (Oder) gesperrt.<\/p>\n<p><b>Warum Stra\u00dfen bei Hitze pl\u00f6tzlich aufbrechen<\/b><\/p>\n<p>Die Ursache liegt nach Angaben der Autobahn GmbH im Material selbst. Beton dehne sich bei W\u00e4rme aus. Normalerweise werde das bei der Bauweise ber\u00fccksichtigt. Auf \u00e4lteren Fahrbahnen k\u00f6nne es jedoch passieren, dass sich der Beton nicht ausreichend in L\u00e4ngsrichtung ausdehnen k\u00f6nne. Dann baue sich Spannung auf. \u201eIrgendwo muss die Spannung hin \u2013 und die entl\u00e4dt sich dann nach oben\u201c, erkl\u00e4rte eine Sprecherin. Die Folge: Die Fahrbahn w\u00f6lbt sich auf oder bricht auf. Fachleute sprechen von sogenannten Blow-ups. Solche Sch\u00e4den treten vor allem auf \u00e4lteren Betonfahrbahnen auf, die stark beansprucht wurden oder bereits mehrfach repariert werden mussten. Neugebaute Betonfahrbahnen nach heutigem Stand der Technik seien davon nicht betroffen.<\/p>\n","protected":false},"excerpt":{"rendered":"TTS-Player \u00fcberspringen\u21b5Artikel weiterlesen Wollin (Brandenburg) \u2013 Die extreme Hitze l\u00e4sst die A2 zwischen Ziesar und Wollin in Richtung&hellip;\n","protected":false},"author":2,"featured_media":1123154,"comment_status":"","ping_status":"","sticky":false,"template":"","format":"standard","meta":{"footnotes":"","_share_on_mastodon":"0"},"categories":[1825],"tags":[5543,11885,21458,296,29,30,18113,237026,159579,5716,138370],"class_list":["post-1123153","post","type-post","status-publish","format-standard","has-post-thumbnail","category-berlin","tag-autobahn","tag-autobahn-a-2","tag-autobahnen","tag-berlin","tag-deutschland","tag-germany","tag-hitzewelle","tag-hitzewelle-in-berlin","tag-potsdam-mittelmark","tag-stau","tag-team-first"],"share_on_mastodon":{"url":"https:\/\/pubeurope.com\/@de\/116816324756376508","error":""},"_links":{"self":[{"href":"https:\/\/www.europesays.com\/de\/wp-json\/wp\/v2\/posts\/1123153","targetHints":{"allow":["GET"]}}],"collection":[{"href":"https:\/\/www.europesays.com\/de\/wp-json\/wp\/v2\/posts"}],"about":[{"href":"https:\/\/www.europesays.com\/de\/wp-json\/wp\/v2\/types\/post"}],"author":[{"embeddable":true,"href":"https:\/\/www.europesays.com\/de\/wp-json\/wp\/v2\/users\/2"}],"replies":[{"embeddable":true,"href":"https:\/\/www.europesays.com\/de\/wp-json\/wp\/v2\/comments?post=1123153"}],"version-history":[{"count":0,"href":"https:\/\/www.europesays.com\/de\/wp-json\/wp\/v2\/posts\/1123153\/revisions"}],"wp:featuredmedia":[{"embeddable":true,"href":"https:\/\/www.europesays.com\/de\/wp-json\/wp\/v2\/media\/1123154"}],"wp:attachment":[{"href":"https:\/\/www.europesays.com\/de\/wp-json\/wp\/v2\/media?parent=1123153"}],"wp:term":[{"taxonomy":"category","embeddable":true,"href":"https:\/\/www.europesays.com\/de\/wp-json\/wp\/v2\/categories?post=1123153"},{"taxonomy":"post_tag","embeddable":true,"href":"https:\/\/www.europesays.com\/de\/wp-json\/wp\/v2\/tags?post=1123153"}],"curies":[{"name":"wp","href":"https:\/\/api.w.org\/{rel}","templated":true}]}}